{"id":107756,"date":"2019-04-30T10:04:37","date_gmt":"2019-04-30T14:04:37","guid":{"rendered":"http:\/\/www.bibula.com\/?p=107756"},"modified":"2019-04-30T10:19:51","modified_gmt":"2019-04-30T14:19:51","slug":"dr-a-zapalowski-prof-osadczy-jest-atakowany-za-wskazywanie-bledow-w-polskiej-polityce-wschodniej","status":"publish","type":"post","link":"https:\/\/www.bibula.com\/?p=107756","title":{"rendered":"Dr A. Zapa\u0142owski: Prof. Osadczy jest atakowany za wskazywanie b\u0142\u0119d\u00f3w w polskiej polityce wschodniej"},"content":{"rendered":"<p><strong>G\u0142\u00f3wnym elementem ataku na prof. W\u0142odzimierza Osadczego jest wskazywanie przez niego b\u0142\u0119d\u00f3w w prowadzeniu polskiej polityki na Wschodzie &#8211; powiedzia\u0142 dr Andrzej Zapa\u0142owski, historyk, w rozmowie z portalem Radia Maryja. <\/strong><\/p>\r\n<p>W ostatnich dniach zintensyfikowa\u0142 si\u0119 atak na prof. W\u0142odzimierza Osadczego, dyrektora O\u015brodka Bada\u0144 Wschodnioeuropejskich Centrum Ucrainicum KUL, ze strony medi\u00f3w, w tym tych mieni\u0105cych si\u0119 prawicowymi. Pod adresem Profesora kierowane s\u0105 dwa zarzuty: rzekome powi\u0105zania z szefow\u0105 Fundacji Otwarty Dialog Ludmi\u0142\u0105 Kozlovsk\u0105 oraz s\u0142u\u017cba w Armii Radzieckiej.<\/p>\r\n<p style=\"padding-left: 30px;\"><em>\u201eZupe\u0142nie nie jest prawd\u0105, \u017ce by\u0142em promotorem pani Koz\u0142owskiej. (\u2026) Jestem promotorem kilku prac doktorskich na Katolickim Uniwersytecie Lubelskim, natomiast pani Koz\u0142owska nie zako\u0144czy\u0142a studi\u00f3w na KUL, poniewa\u017c jej pr\u00f3by na socjologii nie powiod\u0142y si\u0119\u201d<\/em> &#8211; m\u00f3wi\u0142 profesor w poniedzia\u0142kowym wywiadzie dla portalu Radia Maryja. <a href=\"http:\/\/www.radiomaryja.pl\/informacje\/nasz-wywiad-prof-w-osadczy-jestem-promotorem-kilku-prac-doktoranckich-na-kul-natomiast-pani-kozlowska-nie-zakonczyla-studiow-na-tej-uczelni\/\">[czytaj wi\u0119cej]<\/a><a href=\"http:\/\/www.radiomaryja.pl\/informacje\/nasz-wywiad-prof-w-osadczy-jestem-promotorem-kilku-prac-doktoranckich-na-kul-natomiast-pani-kozlowska-nie-zakonczyla-studiow-na-tej-uczelni\/\">&nbsp;<\/a><\/p>\r\n<p>Dr Andrzej Zapa\u0142owski, historyk, wskaza\u0142 powody nagonki na dyrektora O\u015brodka Bada\u0144 Wschodnioeuropejskich Centrum Ucrainicum KUL.<\/p>\r\n<p style=\"padding-left: 30px;\"><em>&#8211; Je\u015bli chodzi o sugerowanie wsp\u00f3\u0142pracy z szefow\u0105 Fundacji Otwarty Dialog, to tutaj jest g\u0142\u0119bokie niedouczenie ze strony os\u00f3b atakuj\u0105cych. Co innego by\u0107 promotorem (promotor to osoba, kt\u00f3r\u0105 rada wydzia\u0142u uczelni wyznacza na prowadzenie jakiego\u015b doktoranta; prof. Osadczy nigdy nie by\u0142 promotorem), a czym innym jest prowadzenie seminarium, gdzie w\u0142adze uczelni dziel\u0105 student\u00f3w na grupy. Tak jak komu\u015b wyznacza si\u0119 zaj\u0119cia, tak samo wyznacza si\u0119 dan\u0105 grup\u0119 student\u00f3w. Ja mia\u0142em w \u017cyciu kilkuset seminarzyst\u00f3w i w du\u017cym stopniu nie mia\u0142em wp\u0142ywu na to, kogo dostan\u0119 od dziekana czy dyrektora instytutu na moje seminarium. Podnoszenie tego jako zarzut jest absurdalne (\u2026). \u015arodowiska, kt\u00f3re widz\u0105 zupe\u0142nie inn\u0105 polityk\u0119 Polski ni\u017c prof. Osadczy na kierunku wschodnim, szukaj\u0105 wszelkich powod\u00f3w, cz\u0119sto jak najbardziej irracjonalnych, \u017ceby zaatakowa\u0107 ka\u017cd\u0105 osob\u0119, kt\u00f3rej mo\u017cna dolepi\u0107 jakie\u015b insynuacje. Poniewa\u017c prof. Osadczy startuje z list Konfederacji, sta\u0142 si\u0119 obiektem takiej nagonki<\/em><strong> &#8211; <\/strong>zaznaczy\u0142 rozm\u00f3wca portalu Radia Maryja.<\/p>\r\n<p>Dr Andrzej Zapa\u0142owski odni\u00f3s\u0142 si\u0119 r\u00f3wnie\u017c do kwestii s\u0142u\u017cby prof. Osadczego w Armii Radzieckiej.<\/p>\r\n<p style=\"padding-left: 30px;\"><em>&#8211; Nikt z atakuj\u0105cych nie uruchomi\u0142 w\u0142asnego my\u015blenia, gdy\u017c jak mo\u017cna by\u0142o nie s\u0142u\u017cy\u0107 w Armii Radzieckiej mieszkaj\u0105c na Kresach, kt\u00f3re zosta\u0142y zabrane Polsce? Poruszenie takiego tematu jest skandaliczne dla ka\u017cdego obywatela pa\u0144stwa polskiego, kt\u00f3ry czuje, \u017ce skradziono nam te ziemie i zostawiono tam du\u017c\u0105 cz\u0119\u015b\u0107 narodu polskiego. Zamiast wsp\u00f3\u0142czu\u0107, to oskar\u017ca si\u0119 kogo\u015b. A c\u00f3\u017c prof. Osadczy czy ka\u017cdy inny Polak, kt\u00f3ry pozosta\u0142 na Kresach Wschodnich m\u00f3g\u0142 zrobi\u0107? Czy w Polsce ksi\u0119\u017ca mogli nie i\u015b\u0107 do wojska za PRL? Przecie\u017c przyt\u0142aczaj\u0105ca wi\u0119kszo\u015b\u0107 ksi\u0119\u017cy i polskich biskup\u00f3w za PRL s\u0142u\u017cy\u0142a w Ludowym Wojsku Polskim. Prof. Osadczy, jak ka\u017cdy mieszkaniec by\u0142ego Zwi\u0105zku Radzieckiego, musia\u0142 s\u0142u\u017cy\u0107 w Armii Radzieckiej<\/em><strong> &#8211; <\/strong>t\u0142umaczy\u0142.<\/p>\r\n<p>Historyk podkre\u015bli\u0142, \u017ce osoby atakuj\u0105ce dzi\u015b prof. W\u0142odzimierza Osadczego robi\u0105 to ze wzgl\u0119du na jego my\u015bl dotycz\u0105c\u0105 polskiej polityki wschodniej.<\/p>\r\n<p style=\"padding-left: 30px;\"><em>&#8211; Media, kt\u00f3re obecnie atakuj\u0105, je\u015bli chodzi o kierunek polskiej polityki wschodniej, o dystans do wspierania takiej Ukrainy, jaka jest, maj\u0105 takie samo zdanie, jak media, kt\u00f3re s\u0105 zwi\u0105zane z totaln\u0105 opozycj\u0105. Problem polega na tym, \u017ce wskutek tego, co sta\u0142o si\u0119 na Ukrainie, gdzie mo\u017ce okaza\u0107 si\u0119, \u017ce w du\u017cym stopniu dojdzie do kl\u0119ski polskiej polityki wschodniej ostatnich dw\u00f3ch dekad, prof. Osadczy jest jednym z tych, kt\u00f3rzy mieli racj\u0119. Te \u015brodowiska bardzo si\u0119 myli\u0142y, prof. Osadczy o tym m\u00f3wi\u0142 i teraz pr\u00f3buj\u0105 go stygmatyzowa\u0107 absurdalnymi zarzutami, kt\u00f3re nie maj\u0105 racjonalnego uzasadnienia. Tak naprawd\u0119 nie atakuj\u0105 prof. Osadczego, tylko my\u015bl, kierunek dzia\u0142ania, wskazywania b\u0142\u0119d\u00f3w w polskiej polityce wschodniej. To jest g\u0142\u00f3wny element tego ataku (\u2026). Po pierwsze, wykorzystano kwestie zwi\u0105zan\u0105 z tym, \u017ce prof. Osadczy mia\u0142 racje w odniesieniu do polskiej polityki wschodniej, a po drugie, \u017ce kandyduje do Parlamentu Europejskiego z list ugrupowania, kt\u00f3re jest konkurencyjne wobec g\u0142\u00f3wnych dotychczasowych nurt\u00f3w politycznych<\/em><strong> &#8211; <\/strong>m\u00f3wi\u0142 dr Andrzej Zapa\u0142owski.<\/p>\r\n<p><strong><em>Monika Bilska<\/em>\/RIRM<\/strong><\/p>\r\n<p class=\"zrodlo\">Za: <a href=\"http:\/\/www.radiomaryja.pl\/informacje\/tylko-u-nas-dr-a-zapalowski-prof-osadczy-jest-atakowany-za-wskazywanie-bledow-w-polskiej-polityce-wschodniej\/\">Radio Maryja (29 kwietnia 2019)<\/a> |&nbsp; &#8211; [Org. tytu\u0142: \u00abTYLKO U NAS] Dr A. Zapa\u0142owski: Prof. Osadczy jest atakowany za wskazywanie b\u0142\u0119d\u00f3w w polskiej polityce wschodniej\u00bb]<\/p>\r\n<h4>&nbsp;<\/h4>\r\n<hr style=\"background-color: #000000; border-width: 0; color: #000000; height: 2px; line-height: 0; text-align: center; width: 100%;\">\r\n<h4>&nbsp;<\/h4>\r\n<h2>Pose\u0142 Robert Winnicki i prof. W\u0142odzimierz Osadczy: Kto naprawd\u0119 promowa\u0142 Ludmi\u0142\u0119 Koz\u0142owsk\u0105?<\/h2>\r\n<p>&#8211; <em>Od kilku dni jestem obiektem oszczerstw i szczucia ze strony prasy gadzinowej obs\u0142uguj\u0105cej ob\u00f3z w\u0142adzy. Sytuacja do niczego niepodobna i nieprawdopodobna. Otrzymuj\u0119 bez przerwy telefony i informacje od profesor\u00f3w i znajomych, \u017ce nie s\u0105dzili, \u017ce takie co\u015b jest mo\u017cliwe w pa\u0144stwie polskim, pa\u0144stwie demokratycznym po latach, kiedy wydawa\u0142oby si\u0119, \u017ce dyktatura Urbana, komunistyczna ust\u0105pi\u0142a<\/em> &#8211; powiedzia\u0142 prof. W\u0142odzimierz Osadczy na konferencji Konfederacji.<\/p>\r\n<p>https:\/\/www.facebook.com\/jkm.wolnosc\/videos\/2295814087411941\/<\/p>\r\n<p class=\"zrodlo\">Za: <a href=\"https:\/\/konserwatyzm.pl\/posel-robert-winnicki-i-prof-wlodzimierz-osadczy-kto-naprawde-promowal-ludmile-kozlowska\/\">konserwatyzm.pl (29 kwietnia 2019)<\/a><\/p>\r\n<h4>&nbsp;<\/h4>\r\n<hr style=\"background-color: #000000; border-width: 0; color: #000000; height: 2px; line-height: 0; text-align: center; width: 100%;\">\r\n<h4>&nbsp;<\/h4>","protected":false},"excerpt":{"rendered":"G\u0142\u00f3wnym elementem ataku na prof. W\u0142odzimierza Osadczego jest wskazywanie przez niego b\u0142\u0119d\u00f3w w prowadzeniu polskiej polityki na Wschodzie &#8211; powiedzia\u0142 dr Andrzej Zapa\u0142owski, historyk, w rozmowie z portalem Radia Maryja. W ostatnich dniach zintensyfikowa\u0142 si\u0119 atak na prof. W\u0142odzimierza Osadczego, dyrektora O\u015brodka Bada\u0144 Wschodnioeuropejskich Centrum Ucrainicum KUL, ze strony medi\u00f3w, w tym tych mieni\u0105cych si\u0119 [&hellip;]","protected":false},"author":1,"featured_media":0,"comment_status":"closed","ping_status":"closed","sticky":false,"template":"","format":"standard","meta":{"_acf_changed":false,"_monsterinsights_skip_tracking":false,"_monsterinsights_sitenote_active":false,"_monsterinsights_sitenote_note":"","_monsterinsights_sitenote_category":0,"ngg_post_thumbnail":0,"footnotes":"","_wp_rev_ctl_limit":""},"categories":[8],"tags":[98,188],"acf":[],"_links":{"self":[{"href":"https:\/\/www.bibula.com\/index.php?rest_route=\/wp\/v2\/posts\/107756"}],"collection":[{"href":"https:\/\/www.bibula.com\/index.php?rest_route=\/wp\/v2\/posts"}],"about":[{"href":"https:\/\/www.bibula.com\/index.php?rest_route=\/wp\/v2\/types\/post"}],"author":[{"embeddable":true,"href":"https:\/\/www.bibula.com\/index.php?rest_route=\/wp\/v2\/users\/1"}],"replies":[{"embeddable":true,"href":"https:\/\/www.bibula.com\/index.php?rest_route=%2Fwp%2Fv2%2Fcomments&post=107756"}],"version-history":[{"count":0,"href":"https:\/\/www.bibula.com\/index.php?rest_route=\/wp\/v2\/posts\/107756\/revisions"}],"wp:attachment":[{"href":"https:\/\/www.bibula.com\/index.php?rest_route=%2Fwp%2Fv2%2Fmedia&parent=107756"}],"wp:term":[{"taxonomy":"category","embeddable":true,"href":"https:\/\/www.bibula.com\/index.php?rest_route=%2Fwp%2Fv2%2Fcategories&post=107756"},{"taxonomy":"post_tag","embeddable":true,"href":"https:\/\/www.bibula.com\/index.php?rest_route=%2Fwp%2Fv2%2Ftags&post=107756"}],"curies":[{"name":"wp","href":"https:\/\/api.w.org\/{rel}","templated":true}]}}