{"id":1077,"date":"2007-06-23T00:00:00","date_gmt":"2007-06-23T00:00:00","guid":{"rendered":""},"modified":"2017-06-23T11:20:35","modified_gmt":"2017-06-23T15:20:35","slug":"komunizm-a-ydowska-tosamo-etniczna-w-polsce-kevin-macdonald","status":"publish","type":"post","link":"https:\/\/www.bibula.com\/?p=1077","title":{"rendered":"Komunizm a \u017cydowska to\u017csamo\u015b\u0107 etniczna w Polsce &#8211; <em>Kevin MacDonald<\/em>"},"content":{"rendered":"<p>Z przykro\u015bci\u0105 informujemy, \u017ce tekst&nbsp; &#8222;Komunizm a \u017cydowska to\u017csamo\u015b\u0107 etniczna w Polsce&#8221;, autorstwa prof. Kevina MacDonalda, w t\u0142umaczeniu Tadeusza Korzeniewskiego, zamieszczony pierwotnie na <span style=\"text-decoration: underline;\"><a href=\"http:\/\/tadeuszkorzeniewski.salon24.pl\/103468,komunizm-a-zydowska-tozsamosc-etniczna-w-polsce\" target=\"_blank\" rel=\"noopener\">blogu Tadeusza Korzeniewskiego<\/a><\/span>, zmuszeni byli\u015bmy usun\u0105\u0107 na pro\u015bb\u0119\/\u017c\u0105danie t\u0142umacza. &#8211;<em> Redakcja BIBU\u0141Y<\/em><\/p>\r\n<hr>\r\n<p>Przychylaj\u0105c si\u0119 do \u017c\u0105da\u0144 T\u0142umacza o usuni\u0119cie w\/w tekstu z naszego portalu, kt\u00f3re spe\u0142nili\u015bmy, informujemy PT Czytelnik\u00f3w, \u017ce tekst jest dalej swobodnie dost\u0119pny w zasobach Internetu &#8211; m.in. <span style=\"text-decoration: underline;\"><strong><a href=\"http:\/\/www.eioba.pl\/a\/2653\/kevin-macdonald-komunizm-a-zydowska-tozsamosc-etniczna-w-polsce#ixzz2Gz8FQYlE\">tutaj<\/a><\/strong><\/span> lub <a href=\"http:\/\/www.fronda.pl\/blogi\/ciekawostki-o-zydach\/kevin-macdonald-komunizm-a-zydowska-tozsamosc-etniczna-w-polsce,31817.html\"><span style=\"text-decoration: underline;\"><strong>tutaj<\/strong><\/span><\/a><\/p>\r\n<p>&nbsp;<\/p>","protected":false},"excerpt":{"rendered":"Z przykro\u015bci\u0105 informujemy, \u017ce tekst&nbsp; &#8222;Komunizm a \u017cydowska to\u017csamo\u015b\u0107 etniczna w Polsce&#8221;, autorstwa prof. Kevina MacDonalda, w t\u0142umaczeniu Tadeusza Korzeniewskiego, zamieszczony pierwotnie na blogu Tadeusza Korzeniewskiego, zmuszeni byli\u015bmy usun\u0105\u0107 na pro\u015bb\u0119\/\u017c\u0105danie t\u0142umacza. &#8211; Redakcja BIBU\u0141Y Przychylaj\u0105c si\u0119 do \u017c\u0105da\u0144 T\u0142umacza o usuni\u0119cie w\/w tekstu z naszego portalu, kt\u00f3re spe\u0142nili\u015bmy, informujemy PT Czytelnik\u00f3w, \u017ce tekst jest [&hellip;]","protected":false},"author":1,"featured_media":0,"comment_status":"closed","ping_status":"open","sticky":false,"template":"","format":"standard","meta":{"_acf_changed":false,"_monsterinsights_skip_tracking":false,"_monsterinsights_sitenote_active":false,"_monsterinsights_sitenote_note":"","_monsterinsights_sitenote_category":0,"ngg_post_thumbnail":0,"footnotes":"","_wp_rev_ctl_limit":""},"categories":[9],"tags":[66,18],"acf":[],"_links":{"self":[{"href":"https:\/\/www.bibula.com\/index.php?rest_route=\/wp\/v2\/posts\/1077"}],"collection":[{"href":"https:\/\/www.bibula.com\/index.php?rest_route=\/wp\/v2\/posts"}],"about":[{"href":"https:\/\/www.bibula.com\/index.php?rest_route=\/wp\/v2\/types\/post"}],"author":[{"embeddable":true,"href":"https:\/\/www.bibula.com\/index.php?rest_route=\/wp\/v2\/users\/1"}],"replies":[{"embeddable":true,"href":"https:\/\/www.bibula.com\/index.php?rest_route=%2Fwp%2Fv2%2Fcomments&post=1077"}],"version-history":[{"count":0,"href":"https:\/\/www.bibula.com\/index.php?rest_route=\/wp\/v2\/posts\/1077\/revisions"}],"wp:attachment":[{"href":"https:\/\/www.bibula.com\/index.php?rest_route=%2Fwp%2Fv2%2Fmedia&parent=1077"}],"wp:term":[{"taxonomy":"category","embeddable":true,"href":"https:\/\/www.bibula.com\/index.php?rest_route=%2Fwp%2Fv2%2Fcategories&post=1077"},{"taxonomy":"post_tag","embeddable":true,"href":"https:\/\/www.bibula.com\/index.php?rest_route=%2Fwp%2Fv2%2Ftags&post=1077"}],"curies":[{"name":"wp","href":"https:\/\/api.w.org\/{rel}","templated":true}]}}