{"id":107695,"date":"2019-04-26T10:12:28","date_gmt":"2019-04-26T14:12:28","guid":{"rendered":"http:\/\/www.bibula.com\/?p=107695"},"modified":"2019-04-29T11:04:52","modified_gmt":"2019-04-29T15:04:52","slug":"pieniadze-i-technika-nie-wystarcza-do-odbudowy-katedry-potrzeba-wiary","status":"publish","type":"post","link":"https:\/\/www.bibula.com\/?p=107695","title":{"rendered":"Pieni\u0105dze i technika nie wystarcz\u0105 \u2013 do odbudowy katedry potrzeba Wiary"},"content":{"rendered":"<p><strong>Konserwatywny autor John Horvat II podkre\u015bla, \u017ce pieni\u0105dze i mo\u017cliwo\u015bci techniczne to za ma\u0142o, by odbudowa\u0107 katedr\u0119 Notre-Dame. Dzi\u0119ki tym \u015brodkom mo\u017cna bowiem jedynie odnowi\u0107 jej materi\u0119. Katedra to jednak r\u00f3wnie\u017c swego rodzaju \u201edusza\u201d.<\/strong><\/p>\r\n<p>Publicysta podkre\u015bla, \u017ce w celu odbudowy zebrano ju\u017c ponad miliard dolar\u00f3w, a prezydent Francji zapowiedzia\u0142 odbudow\u0119 w ci\u0105gu 5 lat. Wydawa\u0107 by si\u0119 mog\u0142o, \u017ce wszystko jest ju\u017c gotowe. Tymczasem istnieje podstawowy problem: brak wiary. W efekcie odbudowana katedra mo\u017ce by\u0107 pozbawiona duszy.<\/p>\r\n<p>Tymczasem brakuj\u0105cego dzi\u015b ducha wiary z pewno\u015bci\u0105 posiadali ludzie \u015bredniowiecza odbudowuj\u0105cy katedr\u0119 w Chartes po po\u017carze. Wed\u0142ug historii przedstawionej w ksi\u0105\u017cce \u201eKatedra\u201d pi\u00f3ra XIX wiecznego pisarza J. K. Huysmansa (1848-1907) przy jej odbudowie dochodzi\u0142o do licznych cudownych wydarze\u0144. Pracownicy pochodz\u0105cy z najr\u00f3\u017cniejszych klas spo\u0142ecznych kierowani przez mnich\u00f3w-in\u017cynier\u00f3w wykonywali swe zadania w niespotykanej harmonii. Ka\u017cdy mia\u0142 przypisane zadanie: jedni pracowali umys\u0142em, inni r\u0119koma, inni zapewniali jedzenie, jeszcze inni (chorzy) wypraszali pomocy Bo\u017cej. Dla budowniczych ich praca stanowi\u0142a zaszczyt, a jednocze\u015bnie rodzaj pokuty. Ze wsp\u00f3lnoty budowniczych wypraszano jednak osoby stroni\u0105ce od sakrament\u00f3w, czy przywi\u0105zanych do grzechu.<\/p>\r\n<p>Niezwyk\u0142a pobo\u017cno\u015b\u0107 tych ludzi zaskarbi\u0142a im niebia\u0144skiej pomocy. Jak pisze John Horvat II, Matka Bo\u017ca rozmna\u017ca\u0142a im chleb, zapewnia\u0142a wyj\u0105tkowe wino, leczy\u0142a rannych i pomaga\u0142a odnale\u017a\u0107 drog\u0119 zb\u0142\u0105kanym w lesie. W wydarzenia te trudno uwierzy\u0107 nam wsp\u00f3\u0142czesnym. Jednak opisuj\u0105 je kroniki francuskie, watyka\u0144skie i prowadzone przez zakon benedyktyn\u00f3w.<\/p>\r\n<p>Jak podkre\u015bla John Horvat II, niezb\u0119dna jest odbudowa Francji. Niezb\u0119dny jest powr\u00f3t Matki Bo\u017cej do Jej w\u0142asno\u015bci, jak\u0105 stanowi katedra. Zaiste, najbardziej odbudowy potrzebuje nie budowla, lecz wiara. We Francji, ale tak\u017ce ca\u0142ej Europie &#8211; w tym Polsce.<\/p>\r\n<p>\u0179r\u00f3d\u0142o: returntoorder.com<\/p>\r\n<p>mjend<\/p>\r\n<p class=\"zrodlo\">Za: <a href=\"https:\/\/www.pch24.pl\/pieniadze-i-technika-nie-wystarcza---do-odbudowy-katedry-potrzeba-wiary--opinia-,67801,i.html\">PoloniaChristiana &#8211; pch24.pl (2019-04-26)<\/a> &#8211; [Org. tytu\u0142: \u00abPieni\u0105dze i technika nie wystarcz\u0105 &#8211; do odbudowy katedry potrzeba Wiary [OPINIA]\u00bb]<\/p>\r\n<h4>&nbsp;<\/h4>\r\n<hr style=\"background-color: #000000; border-width: 0; color: #000000; height: 2px; line-height: 0; text-align: center; width: 100%;\">\r\n<h4>&nbsp;<\/h4>\r\n<h2>Historyk sztuki proponuje przebudow\u0119 katedry Notre-Dame. Zamiast iglicy\u2026minaret<\/h2>\r\n<p><strong>To nie \u017carty. Historyk sztuki Tom Wilkinson na \u0142amach magazynu \u201eDomus\u201d przekonuje, \u017ce doskona\u0142ym rozwi\u0105zaniem b\u0119dzie wybudowanie w miejscu zniszczonej po\u017carem iglicy katedry Notre-Dame \u201epe\u0142nego wdzi\u0119ku minaretu\u201d.<\/strong><\/p>\r\n<p>Zdaniem brytyjskiego historyka, budowa minaretu by\u0142aby doskona\u0142ym upami\u0119tnieniem ok. 100 Algierczyk\u00f3w zabitych podczas ulicznych protest\u00f3w w Pary\u017cu w 1961 roku. <em>&#8211; Co z oko\u0142o 100 Algierczykami, kt\u00f3rzy zostali zabici przez francusk\u0105 policj\u0119 w trakcie protestu przeciwko wojnie algierskiej w 1961 roku? Wielu z nich wrzucono do Sekwany u st\u00f3p Notre Dame. Te ofiary pa\u0144stwa mog\u0142yby zosta\u0107 upami\u0119tnione przez zast\u0105pienie iglicy Viollet-le-Duc\u2019a &#8211; dlaczego nie? &#8211; pe\u0142nym wdzi\u0119ku minaretem<\/em> &#8211; przekonuje Wilkinson.<\/p>\r\n<p>Dla autora propozycji, budowa minaretu wpisywa\u0142aby si\u0119 w szerszy plan ukazania pi\u0119kna \u201epolitycznej prawdy\u201d, kt\u00f3rej \u015bwi\u0105tyni\u0105 mog\u0142aby sta\u0107 si\u0119 przebudowana katedra. &#8211; <em>Jeszcze pi\u0119kniejsza przebudowa, w tym kontek\u015bcie mo\u017ce oznacza\u0107 przekszta\u0142cenie Notre-Dame w miejsce pami\u0119ci pokole\u0144 wie\u015bniak\u00f3w, kt\u00f3rzy zostali wykorzystani do jej budowy, czy heretyk\u00f3w zamordowanych przez ich pracodawc\u0119. Skoro barbarzy\u0144stwo jakiego dowodem jest ten budynek nas nie rusza, c\u00f3\u017c stoi na przeszkodzie zbudowania monumentu b\u0119d\u0105cego \u015bwiadectwem bardziej aktualnej prawdy politycznej?<\/em> &#8211; wyja\u015bnia.<\/p>\r\n<p>Wilkinson proponuje tak\u017ce odbudow\u0119 katedry w my\u015bl jakobi\u0144skich idea\u0142\u00f3w z czas\u00f3w Rewolucji Francuskiej. &#8211; <em>Dla nich pi\u0119kno prawdy, jakim by\u0142o objawienie rozumu przewy\u017csza\u0142o objawienie boskie zakl\u0119te w kamieniu<\/em> &#8211; przekonuje. W 1793 roku katedra zosta\u0142a zamieniona w \u015awi\u0105tyni\u0119 Rozumu ku czci Najwy\u017cszej Istoty. Budynek zosta\u0142 spl\u0105drowany i zbezczeszczony; figury 28 biblijnych kr\u00f3l\u00f3w zosta\u0142y pozbawione g\u0142\u00f3w. Pocz\u0105tkowo jakobini planowali ca\u0142kowite wyburzenie katedry, z braku technicznych mo\u017cliwo\u015bci ograniczyli si\u0119 do cz\u0119\u015bciowych zniszcze\u0144 oraz przekszta\u0142cenia budynku w magazyn.<\/p>\r\n<p>\u0179r\u00f3d\u0142o: wpolityce.pl \/ domusweb.it<\/p>\r\n<p>PR &nbsp;&nbsp;&nbsp;&nbsp;&nbsp;&nbsp;&nbsp;&nbsp;&nbsp;<em>&nbsp;&nbsp;&nbsp;&nbsp;&nbsp;&nbsp;&nbsp;<\/em><\/p>\r\n<p class=\"zrodlo\">Za: <a href=\"https:\/\/www.pch24.pl\/historyk-sztuki--proponuje-przebudowe-katedry-notre-dame--zamiast-iglicyminaret,67769,i.html\">PoloniaChristiana &#8211; pch24.pl (2019-04-24)<\/a><\/p>\r\n<h4>&nbsp;<\/h4>\r\n<hr style=\"background-color: #000000; border-width: 0; color: #000000; height: 2px; line-height: 0; text-align: center; width: 100%;\">\r\n<h4>&nbsp;<\/h4>\r\n<h2>Eksperci przeciwni \u201eunowocze\u015bnianiu\u201d Notre Dame. \u201eKatedra musi by\u0107 transcendentna\u201d<\/h2>\r\n<p><strong>We Francji trwa debata publiczna na temat odbudowy katedry Notre Dame w Pary\u017cu, kt\u00f3r\u0105 przesz\u0142o tydzie\u0144 temu strawi\u0142 po\u017car. Pojawiaj\u0105 si\u0119 g\u0142osy o mo\u017cliwo\u015bci przebudowy katedry i jej \u201eunowocze\u015bnieniu\u201d. Takiemu rozwi\u0105zaniu sprzeciwiaj\u0105 si\u0119 historycy sztuki, kt\u00f3rzy podkre\u015blaj\u0105, \u017ce katedra powinna pozosta\u0107 transcendentna.<\/strong><\/p>\r\n<p>Prezydent Emmanuel Macron zapowiedzia\u0142, \u017ce katedra Notre Dame w Pary\u017cu, kt\u00f3ra cz\u0119\u015bciowo sp\u0142on\u0119\u0142a w po\u0142owie kwietnia, zostanie odbudowana w ci\u0105gu zaledwie 5 lat. Deklaracja prezydenta sprawi\u0142a, \u017ce dyskusja na temat rekonstrukcji \u015bwi\u0105tyni przybra\u0142a na sile. W debacie publicznej pojawiaj\u0105 si\u0119 g\u0142osy o mo\u017cliwo\u015bci przekszta\u0142cenia katedry w \u201ecentrum dialogu\u201d lub muzeum. Pom\u00f3c w tym mia\u0142oby \u201eunowocze\u015bnienie\u201d budowli i zwie\u0144czenie jej modernistyczn\u0105 iglic\u0105 lub szklanym dachem. Nowoczesne propozycje spotykaj\u0105 si\u0119 jednak ze zdecydowanym sprzeciwem ekspert\u00f3w.<\/p>\r\n<p>Francuscy historycy sztuki, kt\u00f3rzy komentuj\u0105 spraw\u0119 odbudowy katedry Notre Dame podkre\u015blaj\u0105, \u017ce konieczne jest przywr\u00f3cenie jej dotychczasowego wygl\u0105du. Sprzeciwiaj\u0105 si\u0119 unowocze\u015bnianiu budowli podkre\u015blaj\u0105c dziedzictwo historyczne katedry. Prof. Mathieu Lours, jeden z g\u0142\u00f3wnych znawc\u00f3w gotyckich katedr we Francji podkre\u015bla, \u017ce w procesie renowacji \u015bwi\u0105tyni nale\u017cy wystrzega\u0107 si\u0119 wszelkich unowocze\u015bnie\u0144. Dodaje jednak, \u017ce warto korzysta\u0107 z nowoczesnych technik, kt\u00f3re pozwol\u0105 na odtworzenie dok\u0142adnego kszta\u0142tu katedry.<\/p>\r\n<p>\u201eNowoczesno\u015b\u0107 odbudowy mo\u017ce si\u0119 wyra\u017ca\u0107 w\u0142a\u015bnie w tym, \u017ce wykorzystamy nowoczesn\u0105 technik\u0119 do idealnego odtworzenia stanu sprzed po\u017caru. Mo\u017cna na przyk\u0142ad u\u017cy\u0107 metody rekonstrukcji tr\u00f3jwymiarowej. Tradycyjne rzemios\u0142o mo\u017cna wesprze\u0107 nowoczesn\u0105 technik\u0105. Ale tworzenie jakiej\u015b nowej formy katedry Notre Dame po odbudowie wydaje mi si\u0119 ma\u0142o uzasadnione. Katedra musi pozosta\u0107 transcendentna\u201d &#8211; podkre\u015bla ekspert.<\/p>\r\n<p>\u201eTrzeba za wszelk\u0105 cen\u0119 wystrzega\u0107 si\u0119 tworzenia czego\u015b, co b\u0119dzie tylko przypomina\u0107 stan poprzedni. Notre Dame to przede wszystkim katedra paryskiej diecezji, to przed wszystkim symbol to\u017csamo\u015bci chrze\u015bcija\u0144skiej. I nie mo\u017cna wymy\u015bla\u0107 czego\u015b nowego. Tym bardziej, \u017ce jest to niemo\u017cliwe. Katedry gotyckie maj\u0105 ogromn\u0105 moc absorbcji. Ja opowiadam si\u0119 za rekonstrukcj\u0105, jak najbli\u017csz\u0105 stanowi sprzed po\u017caru\u201d &#8211; doda\u0142 prof. Mathieu Lours w rozmowie z Radiem Watyka\u0144skim.<\/p>\r\n<p>Ekspert w dziedzinie historii sztuki zauwa\u017cy\u0142 r\u00f3wnie\u017c, \u017ce jedyn\u0105 niewiadom\u0105 mo\u017ce by\u0107 konstrukcja dachu, poniewa\u017c warto rozwa\u017cy\u0107 zast\u0105pienie drewnianych element\u00f3w cz\u0119\u015bciami metalowymi. \u201eTak zrobiono w Reims i Chartres. W Strasbourgu natomiast przy odbudowie zastosowano konstrukcj\u0119 drewnian\u0105. Je\u015bli wybierzemy drewno, b\u0119dzie wi\u0119ksze ryzyko po\u017caru. Ale z drugiej strony, nie da si\u0119 odbudowa\u0107 iglicy, je\u015bli nie b\u0119dzie mia\u0142a drewnianej konstrukcji\u201d &#8211; powiedzia\u0142.<\/p>\r\n<p>\u0179r\u00f3d\u0142o: KAI, Radio Watyka\u0144skie<\/p>\r\n<p>WMa<\/p>\r\n<p class=\"zrodlo\">Za: <a href=\"https:\/\/www.pch24.pl\/eksperci-przeciwni-unowoczesnianiu-notre-dame--katedra-musi-byc-transcendentna,67805,i.html\">PoloniaChristiana &#8211; pch24.pl (2019-04-25)<\/a><\/p>\r\n<h4>&nbsp;<\/h4>\r\n<hr style=\"background-color: #000000; border-width: 0; color: #000000; height: 2px; line-height: 0; text-align: center; width: 100%;\">\r\n<h4>&nbsp;<\/h4>\r\n<h2>Betonowe liany lub \u201ewsp\u00f3\u0142czesna\u201d strza\u0142a. Tak chc\u0105 zniekszta\u0142ci\u0107 katedr\u0119 Notre-Dame<\/h2>\r\n<p><strong>\u201eJournal du Dimanche\u201d poinformowa\u0142, \u017ce kilka firm architektonicznych rozpocz\u0119\u0142o prace nad projektem przebudowy dachu i wie\u017cy katedry Notre-Dame. Niekt\u00f3rzy wyobra\u017caj\u0105 j\u0105 sobie jako szklarni\u0119 botaniczn\u0105 lub \u201epn\u0105cy si\u0119 beton\u201d.<\/strong><\/p>\r\n<p>Premier Edouard Philippe og\u0142osi\u0142 rozpocz\u0119cie mi\u0119dzynarodowego konkursu na projekt rozwi\u0105zania maj\u0105cego zast\u0105pi\u0107 iglic\u0119 katedry. Ale zamiast odbudowywa\u0107 s\u0142ynn\u0105 wie\u017c\u0119 Viollet-le-Duc, wpisan\u0105 na List\u0119 \u015awiatowego Dziedzictwa UNESCO, prezydent Emmanuel Macron chce \u201ewsp\u00f3\u0142czesnego gestu\u201d.<\/p>\r\n<p>Pytani przez gazet\u0119, Denis Valode i Jean Pistre, za\u0142o\u017cyciele pierwszej agencji architektonicznej we Francji, bronili identycznej rekonstrukcji. Ich zdaniem \u201ejest to ikona dziewi\u0119ciu wiek\u00f3w, kt\u00f3r\u0105 odziedziczyli\u015bmy i musimy j\u0105 naprawi\u0107, poniewa\u017c nie byli\u015bmy w stanie jej zachowa\u0107\u201d.<\/p>\r\n<p>Jean Nouvel, francuski architekt (Instytut \u015bwiata arabskiego, Muzeum Quai-Branly, Filharmonia, Luwr w Abu Zabi\u2026), tak\u017ce broni\u0142 na \u0142amach \u201eLe Figaro\u201d przywr\u00f3cenia identycznej, wiernej kopii iglicy Viollet-le-Duc.<\/p>\r\n<p>Ale szale\u0144stwo \u201ewsp\u00f3\u0142czesnych artyst\u00f3w\u201d robi wielkie post\u0119py. Jean-Michel Wilmotte (projekty: lotnisko w Seulu, stadion w Nicei, muzeum w Amsterdamie) zwielokrotnia wywiady, domagajac si\u0119 \u201ewsp\u00f3\u0142czesnego gestu\u201d, wspomnianego przez g\u0142ow\u0119 pa\u0144stwa.<\/p>\r\n<p>Architekt Mucem, Rudy Ricciotti, zaproponowa\u0142 w dzienniku \u201eLa Provence\u201d \u201ebetonowe liany o \u015brednicy 4 cm\u201d. W \u201eTimesie\u201d Norman Foster, brytyjski architekt (Nowy Reichstag, Wiadukt Millau, London Millennium Bridge), pisa\u0142 o u\u017cyciu szk\u0142a.<\/p>\r\n<p>Ian Ritchie, brytyjski architekt i tw\u00f3rca Dublin Spire, powiedzia\u0142, \u017ce we\u017amie udzia\u0142 w konkursie i zaproponowa\u0142 w \u201eSunday Times\u201d \u201esuper cienki za\u0142amuj\u0105cy si\u0119 kryszta\u0142 odbijaj\u0105cy niebo\u201d. &#8211; My\u015bl\u0119, \u017ce ten kryszta\u0142 powinien by\u0107 perforowany &#8211; co najmniej 50 proc. pustej przestrzeni, aby wyeliminowa\u0107 obci\u0105\u017cenie wiatrem &#8211; to mo\u017ce by\u0107 pi\u0119knym wsp\u00f3\u0142czesnym stopem szklanych kryszta\u0142\u00f3w i stali nierdzewnej &#8211; przekonywa\u0142.<\/p>\r\n<p>Francuz Alexandre Chassang zaproponowa\u0142 tak\u017ce szklan\u0105 iglic\u0119. Firma architektoniczna Dijon Paul Godart i Pierre Roussel oferuj\u0105 przeszklony dach, po kt\u00f3rym mogliby chodzi\u0107 tury\u015bci. Pracownia architektoniczna NAB rozwija projekt szklarni botanicznej zamiast dachu katedry.<\/p>\r\n<p>Inni architekci chc\u0105 p\u00f3j\u015b\u0107 jeszcze dalej w oszpeceniu Notre-Dame i m\u00f3wi\u0105 o przekszta\u0142ceniu, przebudowie ca\u0142ej dzielnicy. &#8211; Sprawmy, by to smutne wydarzenie by\u0142o wyj\u0105tkow\u0105 okazj\u0105 do dok\u0142adnego przegl\u0105du dziedzi\u0144ca przed \u015bwi\u0105tyni\u0105, kt\u00f3ry jest miejscem \u201enaczelnym\u201d, ale naprawd\u0119 nie na poziomie\u201d &#8211; deklarowa\u0142 Martin Robain.<\/p>\r\n<p>Dominique Perrault, architekt Biblioteki Narodowej Francji, zaprezentowa\u0142 ju\u017c w 2015 r. projekt z olbrzymim \u201eszklanym lustrem\u201d.<\/p>\r\n<p>FLC<\/p>\r\n<p><strong>Zobacz VIDEO i poznaj symbolik\u0119 katerdy:<\/strong><\/p>\r\n<p><iframe id=\"29823121\" src=\"https:\/\/www.youtube.com\/embed\/lSNORY0xGSU?enablejsapi=1&amp;origin=https%3A%2F%2Fwww.pch24.pl\" allowfullscreen=\"allowfullscreen\" data-gtm-yt-inspected-10013869_50=\"true\" data-mce-fragment=\"1\" width=\"560\" height=\"314\"><\/iframe><\/p>\r\n<p class=\"zrodlo\">Za: <a href=\"https:\/\/www.pch24.pl\/betonowe-liany-lub-wspolczesna-strzala--tak-chca-znieksztalcic-katedre-notre-dame--,67866,i.html\">PoloniaChristiana &#8211; pch24.pl (2019-04-29)<\/a><\/p>\r\n<h4>&nbsp;<\/h4>\r\n<hr style=\"background-color: #000000; border-width: 0; color: #000000; height: 2px; line-height: 0; text-align: center; width: 100%;\">\r\n<h4>&nbsp;<\/h4>","protected":false},"excerpt":{"rendered":"Konserwatywny autor John Horvat II podkre\u015bla, \u017ce pieni\u0105dze i mo\u017cliwo\u015bci techniczne to za ma\u0142o, by odbudowa\u0107 katedr\u0119 Notre-Dame. Dzi\u0119ki tym \u015brodkom mo\u017cna bowiem jedynie odnowi\u0107 jej materi\u0119. Katedra to jednak r\u00f3wnie\u017c swego rodzaju \u201edusza\u201d. Publicysta podkre\u015bla, \u017ce w celu odbudowy zebrano ju\u017c ponad miliard dolar\u00f3w, a prezydent Francji zapowiedzia\u0142 odbudow\u0119 w ci\u0105gu 5 lat. Wydawa\u0107 [&hellip;]","protected":false},"author":1,"featured_media":0,"comment_status":"closed","ping_status":"closed","sticky":false,"template":"","format":"standard","meta":{"_acf_changed":false,"_monsterinsights_skip_tracking":false,"_monsterinsights_sitenote_active":false,"_monsterinsights_sitenote_note":"","_monsterinsights_sitenote_category":0,"ngg_post_thumbnail":0,"footnotes":"","_wp_rev_ctl_limit":""},"categories":[6],"tags":[191,70],"acf":[],"_links":{"self":[{"href":"https:\/\/www.bibula.com\/index.php?rest_route=\/wp\/v2\/posts\/107695"}],"collection":[{"href":"https:\/\/www.bibula.com\/index.php?rest_route=\/wp\/v2\/posts"}],"about":[{"href":"https:\/\/www.bibula.com\/index.php?rest_route=\/wp\/v2\/types\/post"}],"author":[{"embeddable":true,"href":"https:\/\/www.bibula.com\/index.php?rest_route=\/wp\/v2\/users\/1"}],"replies":[{"embeddable":true,"href":"https:\/\/www.bibula.com\/index.php?rest_route=%2Fwp%2Fv2%2Fcomments&post=107695"}],"version-history":[{"count":0,"href":"https:\/\/www.bibula.com\/index.php?rest_route=\/wp\/v2\/posts\/107695\/revisions"}],"wp:attachment":[{"href":"https:\/\/www.bibula.com\/index.php?rest_route=%2Fwp%2Fv2%2Fmedia&parent=107695"}],"wp:term":[{"taxonomy":"category","embeddable":true,"href":"https:\/\/www.bibula.com\/index.php?rest_route=%2Fwp%2Fv2%2Fcategories&post=107695"},{"taxonomy":"post_tag","embeddable":true,"href":"https:\/\/www.bibula.com\/index.php?rest_route=%2Fwp%2Fv2%2Ftags&post=107695"}],"curies":[{"name":"wp","href":"https:\/\/api.w.org\/{rel}","templated":true}]}}