{"id":10757,"date":"2009-06-26T16:52:57","date_gmt":"2009-06-26T21:52:57","guid":{"rendered":"http:\/\/www.bibula.com\/?p=10757"},"modified":"2009-06-26T16:56:42","modified_gmt":"2009-06-26T21:56:42","slug":"watykan-nie-zmienil-stanowiska-w-sprawie-medjugorie-nie-jest-to-miejsce-autentycznych-objawien-matki-bozej","status":"publish","type":"post","link":"https:\/\/www.bibula.com\/?p=10757","title":{"rendered":"Watykan nie zmieni\u0142 stanowiska w sprawie Medjugorie: nie jest to miejsce autentycznych objawie\u0144 Matki Bo\u017cej"},"content":{"rendered":"<p>Watykan podtrzymuje opini\u0119 episkopatu by\u0142ej Jugos\u0142awii z 1991 r. m\u00f3wi\u0105c\u0105, \u017ce nie mo\u017cna potwierdzi\u0107 nadprzyrodzonego charakteru objawie\u0144 czy zjawisk zachodz\u0105cych w Medjugorie. Mimo tego, przybywaj\u0105cy tam wierni powinni by\u0107 nadal otoczeni opiek\u0105 duszpastersk\u0105.<\/p>\r\n\r\n<p>Wed\u0142ug stanowiska Stolicy Apostolskiej, do sanktuarium w Medjugorie nie mo\u017cna organizowa\u0107 oficjalnych pielgrzymek , do momentu, gdy nie zostanie ono uznane za miejsce autentycznych objawie\u0144. Zmiany g\u0142osu Stolicy Apostolskiej w tej sprawie oczekiwano w kontek\u015bcie 28 rocznicy objawie\u0144. Stosunek Watykanu do maryjnych objawie\u0144 w by\u0142ej Jugos\u0142awii przedstawiaj\u0105 dwa listy \u00f3wczesnego sekretarza Kongregacji Nauki Wiary, abp Tarcisio Bertone (obecnie kardyna\u0142a i watyka\u0144skiego Sekretarza Stanu), informuje KAI.<\/p>\r\n\r\n<p>W pierwszym z nich, napisanym 23 marca 1996 do bp. L\u00c3\u00a9ona Taverdet z Langres podkre\u015blono, \u017ce na podstawie dotychczasowych bada\u0144 nie mo\u017cna stwierdzi\u0107 nadprzyrodzonego charakteru objawie\u0144 czy zjawisk zachodz\u0105cych w Medjugorie. Mimo to wielu przybywaj\u0105cych tam wiernych wymaga opieki duszpasterskiej biskupa i diecezji, a tak\u017ce innych biskup\u00f3w, aby w Medjugorie rozwijano pobo\u017cno\u015b\u0107 maryjn\u0105, zgodn\u0105 z nauk\u0105 Ko\u015bcio\u0142a. Zachodz\u0105ce tam zjawiska ma bada\u0107 specjalna komisja.<\/p>\r\n\r\n<p>Kard. Bertone podkre\u015bla, \u017ce do Medjugorie, jako \u017ce nie jest to miejsce autentycznych objawie\u0144 Matki Bo\u017cej, nie mo\u017cna organizowa\u0107 pielgrzymek oficjalnych na poziomie diecezjalnym ani te\u017c parafialnym. By\u0142o by to bowiem sprzeczne ze stanowiskiem miejscowego episkopatu. W drugim li\u015bcie, z 26 maja 1998 r. \u00f3wczesny sekretarz Kongregacji Nauki Wiary zaznacza, \u017ce pierwsz\u0105 instancj\u0105 badaj\u0105c\u0105 autentyczno\u015b\u0107 objawie\u0144 jest zawsze miejscowy episkopat, w tym wypadku Bo\u015bni i Hercegowiny. Podkre\u015bla, \u017ce wolno organizowa\u0107 pielgrzymki prywatne, pod warunkiem, by ich nie uwa\u017ca\u0107 za uwiarygodnienie aktualnie zachodz\u0105cych w Medjugorie wydarze\u0144. Wymagaj\u0105 one bowiem bada\u0144 ze strony Ko\u015bcio\u0142a.<\/p>\r\n\r\n<p>Medjugorie, ma\u0142a miejscowo\u015b\u0107 na po\u0142udniu Hercegowiny to cz\u0119sto odwiedzane miejsce przez katolik\u00f3w z ca\u0142ego \u015bwiata. W tamtejszym ko\u015bciele \u015bw. Jakuba znajduje si\u0119 nieformalne sanktuarium Matki Bo\u017cej Kr\u00f3lowej Pokoju. Wed\u0142ug \u015bwiadectwa sze\u015bciu &#8211; m\u0142odych wtedy &#8211; ludzi, w Medjugorie od 24 czerwca 1981 r. codziennie objawia si\u0119 Matka Bo\u017ca, zostawiaj\u0105c w ka\u017cdy czwartek or\u0119dzie skierowane do ca\u0142ego \u015bwiata.<\/p>\r\n\r\n<p>MM\/RV\/KAI<\/p>\r\n\r\n\r\n<blockquote><p><strong>ZOB. R\u00d3WNIE\u017b:<\/strong><\/p>\r\n\r\n\r\n<ul>\r\n\t\t<li> <a title=\" Okulty\u015bci promuj\u0105 Medjugorie\" rel=\"bookmark\" href=\"..\/..\/?p=7072\"> Okulty\u015bci promuj\u0105 Medjugorie <\/a> <\/li>\r\n\t\t<li> <a title=\" \"Pok\u00f3j i dobro\u201d, czyli franciszka\u0144skie boj\u00f3wki spod znaku \"gospy\u201d napad\u0142y na biskupa Mostaru\" rel=\"bookmark\" href=\"..\/..\/?p=4573\"> &#8222;Pok\u00f3j i dobro\u201d, czyli franciszka\u0144skie boj\u00f3wki spod znaku &#8222;gospy\u201d napad\u0142y na biskupa Mostaru <\/a> <\/li>\r\n\t\t<li> <a title=\" Rekolekcje z uzdrowieniami - &lt;em&gt;Maria K. Kominek OPs&lt;\/em&gt;\" rel=\"bookmark\" href=\"..\/..\/?p=3988\"> Rekolekcje z uzdrowieniami &#8211; <em>Maria K. Kominek OPs<\/em> <\/a> <\/li>\r\n\t\t<li> <a title=\" Medjugorje: biskup Mostaru o objawieniach\" rel=\"bookmark\" href=\"..\/..\/?p=1654\"> Medjugorje: biskup Mostaru o objawieniach <\/a> <\/li>\r\n\t\t<li> <a title=\" Nagroda za przecieranie nowych szlak\u00f3w\" rel=\"bookmark\" href=\"..\/..\/?p=1247\"> Nagroda za przecieranie nowych szlak\u00f3w <\/a> <\/li>\r\n\t\t<li> <a title=\" Radio Watykan: Papie\u017c modli\u0142 si\u0119 przed wizerunkiem \"Matki Bo\u017cej z Medjugorie\"\" rel=\"bookmark\" href=\"..\/..\/?p=1127\"> Radio Watykan: Papie\u017c modli\u0142 si\u0119 przed wizerunkiem &#8222;Matki Bo\u017cej z Medjugorie&#8221; <\/a> <\/li>\r\n\t\t<li> <a title=\" Papieski kaznodzieja, ojciec Cantalamessa jednak nie pojedzie do Medjugorie\" rel=\"bookmark\" href=\"..\/..\/?p=1073\"> Papieski kaznodzieja, ojciec Cantalamessa jednak nie pojedzie do Medjugorie <\/a> <\/li>\r\n\t\t<li> <a title=\" Ks. A. Posacki, SJ: \"Prosz\u0119 uwa\u017ca\u0107 na ksi\u0119\u017cy o tej orientacji mocno tradycjonalistycznej\"\" rel=\"bookmark\" href=\"..\/..\/?p=926\"> Ks. A. Posacki, SJ: &#8222;Prosz\u0119 uwa\u017ca\u0107 na ksi\u0119\u017cy o tej orientacji mocno tradycjonalistycznej&#8221; <\/a> <\/li>\r\n\t\t<li> <a title=\" Biskup Harry Flynn wspomina s\u0142owa Jana Paw\u0142a II i swoj\u0105 \" Pielgrzymk\u0119 do Medjugorie\"\" rel=\"bookmark\" href=\"..\/..\/?p=669\"> Biskup Harry Flynn wspomina s\u0142owa Jana Paw\u0142a II i swoj\u0105 &#8221; Pielgrzymk\u0119 do Medjugorie&#8221; <\/a> <\/li>\r\n\t\t<li> <a title=\" Biskup R. Peric: \"Objawienia\" w Medjugorie nie maj\u0105 w sobie nic z autentyczno\u015bci\" rel=\"bookmark\" href=\"..\/..\/?p=448\"> Biskup R. Peric: &#8222;Objawienia&#8221; w Medjugorie nie maj\u0105 w sobie nic z autentyczno\u015bci <\/a> <\/li>\r\n<\/ul>\r\n<\/blockquote>","protected":false},"excerpt":{"rendered":"Watykan podtrzymuje opini\u0119 episkopatu by\u0142ej Jugos\u0142awii z 1991 r. m\u00f3wi\u0105c\u0105, \u017ce nie mo\u017cna potwierdzi\u0107 nadprzyrodzonego charakteru objawie\u0144 czy zjawisk zachodz\u0105cych w Medjugorie. Mimo tego, przybywaj\u0105cy tam wierni powinni by\u0107 nadal otoczeni opiek\u0105 duszpastersk\u0105. Wed\u0142ug stanowiska Stolicy Apostolskiej, do sanktuarium w Medjugorie nie mo\u017cna organizowa\u0107 oficjalnych pielgrzymek , do momentu, gdy nie zostanie ono uznane za [&hellip;]","protected":false},"author":1,"featured_media":0,"comment_status":"closed","ping_status":"closed","sticky":false,"template":"","format":"standard","meta":{"_acf_changed":false,"_monsterinsights_skip_tracking":false,"_monsterinsights_sitenote_active":false,"_monsterinsights_sitenote_note":"","_monsterinsights_sitenote_category":0,"ngg_post_thumbnail":0,"footnotes":"","_wp_rev_ctl_limit":""},"categories":[3],"tags":[74,41],"acf":[],"_links":{"self":[{"href":"https:\/\/www.bibula.com\/index.php?rest_route=\/wp\/v2\/posts\/10757"}],"collection":[{"href":"https:\/\/www.bibula.com\/index.php?rest_route=\/wp\/v2\/posts"}],"about":[{"href":"https:\/\/www.bibula.com\/index.php?rest_route=\/wp\/v2\/types\/post"}],"author":[{"embeddable":true,"href":"https:\/\/www.bibula.com\/index.php?rest_route=\/wp\/v2\/users\/1"}],"replies":[{"embeddable":true,"href":"https:\/\/www.bibula.com\/index.php?rest_route=%2Fwp%2Fv2%2Fcomments&post=10757"}],"version-history":[{"count":0,"href":"https:\/\/www.bibula.com\/index.php?rest_route=\/wp\/v2\/posts\/10757\/revisions"}],"wp:attachment":[{"href":"https:\/\/www.bibula.com\/index.php?rest_route=%2Fwp%2Fv2%2Fmedia&parent=10757"}],"wp:term":[{"taxonomy":"category","embeddable":true,"href":"https:\/\/www.bibula.com\/index.php?rest_route=%2Fwp%2Fv2%2Fcategories&post=10757"},{"taxonomy":"post_tag","embeddable":true,"href":"https:\/\/www.bibula.com\/index.php?rest_route=%2Fwp%2Fv2%2Ftags&post=10757"}],"curies":[{"name":"wp","href":"https:\/\/api.w.org\/{rel}","templated":true}]}}