{"id":107565,"date":"2019-04-16T11:31:39","date_gmt":"2019-04-16T15:31:39","guid":{"rendered":"http:\/\/www.bibula.com\/?p=107565"},"modified":"2019-04-17T09:26:59","modified_gmt":"2019-04-17T13:26:59","slug":"czy-popiol-z-notre-dame-uzyzni-jalowa-glebe-europejskich-serc-michal-walach","status":"publish","type":"post","link":"https:\/\/www.bibula.com\/?p=107565","title":{"rendered":"Czy popi\u00f3\u0142 z Notre-Dame u\u017cy\u017ani ja\u0142ow\u0105 gleb\u0119 europejskich serc? &#8211; <em>Micha\u0142 Wa\u0142ach<\/em>"},"content":{"rendered":"<p><strong>Popi\u00f3\u0142 u\u017cy\u017ania gleb\u0119. Ale czy popi\u00f3\u0142 ze spalonej katedry Notre-Dame mo\u017ce u\u017cy\u017ani\u0107 ja\u0142ow\u0105 gleb\u0119 posteuropejskiej cywilizacji i ludzkich serc?<\/strong><\/p>\r\n<p>Zniszczenia jakich dozna\u0142a niezwyk\u0142a \u015bredniowieczna katedra Notre-Dame, przywodz\u0105 na my\u015bl liczne skojarzenia historyczne. Poszerzaj\u0105c nasz\u0105 perspektyw\u0119 i patrz\u0105c zar\u00f3wno na spalon\u0105 \u015bwi\u0105tyni\u0119, jak i na kondycj\u0119 Starego Kontynentu, widzimy jeszcze wi\u0119cej.<\/p>\r\n<p><strong><em>Barbarzy\u0144cy za limesem<\/em><\/strong><\/p>\r\n<p>W noc sylwestrow\u0105 roku 406 przez zamarzni\u0119ty Ren weszli w granic\u0119 Cesarstwa Rzymskiego germa\u0144scy barbarzy\u0144cy. Imperium nie mia\u0142o si\u0142y, by wyprze\u0107 agresywnych przybysz\u00f3w. Ono! Imperium, kt\u00f3re rozci\u0105ga\u0142o si\u0119 od surowej Brytanii na p\u00f3\u0142nocy, po rozgrzane piaski G\u00f3rnego Egiptu na po\u0142udniu, od S\u0142up\u00f3w Heraklesa na zachodzie, po Armeni\u0119 i Mezopotami\u0119 na wschodzie. Imperium-wz\u00f3r. Pot\u0119ga, kt\u00f3ra stworzy\u0142a skuteczne metody zarz\u0105dzania pa\u0144stwem, organizacji spo\u0142ecze\u0144stwa i kontroli oraz asymilacji podbitych narod\u00f3w.<\/p>\r\n<p>Cho\u0107 resztki dawnej chwa\u0142y od\u017cy\u0142y na moment na Polach Katalaunijskich w roku 451 w bitwie przeciw Hunom i innym barbarzy\u0144com, to ledwie 4 lata p\u00f3\u017aniej w stolicy \u015bwiata, w sercu cywilizacji, pojawili si\u0119 germa\u0144scy Wandale, kt\u00f3rych imieniem do dzi\u015b okre\u015blamy ludzi ow\u0142adni\u0119tych \u017c\u0105dz\u0105 destrukcji. W decyduj\u0105cej chwili zabrak\u0142o odwa\u017cnej i stanowczej w\u0142adzy pa\u0144stwowej, za\u015b ludno\u015b\u0107 cywiln\u0105 przed zag\u0142ad\u0105 uchroni\u0142 \u015bwi\u0119ty papie\u017c Leon I Wielki. Mimo, \u017ce wandalski kr\u00f3l Genzeryk nie wymordowa\u0142 mieszka\u0144c\u00f3w, Miasto zosta\u0142o spl\u0105drowane i ograbione, a \u017cycie Italii zdezorganizowane.<\/p>\r\n<p>Rok 476 historiografia uznaje za upadek Cesarstwa Rzymskiego na Zachodzie. Wtedy bowiem germa\u0144ski w\u00f3dz Odoaker zdetronizowa\u0142 Romulusa Augustulusa. I chocia\u017c \u00f3wcze\u015bni nie musieli nawet traktowa\u0107 tych wydarze\u0144 jako prze\u0142omowe (szczeg\u00f3lnie \u017ce Odoaker odes\u0142a\u0142 insygnia cesarskie do imperatora w Konstantynopolu), to koniec V wieku uzna\u0107 nale\u017cy za koniec i zarazem pocz\u0105tek. <em>Pax Romana<\/em> nie obowi\u0105zywa\u0142 ju\u017c od bardzo dawna. Teraz na Zachodzie przesta\u0142o istnie\u0107 pa\u0144stwo, kt\u00f3re przez lata zapewnia\u0142o \u00f3w Rzymski Pok\u00f3j narodom zamieszkuj\u0105cym imperium. Nasta\u0142a era barbarzy\u0144c\u00f3w.<\/p>\r\n<p><strong><em>\u201eOstatni Rzymianie\u201d i cywilizowanie barbarzy\u0144c\u00f3w<\/em><\/strong><\/p>\r\n<p>Przez ca\u0142y ten czas nie brakowa\u0142o ludzi chc\u0105cych ochroni\u0107 Rzym przed upadkiem. Niejeden \u015bwiat\u0142y m\u0105\u017c pragn\u0105\u0142 zachowa\u0107 to, co najcenniejsze &#8211; cywilizacj\u0119 rozumian\u0105 na wielu p\u0142aszczyznach: jako Wiar\u0119, my\u015bl i pa\u0144stwo. W szeregu \u201eostatnich Rzymian\u201d znajdziemy cesarzy, dow\u00f3dc\u00f3w, namiestnik\u00f3w, pisarzy, teolog\u00f3w, filozof\u00f3w. I chocia\u017c ostatecznie Imperium upad\u0142o, to istotne cz\u0119\u015bci swojego dziedzictwa przekaza\u0142o spadkobiercom.<\/p>\r\n<p>Dlatego te\u017c nie mo\u017cemy powiedzie\u0107, \u017ce nowe czasy by\u0142y z\u0142e. Pocz\u0105tek &#8211; owszem &#8211; do \u0142atwych nie nale\u017ca\u0142. Germanie utrwalali swoje wp\u0142ywy w dawnym Imperium i toczyli mi\u0119dzy sob\u0105 liczne wojny. R\u00f3wnie\u017c bizantyjskie pr\u00f3by odzyskania utraconych prowincji przynosi\u0142y (chocia\u017cby Italii) wiele b\u00f3lu. Ostatecznie jednak na gruzach zachodniej cz\u0119\u015bci Cesarstwa powsta\u0142a wspania\u0142a, \u015bredniowieczna Europa. Wielka w tym zas\u0142uga jednego z lud\u00f3w uczestnicz\u0105cych w niszczeniu rzymskiego pa\u0144stwa &#8211; Frank\u00f3w.<\/p>\r\n<p>Frankowie ju\u017c w pierwszych latach po upadku Cesarstwa Zachodniorzymskiego przejawiali w p\u00f3\u0142nocnej Galii znaczn\u0105 si\u0142\u0119 &#8211; w ci\u0105gu kilku dekad na prze\u0142omie V i VI wieku podbili wi\u0119ksz\u0105 cz\u0119\u015b\u0107 niegdysiejszej rzymskiej prowincji. Ich znaczenia nie mo\u017cna jednak ograniczy\u0107 do sukces\u00f3w militarnych. Rola tego germa\u0144skiego ludu dla historii \u015bwiata zwi\u0105zana jest z ich odmienno\u015bci\u0105 wzgl\u0119dem innych plemion. Frankowie bowiem, w morzu poga\u0144stwa i aria\u0144skiej herezji, byli wyznawcami prawdziwej Wiary &#8211; ich w\u0142adca Chlodwig I jeszcze w V wieku przyj\u0105\u0142 katolicki chrzest. To w\u0142a\u015bnie na fundamencie tryumf\u00f3w katolickiego kr\u00f3lestwa zbudowana zosta\u0142a Europa, co pi\u0119knie unaocznia p\u00f3\u017aniejsza maksyma: \u201eDei gesta per Francos\u201d &#8211; czyny Boga przez Frank\u00f3w. To na tym filarze powsta\u0142a najwspanialsza jak dot\u0105d cywilizacja ludzka &#8211; Christianitas, kt\u00f3rej jednym z symboli by\u0142a katedra Notre-Dame. Dzi\u015b ta wspania\u0142a cywilizacja znajduje si\u0119 w stanie rozk\u0142adu.<\/p>\r\n<p><strong><em>Nowy upadek Rzymu i nowi Germanie<\/em><\/strong><\/p>\r\n<p>Wsp\u00f3\u0142czesna Europa przypomina \u015bwiat rzymski z prze\u0142omu antyku i \u015bredniowiecza, z czasu wielkiej w\u0119dr\u00f3wki lud\u00f3w. Lato roku 2015, gdy na Stary Kontynent przybywali niekontrolowani przez nikogo obcokrajowcy w wi\u0119kszo\u015bci wyznaj\u0105cy islam, to nasza sylwestrowa noc roku 406. Wtedy w granice Imperium wdarli si\u0119 Germanie, dzi\u015b &#8211; muzu\u0142manie, kt\u00f3rzy obecnie, niczym barbarzy\u0144scy z V wieku, tworz\u0105 niekiedy w\u0142asn\u0105, alternatywn\u0105 wobec pa\u0144stwa organizacj\u0119 spo\u0142eczn\u0105 (strefy \u201eno go\u201d). Z kolei zamachy terrorystyczne por\u00f3wna\u0107 mo\u017cemy do pl\u0105drowania staro\u017cytnego Cesarstwa.<\/p>\r\n<p>Jak &#8211; patrz\u0105c z tej perspektywy &#8211; rozumie\u0107 po\u017car w katedrze Notre-Dame? Ci\u0119\u017cko dzi\u015b m\u00f3wi\u0107 o przyczynach katastrofy, ale niezale\u017cnie od okoliczno\u015bci warto mie\u0107 w pami\u0119ci s\u0142owa: \u201enie ma przypadk\u00f3w, s\u0105 tylko znaki\u201d. Co mo\u017ce oznacza\u0107 ten znak?<\/p>\r\n<p>Spalona \u015bwi\u0105tynia &#8211; nawet je\u015bli po\u017car nie by\u0142 czyim\u015b dzia\u0142aniem celowym &#8211; jest zbie\u017cna z intencjami niejednego profanatora. Tych za\u015b we Francji nie brakuje. Co chwil\u0119 s\u0142yszymy o antykatolickich ekscesach. Skala nienawi\u015bci sprawi\u0142a, \u017ce profanacje sta\u0142y si\u0119 nad Sekwan\u0105 niemal codzienno\u015bci\u0105, a kreatorzy przemocy nie okazuj\u0105 si\u0119 \u201e\u0142askawi\u201d nawet dla zabytk\u00f3w najwy\u017cszej klasy. Nie tak dawno, bo na pocz\u0105tku marca, napastnik wykorzysta\u0142 zamieszanie zwi\u0105zane z remontem wok\u00f3\u0142 innego niezwykle istotnego francuskiego ko\u015bcio\u0142a &#8211; bazyliki w Saint-Denis, gdzie spoczywaj\u0105 monarchowie &#8211; i zniszczy\u0142 witra\u017ce.<\/p>\r\n<p>Profanacyjny sza\u0142 nad Sekwan\u0105 to jednak tylko jeden z objaw\u00f3w choroby. \u015awi\u0119ty papie\u017c Jan Pawe\u0142 II pyta\u0142 Francj\u0119, najstarsz\u0105 c\u00f3r\u0119 Ko\u015bcio\u0142a, co zrobi\u0142a ze swoim chrztem. Pytanie to mo\u017cemy jednak postawi\u0107 w zasadzie ka\u017cdemu narodowi Europy Zachodniej, bowiem powszechno\u015b\u0107 antychrze\u015bcija\u0144skich, a nawet antyludzkich praw, pora\u017ca. Niemal wsz\u0119dzie akceptuje si\u0119 mordowanie nienarodzonych dzieci, za\u015b niezgodne z natur\u0105 relacje okre\u015bla si\u0119 mianem \u201ema\u0142\u017ce\u0144stw\u201d. Moraln\u0105 degeneracj\u0119 mieszka\u0144c\u00f3w Europy wida\u0107 by\u0142o tak\u017ce przy okazji po\u017caru niezwyk\u0142ej paryskiej \u015bwi\u0105tyni. Znale\u017ali si\u0119 bowiem tacy &#8211; r\u00f3wnie\u017c w Polsce &#8211; kt\u00f3rym widok p\u0142on\u0105cej katedry Notre-Dame sprawia\u0142\u2026 rado\u015b\u0107. Podobn\u0105 reakcj\u0119 zaobserwowano ponadto u cz\u0119\u015bci internaut\u00f3w o nieeuropejskobrzmi\u0105cych nazwiskach.<\/p>\r\n<p>Kryzys narasta, a ludzie pozbawieni odpowiedzi na fundamentalne pytania rzucaj\u0105 si\u0119 w wir poszukiwa\u0144. Niestety cz\u0119sto nie docieraj\u0105 do Prawdy, bowiem kryzys dotyka tak\u017ce wielu cz\u0142onk\u00f3w Ko\u015bcio\u0142a, kt\u00f3rzy &#8211; jak si\u0119 zdaje &#8211; zagubili w\u0142asn\u0105 to\u017csamo\u015b\u0107 i zapomnieli o swojej misji.<\/p>\r\n<p><strong><em>Christianitas 2.0?<\/em><\/strong><\/p>\r\n<p>Kondycja wsp\u00f3\u0142czesnej Europy wydaje si\u0119 wi\u0119c by\u0107 gorsza ni\u017c sytuacja staro\u017cytnego Imperium w schy\u0142kowej fazie, gdy\u017c dekadencja dotyczy dzi\u015b ca\u0142ych narod\u00f3w. Wtedy, mimo zagubienia cz\u0119\u015bci elit, post\u0119powa\u0142a chrystianizacja. Dzi\u015b &#8211; ateizacja po\u0142\u0105czona z promocj\u0105 degraduj\u0105cego cz\u0142owieka stylu \u017cycia. Podobna do reakcji \u201eostatnich Rzymian\u201d jest natomiast postawa \u201eostatnich Europejczyk\u00f3w\u201d. Nie brakuje bowiem &#8211; i Bogu niech b\u0119d\u0105 dzi\u0119ki! &#8211; wsp\u00f3\u0142czesnych Boecjuszy i Kasjodor\u00f3w. Ca\u0142y czas Christianitas \u017cyje w sercach wielu duchownych, teolog\u00f3w, my\u015blicieli. Ci\u0105gle te\u017c miliony ws\u0142uchuj\u0105 si\u0119 w g\u0142os Ewangelii.<\/p>\r\n<p>I to od wiernych Stw\u00f3rcy wielkich umys\u0142\u00f3w oraz od ka\u017cdego z nas, katolik\u00f3w, zale\u017cy przysz\u0142o\u015b\u0107 Europy. Dzier\u017cymy bowiem w r\u0119kach niezwyk\u0142e dziedzictwo, na kt\u00f3re sk\u0142ada si\u0119 prawdziwa Wiara, realistyczna filozofia oraz poczucie prawdy, dobra i pi\u0119kna.<\/p>\r\n<p>Stary Kontynent w znanej nam formie mo\u017ce przesta\u0107 istnie\u0107, mog\u0105 upa\u015b\u0107 funkcjonuj\u0105ce od wiek\u00f3w pa\u0144stwa, a wyludniaj\u0105c\u0105 si\u0119 ziemi\u0119 mog\u0105 wzi\u0105\u0107 w posiadanie przybysze z Bliskiego Wschodu i Afryki. Ale i tak &#8211; mimo wielkiego prawdopodobie\u0144stwa pocz\u0105tkowego kryzysu i chaosu &#8211; nowa cywilizacja, oparta na nieznanej wcze\u015bniej, europejsko-arabskiej strukturze etnicznej, mo\u017ce by\u0107 cywilizacj\u0105 wspania\u0142\u0105. Warunek jest tylko jeden: musimy &#8211; wzorem \u201eostatnich Rzymian\u201d &#8211; zachowa\u0107 i wiernie przekaza\u0107 kolejnym pokoleniom nasz\u0105 Wiar\u0119 i my\u015bl. Refleksja nad histori\u0105 staro\u017cytnego Rzymu mo\u017ce by\u0107 dla nas zar\u00f3wno ostrze\u017ceniem, jak i ukojeniem &#8211; pokazuje bowiem, \u017ce militarni zwyci\u0119zcy poddaj\u0105 si\u0119 kulturze wy\u017cej rozwini\u0119tych przegranych. Rzym przyj\u0105\u0142 kultur\u0119 greck\u0105, za\u015b germa\u0144scy barbarzy\u0144scy j\u0119zyk, filozofi\u0119 i Wiar\u0119 Rzymian. Czemu tym razem mia\u0142oby by\u0107 inaczej?<\/p>\r\n<p><em><strong>Micha\u0142 Wa\u0142ach<\/strong><\/em><\/p>\r\n<p class=\"zrodlo\">Za: <a href=\"https:\/\/www.pch24.pl\/michal-walach--czy-popiol-z-notre-dame-uzyzni-jalowa-glebe-europejskich-serc-,67602,i.html\">PoloniaChristiana &#8211; pch24.pl (2019-04-16)<\/a> &#8211; [Org. tytu\u0142: \u00abMicha\u0142 Wa\u0142ach: czy popi\u00f3\u0142 z Notre-Dame u\u017cy\u017ani ja\u0142ow\u0105 gleb\u0119 europejskich serc?\u00bb]<\/p>\r\n<h4>&nbsp;<\/h4>\r\n<hr style=\"background-color: #000000; border-width: 0; color: #000000; height: 2px; line-height: 0; text-align: center; width: 100%;\">\r\n<h4>&nbsp;<\/h4>\r\n<h2>Po\u017car katedry Notre-Dame ostrze\u017ceniem dla Francuz\u00f3w. Chrystianofobia coraz gro\u017aniejsza<\/h2>\r\n<p>To jest ostrze\u017cenie dla narodu francuskiego. We Francji co trzeci dzie\u0144 jaki\u015b ko\u015bci\u00f3\u0142 jest bezczeszczony. Rozprzestrzeniana jest chrystianofobia &#8211; tak na antenie Radia Maryja po\u017car katedry Notre-Dame skomentowa\u0142 ks. inf. Stanis\u0142aw Je\u017c z Polskiej Misji Katolickiej we Francji.<\/p>\r\n<p>Jak zauwa\u017cy\u0142 go\u015b\u0107 Radia Maryja, we Francji nie m\u00f3wi si\u0119 wiele o problemie bezczeszczenia i niszczenia ko\u015bcio\u0142\u00f3w. Sprawa jest nag\u0142a\u015bniana, gdy problem dotyka synagogi czy meczetu.<\/p>\r\n<p>Ks. Je\u017c oceni\u0142, \u017ce zniszczenie katedry jest tragedi\u0105 dla Pary\u017ca i nie tylko, bo katedra jest w\u0142a\u015bciwie sercem Pary\u017ca, jego dusz\u0105. Jest to te\u017c miejsce wa\u017cne z punktu widzenia kultury i turystyki &#8211; i dot\u0105d odwiedzane by\u0142o nawet cz\u0119\u015bciej ni\u017c Wie\u017ca Eiffla. Jak wspomnia\u0142, przez lata katedra by\u0142a te\u017c punktem orientacyjnym dla podr\u00f3\u017cuj\u0105cych. To od niej np. liczono odleg\u0142o\u015b\u0107.<\/p>\r\n<p>&#8211; Jak si\u0119 doje\u017cd\u017ca\u0142o do Pary\u017ca, to by\u0142o napisane np. \u201e100 km od Notre-Dame\u201d &#8211; dopiero ostatnie rz\u0105dy to znios\u0142y. Nie mniej wszyscy wiedz\u0105, jak\u0105 rol\u0119 odgrywa katedra w \u017cyciu duchowym. Wszystkie najwi\u0119ksze uroczysto\u015bci odbywaj\u0105 si\u0119 w Notre Dame &#8211; zaznaczy\u0142 ks. inf. Stanis\u0142aw Je\u017c. Jak zauwa\u017cy\u0142, po\u017car katedry Notre Dame jest symboliczny, zw\u0142aszcza w okresie Wielkiego Tygodnia.<\/p>\r\n<p>Kap\u0142an doda\u0142, \u017ce na \u015brod\u0119 planowane jest spotkanie wszystkich kap\u0142an\u00f3w z Pary\u017ca i regionu paryskiego, kt\u00f3remu przewodniczy\u0107 b\u0119dzie arcybiskup Pary\u017ca. B\u0119dzie ono po\u015bwi\u0119cone ostatnim tragicznym wydarzeniom.<\/p>\r\n<p>\u0179r\u00f3d\u0142o: radiomaryja.pl<\/p>\r\n<p>MA<\/p>\r\n<p class=\"zrodlo\">Za: <a href=\"https:\/\/www.pch24.pl\/pokaz-lewackiej-kultury--publikacje-po-pozarze-katedry-notre-dame-pelne-wulgaryzmow-i-obelg,67604,i.html\">PoloniaChristiana &#8211; pch24.pl (2019-04-16)<\/a><\/p>\r\n<h4>&nbsp;<\/h4>\r\n<hr style=\"background-color: #000000; border-width: 0; color: #000000; height: 2px; line-height: 0; text-align: center; width: 100%;\">\r\n<h4>&nbsp;<\/h4>\r\n<h2>Pokaz lewackiej \u201ekultury\u201d. Publikacje po po\u017carze katedry Notre-Dame pe\u0142ne wulgaryzm\u00f3w i obelg<\/h2>\r\n<p><strong>Po\u017car, kt\u00f3ry strawi\u0142 katedr\u0119 Notre-Dame w Pary\u017cu wywo\u0142a\u0142 wiele emocji na ca\u0142ym \u015bwiecie. Wszak w p\u0142omieniach ogarniaj\u0105cych katedr\u0119 gin\u0105\u0142 bezcenny \u015bwiadek historii. Niekt\u00f3rzy widzieli w tym znak czas\u00f3w, inni wielk\u0105 tragedi\u0119 i strat\u0119, kolejni namawiali do nawr\u00f3cenia. Niestety \u201eprzeintelektualizowana\u201d lewica nie skorzysta\u0142a z okazji, by milcze\u0107.<\/strong><\/p>\r\n<p>Niezwyk\u0142ym grubia\u0144stwem \u201epopisa\u0142\u201d si\u0119 \u201eJa\u015b\u201d Kapela, publicysta m.in. \u201eKrytyki Politycznej\u201d. Komentuj\u0105c po\u017car napisa\u0142, \u017ce \u201emoja dziewczyna powiedzia\u0142a, \u017ce nie by\u0142a w \u015brodku, bo za drogo i ja te\u017c nie by\u0142em, ale przypomnia\u0142 mi si\u0119 za to wiersz Micha\u0142a Kaczy\u0144skiego pt. Warszawa p\u0142onie. Chodzi\u0142o mu o nienadaj\u0105cy si\u0119 do zacytowania wers nawo\u0142uj\u0105cy do niegaszenia po\u017caru i m\u00f3wi\u0105cy, \u017ce to \u201ecud, \u017ce si\u0119 pali\u201d.<\/p>\r\n<p>Kapela doda\u0142 w komentarzach (pisownia oryginalna): \u201e\u0142o jezu. wiadomo, \u017ce tragedia i zabytek, ale dajcie si\u0119 cz\u0142owiekowi nacieszy\u0107. w ko\u0144cu to naprawd\u0119 cud, \u017ce si\u0119 pali. i wcale si\u0119 nie ciesz\u0119, bo nie lubi\u0119 KK, tylko zupe\u0142nie bezinteresowanie lubi\u0119 patrze\u0107 jak p\u0142on\u0105 symobol\u0119 cywilizacji, kt\u00f3ra prowadzi nas wprost do zag\u0142ady. przepraszam.\u201d<\/p>\r\n<p>Okazji do milczenia nie wykorzysta\u0142 te\u017c Micha\u0142 Sutowski z \u201eKrytyki Politycznej\u201d, kt\u00f3ry na jej \u0142amach napisa\u0142 tekst \u201eDo prawicowego twittera: to o\u015bwieceniowa Europa odbuduje Notre Dame, nie wy\u201d. O ile jeszcze mo\u017cna &#8222;zrozumie\u0107&#8221; lewicowe marzenia i wizje przysz\u0142o\u015bci, to jednak spos\u00f3b przekazu &#8211; niezwykle wulgarny &#8211; niegodny jest publicysty.<\/p>\r\n<p>Sutowski u\u017cywaj\u0105c nieparlamentarnych s\u0142\u00f3w uderzy\u0142 w przedstawiciela rz\u0105du, pos\u0142a, publicyst\u0119, dziennikark\u0119. U\u017cy\u0142 tu j\u0119zyka \u201espod budki z piwem\u201d rodem. Wulgarnie nazwa\u0142 ca\u0142e towarzystwo, z kt\u00f3rym mentalnie jest mu nie po drodze. Roztacza\u0142 przy tym wizje, co by by\u0142o, gdyby \u201esi\u0119 okaza\u0142o, \u017ce ogie\u0144 zapr\u00f3szyli jacy\u015b robotnicy pochodzenia arabskiego\u201d. I zn\u00f3w u\u017cyte wulgarne s\u0142owa nie pozwalaj\u0105 zacytowa\u0107 s\u0142\u00f3w dziennikarza. Na koniec Sutowski doda\u0142: \u201eWierz\u0119, \u017ce laicka Francja odbuduje ten pomnik ludzkiego geniuszu, dowodz\u0105c tym samym, \u017ce to O\u015bwiecenie jest gwarancj\u0105 przetrwania naszego dziedzictwa. Na pohybel ciemnogrodowi i nieprzestrzeganiu przepis\u00f3w przeciwpo\u017carowych\u201d.<\/p>\r\n<p>MA<\/p>\r\n<p class=\"zrodlo\">Za: <a href=\"https:\/\/www.pch24.pl\/pokaz-lewackiej-kultury--publikacje-po-pozarze-katedry-notre-dame-pelne-wulgaryzmow-i-obelg,67604,i.html\">PoloniaChristiana &#8211; pch24.pl (2019-04-16)<\/a><\/p>\r\n<h4>&nbsp;<\/h4>\r\n<hr style=\"background-color: #000000; border-width: 0; color: #000000; height: 2px; line-height: 0; text-align: center; width: 100%;\">\r\n<h4>&nbsp;<\/h4>","protected":false},"excerpt":{"rendered":"Popi\u00f3\u0142 u\u017cy\u017ania gleb\u0119. Ale czy popi\u00f3\u0142 ze spalonej katedry Notre-Dame mo\u017ce u\u017cy\u017ani\u0107 ja\u0142ow\u0105 gleb\u0119 posteuropejskiej cywilizacji i ludzkich serc? Zniszczenia jakich dozna\u0142a niezwyk\u0142a \u015bredniowieczna katedra Notre-Dame, przywodz\u0105 na my\u015bl liczne skojarzenia historyczne. Poszerzaj\u0105c nasz\u0105 perspektyw\u0119 i patrz\u0105c zar\u00f3wno na spalon\u0105 \u015bwi\u0105tyni\u0119, jak i na kondycj\u0119 Starego Kontynentu, widzimy jeszcze wi\u0119cej. Barbarzy\u0144cy za limesem W noc [&hellip;]","protected":false},"author":1,"featured_media":0,"comment_status":"closed","ping_status":"closed","sticky":false,"template":"","format":"standard","meta":{"_acf_changed":false,"_monsterinsights_skip_tracking":false,"_monsterinsights_sitenote_active":false,"_monsterinsights_sitenote_note":"","_monsterinsights_sitenote_category":0,"ngg_post_thumbnail":0,"footnotes":"","_wp_rev_ctl_limit":""},"categories":[9],"tags":[132,191],"acf":[],"_links":{"self":[{"href":"https:\/\/www.bibula.com\/index.php?rest_route=\/wp\/v2\/posts\/107565"}],"collection":[{"href":"https:\/\/www.bibula.com\/index.php?rest_route=\/wp\/v2\/posts"}],"about":[{"href":"https:\/\/www.bibula.com\/index.php?rest_route=\/wp\/v2\/types\/post"}],"author":[{"embeddable":true,"href":"https:\/\/www.bibula.com\/index.php?rest_route=\/wp\/v2\/users\/1"}],"replies":[{"embeddable":true,"href":"https:\/\/www.bibula.com\/index.php?rest_route=%2Fwp%2Fv2%2Fcomments&post=107565"}],"version-history":[{"count":0,"href":"https:\/\/www.bibula.com\/index.php?rest_route=\/wp\/v2\/posts\/107565\/revisions"}],"wp:attachment":[{"href":"https:\/\/www.bibula.com\/index.php?rest_route=%2Fwp%2Fv2%2Fmedia&parent=107565"}],"wp:term":[{"taxonomy":"category","embeddable":true,"href":"https:\/\/www.bibula.com\/index.php?rest_route=%2Fwp%2Fv2%2Fcategories&post=107565"},{"taxonomy":"post_tag","embeddable":true,"href":"https:\/\/www.bibula.com\/index.php?rest_route=%2Fwp%2Fv2%2Ftags&post=107565"}],"curies":[{"name":"wp","href":"https:\/\/api.w.org\/{rel}","templated":true}]}}