{"id":107552,"date":"2019-04-16T10:38:34","date_gmt":"2019-04-16T14:38:34","guid":{"rendered":"http:\/\/www.bibula.com\/?p=107552"},"modified":"2019-04-16T11:34:03","modified_gmt":"2019-04-16T15:34:03","slug":"o-odbudowie-notre-dame","status":"publish","type":"post","link":"https:\/\/www.bibula.com\/?p=107552","title":{"rendered":"O odbudowie Notre Dame"},"content":{"rendered":"<p>Rozmaite &#8222;prawackie&#8221; durnie czepiaj\u0105 si\u0119 p. Andrzeja Dudy za to, \u017ce <a href=\"https:\/\/twitter.com\/AndrzejDuda\/status\/1117913414821535745\">napisa\u0142 zdanie<\/a>:<\/p>\r\n<blockquote>\r\n<p><em>jestem przekonany, \u017ce odbudowa Katedry mo\u017ce sta\u0107 si\u0119 symbolem odbudowy Europy. Odbudowy Europy na jej prawdziwym, historycznym, judeo-chrze\u015bcija\u0144skim fundamencie.<\/em><\/p>\r\n<\/blockquote>\r\n<p><img fetchpriority=\"high\" decoding=\"async\" class=\"aligncenter\" src=\"https:\/\/4.bp.blogspot.com\/-thKj40eL3ZE\/XLW3tVLpERI\/AAAAAAAADo4\/DIFzE0nHJk80pCoD1GRzULz1KlCwmsPPACLcBGAs\/s320\/duda%2Btweet.jpg\" width=\"540\" height=\"307\"><\/p>\r\n<p>Tymczasem Prezydent ma racj\u0119: skoro mo\u017cna zdoby\u0107 punkty u \u017byd\u00f3w a tak\u017ce &#8230; zas\u0142oni\u0107 si\u0119 nimi przed oskar\u017ceniami o fundamentalizm chrze\u015bcija\u0144ski, to czemu tego NIE zrobi\u0107?<\/p>\r\n<p>Zw\u0142aszcza, \u017ce w Europie, a we Francji szczeg\u00f3lnie!, oba nasze wyznania i ich symbole s\u0105 ci\u0105gle w\u015bciekle atakowane przez koalicj\u0119 bezbo\u017cnik\u00f3w i islamist\u00f3w. Ta koalicja puszcza z dymem kolejne nasze ko\u015bcio\u0142y i synagogi, bezcze\u015bci cmentarze. Jeste\u015bmy z \u017bydami naturalnymi sojusznikami w walce o przetrwanie, czy si\u0119 to komu podoba, czy nie.<\/p>\r\n<p><span class=\"pullquote\">Znacznie bardziej obawiam si\u0119, \u017ce restauracja katedry Notre Dame b\u0119dzie przeprowadzona w duchu mi\u0119dzyreligijnym<\/span>. \u0179e pa\u0144stwo francuskie, kt\u00f3re jest od ponad stu lat w\u0142a\u015bcicielem (cho\u0107 lepiej napisa\u0107, \u017ce okupantem i administratorem) ko\u015bcio\u0142a przemyci do jej wn\u0119trza maso\u0144sk\u0105 symbolik\u0119 w postaci jakich\u015b &#8222;kaplic zadumy&#8221;. I jestem pewien, \u017ce przy podj\u0119ciu takiej pr\u00f3by, nie zosta\u0142aby ona raczej storpedowana ani przez archidiecezj\u0119 parysk\u0105 ani przez Watykan.<\/p>\r\n<p>Ca\u0142a nadzieja w prywatnym, chrze\u015bcija\u0144skim kapitale, kt\u00f3ry powinien by\u0107 znacznie wi\u0119kszy ni\u017c pa\u0144stwowe dotacje (informacje <a href=\"https:\/\/twitter.com\/delestoile?fbclid=IwAR2cITL_sBo6-sMoquzgkZoXlW43Y2ClanCwnVNBkLg7VNH5hwK7WYoeYkU\">za Twitterem<\/a><\/p>\r\n<blockquote>\r\n<p><em>Dw\u00f3ch francuskich miliarder\u00f3w, Fran\u00c3\u00a7ois Pinault i Bernard Arnault, deklaruje 100 i 200 mln \u00e2\u201a\u00ac na odbudow\u0119 Notre-Dame. Dla por\u00f3wnania obecne prace konserwatorskie to 165 mln \u00e2\u201a\u00ac roz\u0142o\u017cone na 30 lat, g\u0142\u00f3wnie prywatny mecenat z USA. W\u0142a\u015bciciel katedry czyli pa\u0144stwo daje 2 mln rocznie.<\/em><\/p>\r\n<\/blockquote>\r\n<p>i cho\u0107by dlatego powinien mie\u0107 znacznie wi\u0119kszy wp\u0142yw na to, jak si\u0119 odbuduje Notre Dame.<\/p>\r\n<p><strong><em>Krusejder<\/em><\/strong><\/p>\r\n<p class=\"zrodlo\">Za: <a href=\"https:\/\/przedsoborowy.blogspot.com\/2019\/04\/o-odbudowie-notre-dame.html\">M\u0142ot na posoborowie (16 kwietnia 2019)<\/a><\/p>\r\n<h4>&nbsp;<\/h4>\r\n<hr style=\"background-color: #000000; border-width: 0; color: #000000; height: 2px; line-height: 0; text-align: center; width: 100%;\">\r\n<h4>&nbsp;<\/h4>\r\n<blockquote>\r\n<p><strong>KOMENTARZ <em>BIBU\u0141Y<\/em><\/strong>: Niestety, nie zgadzamy sie Autorem (Krusejder), kt\u00f3ry twierdzi, \u017ce &#8222;<em>Jeste\u015bmy z \u017bydami naturalnymi sojusznikami w walce o przetrwanie, czy si\u0119 to komu podoba, czy nie.<\/em>&#8221; Nienawi\u015b\u0107 wsp\u00f3\u0142czesnych ateist\u00f3w, anarchist\u00f3w, czy prawdziwych antysemit\u00f3w, czyli tych, kt\u00f3rzy inspiruj\u0105 i przeprowadzaj\u0105 ataki na synagogi, r\u00f3\u017cni si\u0119 bowiem w motywach i przyczynach nienawi\u015bci do chrze\u015bcija\u0144stwa, a szczeg\u00f3lnie katolicyzmu. Po du\u017co szerszej stronie katoliko\u017cerc\u00f3w stoj\u0105, opr\u00f3cz tych\u017ce ateist\u00f3w czy anarchist\u00f3w, r\u00f3wnie\u017c i masoni, i r\u00f3\u017cne frakcje prostestanckie, jak i sami \u017bydzi. Prawdziwego katolicyzmu nienawidz\u0105 te\u017c posoborowi duchem katolicy, wi\u0119c wszystko co jest uto\u017csamiane z niezmienn\u0105 nauk\u0105 Ko\u015bcio\u0142a, jest znienawidzone dzisiaj przez wszystkich, ca\u0142y \u015bwiat &#8211; z wyj\u0105tkiem grupki trzymaj\u0105cej si\u0119 jeszcze Magisterium. Nawet okupant Stolicy Piotrowej, osobnik o pseudonimie Franciszek, stan\u0105\u0142 po stronie wroga.<\/p>\r\n<p>Trudno poj\u0105\u0107 jak mo\u017cna nie widzie\u0107, \u017ce dwie cywilizacje &#8211; \u017cydowska i \u0142aci\u0144ska &#8211; nic nie \u0142\u0105czy, pomimo chwilowych wsp\u00f3lnych wrog\u00f3w, przy czym nienawi\u015b\u0107 do chrze\u015bcija\u0144stwa w takiej Francji jest o wiele wi\u0119ksza ni\u017c do judaizmu-syjonizmu, a ten cieszy si\u0119 pe\u0142n\u0105 ochron\u0105 pa\u0144stwowych organ\u00f3w i s\u0142u\u017calczo\u015bci\u0105 medi\u00f3w. \u017byd\u00f3w nie przekonamy do ochrony chrze\u015bcija\u0144stwa &#8211; chyba, \u017ce koniunkturalnie b\u0119dzie to chwilowo przydatne samym \u017bydom &#8211; za\u015b chrze\u015bciajanie powinni odseparowa\u0107 si\u0119 od swoich odwiecznych wrog\u00f3w. W ten spos\u00f3b osi\u0105gniemy r\u00f3wnie\u017c to, \u017ce fale nienawi\u015bci b\u0119d\u0105 kierowane ku zamierzonym celom, bo przecie\u017c nie chcemy by\u0107 niewinnymi po\u015brednikami i ofiarami agresji maj\u0105cej zupe\u0142nie inne \u017ar\u00f3d\u0142a i przyczyny.<\/p>\r\n<p>A co do obawy o odbudow\u0119 katedry Notre Dame w duchu mi\u0119dzyreligijnym, to w klimacie wsp\u00f3\u0142czesno\u015bci jest pewne, \u017ce b\u0119dzie sprofanowana przez posoborowe nowinki, przez kaplice mi\u0119dzyreligijne, a&nbsp; &#8222;brak funduszy&#8221; wstrzyma odbudow\u0119 niekt\u00f3rych tzw. kontrowersyjnych dzie\u0142 sztuki. A mo\u017ce dojdzie i do tego, \u017ce d\u0142uga odbudowa katedry uko\u0144czona zostanie wtedy gdy nastanie klimat do przeznaczenia jej na najwi\u0119kszy meczet.<\/p>\r\n<\/blockquote>\r\n<h4>&nbsp;<\/h4>\r\n<hr style=\"background-color: #000000; border-width: 0; color: #000000; height: 2px; line-height: 0; text-align: center; width: 100%;\">\r\n<h4>&nbsp;<\/h4>","protected":false},"excerpt":{"rendered":"Rozmaite &#8222;prawackie&#8221; durnie czepiaj\u0105 si\u0119 p. Andrzeja Dudy za to, \u017ce napisa\u0142 zdanie: jestem przekonany, \u017ce odbudowa Katedry mo\u017ce sta\u0107 si\u0119 symbolem odbudowy Europy. Odbudowy Europy na jej prawdziwym, historycznym, judeo-chrze\u015bcija\u0144skim fundamencie. Tymczasem Prezydent ma racj\u0119: skoro mo\u017cna zdoby\u0107 punkty u \u017byd\u00f3w a tak\u017ce &#8230; zas\u0142oni\u0107 si\u0119 nimi przed oskar\u017ceniami o fundamentalizm chrze\u015bcija\u0144ski, to czemu [&hellip;]","protected":false},"author":1,"featured_media":0,"comment_status":"closed","ping_status":"closed","sticky":false,"template":"","format":"standard","meta":{"_acf_changed":false,"_monsterinsights_skip_tracking":false,"_monsterinsights_sitenote_active":false,"_monsterinsights_sitenote_note":"","_monsterinsights_sitenote_category":0,"ngg_post_thumbnail":0,"footnotes":"","_wp_rev_ctl_limit":""},"categories":[9],"tags":[349,132,191,53],"acf":[],"_links":{"self":[{"href":"https:\/\/www.bibula.com\/index.php?rest_route=\/wp\/v2\/posts\/107552"}],"collection":[{"href":"https:\/\/www.bibula.com\/index.php?rest_route=\/wp\/v2\/posts"}],"about":[{"href":"https:\/\/www.bibula.com\/index.php?rest_route=\/wp\/v2\/types\/post"}],"author":[{"embeddable":true,"href":"https:\/\/www.bibula.com\/index.php?rest_route=\/wp\/v2\/users\/1"}],"replies":[{"embeddable":true,"href":"https:\/\/www.bibula.com\/index.php?rest_route=%2Fwp%2Fv2%2Fcomments&post=107552"}],"version-history":[{"count":0,"href":"https:\/\/www.bibula.com\/index.php?rest_route=\/wp\/v2\/posts\/107552\/revisions"}],"wp:attachment":[{"href":"https:\/\/www.bibula.com\/index.php?rest_route=%2Fwp%2Fv2%2Fmedia&parent=107552"}],"wp:term":[{"taxonomy":"category","embeddable":true,"href":"https:\/\/www.bibula.com\/index.php?rest_route=%2Fwp%2Fv2%2Fcategories&post=107552"},{"taxonomy":"post_tag","embeddable":true,"href":"https:\/\/www.bibula.com\/index.php?rest_route=%2Fwp%2Fv2%2Ftags&post=107552"}],"curies":[{"name":"wp","href":"https:\/\/api.w.org\/{rel}","templated":true}]}}