{"id":107548,"date":"2019-04-15T16:39:14","date_gmt":"2019-04-15T20:39:14","guid":{"rendered":"http:\/\/www.bibula.com\/?p=107548"},"modified":"2019-04-16T11:32:03","modified_gmt":"2019-04-16T15:32:03","slug":"tragiczny-pozar-katedry-notre-dame-to-przypadek-czy-znak-bogdan-dobosz","status":"publish","type":"post","link":"https:\/\/www.bibula.com\/?p=107548","title":{"rendered":"Tragiczny po\u017car katedry Notre Dame to przypadek czy znak? &#8211; <em>Bogdan Dobosz<\/em>"},"content":{"rendered":"<p><strong>Najpierw by\u0142 telefon od kolegi &#8211; malarza, kt\u00f3ry pracuje w pobli\u017cu katedry, p\u00f3\u017aniej kolejne telefony, wreszcie przera\u017caj\u0105ce zdj\u0119cia i filmy.&nbsp; Niewidziany od dziesi\u0105tek lat przyjaciel ze studi\u00f3w, pyta\u0142 &#8211; \u201eprzypadek czy znak?\u201d. I co\u015b w tym pytaniu chyba jest. Po\u017car katedry Notre Dame wywo\u0142uje uczucia chyba jeszcze bardziej mocne ni\u017c zamachy terrorystyczne. W dodatku zaczyna si\u0119 przecie\u017c Wielki Tydzie\u0144\u2026 Chyba jednak \u201eznak\u201d. Zw\u0142aszcza w widoku prze\u0142amuj\u0105cej si\u0119 wie\u017cy.<\/strong><\/p>\r\n<p>Na Twitterze wpis prezydenta Macrona: \u201eNotre-Dame de Paris w p\u0142omieniach. Emocje ca\u0142ego narodu. My\u015blimy o wszystkich katolikach i wszystkich Francuzach. Podobnie jak wszyscy nasi rodacy, dzi\u015b wieczorem jestem smutny widz\u0105c jak spala si\u0119 cz\u0119\u015b\u0107 nas\u201d. Wyj\u0105tkowo \u0142adne s\u0142owa i szkoda, \u017ce padaj\u0105 od polityk\u00f3w tylko w takich chwilach. Macron anulowa\u0142 dzisiejsze wyst\u0105pienie przed kamerami TV i osobi\u015bcie odwiedzi\u0142 miejsce po\u017caru. Towarzyszyli mu m.in. minister kultury i mer Pary\u017ca Anne Hidalgo. Hidalgo stwierdzi\u0142a, \u017ce \u201etego wieczoru wszyscy Pary\u017canie p\u0142acz\u0105\u201d.<\/p>\r\n<p>Na twarzach polityk\u00f3w wida\u0107 smutek, ale zastanawiam si\u0119, czy te uczucia podzielaj\u0105 jednak wszyscy Francuzi. Ze strony tutejszych muzu\u0142man\u00f3w pojawi si\u0119 niemal natychmiast du\u017co wpis\u00f3w prezentuj\u0105cych wr\u0119cz zadowolenie ze zniszczenia tego symbolu chrze\u015bcija\u0144stwa.<\/p>\r\n<p>Przy katedrze prowadzony by\u0142 remont. Pierwsze podejrzenia padaj\u0105 na mo\u017cliwo\u015b\u0107 zapr\u00f3szenia tam ognia. Istnieje te\u017c mo\u017cliwo\u015b\u0107 aktu terroru. Prefektura ju\u017c rozpocz\u0119\u0142a \u015bledztwo, kt\u00f3re ma ustali\u0107 przyczyny po\u017caru. Ka\u017cda jednak okoliczno\u015b\u0107 jest okropna.<\/p>\r\n<p>Media prowadz\u0105 transmisj\u0119 na \u017cywo. Zapadaj\u0105cy zmrok i ci\u0105gle mocne p\u0142omienie tworz\u0105 widok niesamowity i podkre\u015blaj\u0105 dramat. Na antenach pojawiaj\u0105 si\u0119 politycy, w\u0142adze Pary\u017ca, specjali\u015bci od po\u017carnictwa. Fakt\u00f3w pada jak na razie niewiele. Wiadomo, \u017ce ogie\u0144 wybuch\u0142 oko\u0142o godziny 18.50. Pracuje przy nim 400 stra\u017cak\u00f3w, ca\u0142y sektor miasta (wyspy Cit\u00c3\u00a9) zosta\u0142 ewakuowany. Akcja mo\u017ce potrwa\u0107 nawet ca\u0142\u0105 noc. Teren otoczy\u0142a policja i wojsko. Tysi\u0105ce ludzi zebra\u0142o si\u0119 po drugiej stronie Sekwany, na placu przed Hotel de Ville i wok\u00f3\u0142 wyspy Cit\u00c3\u00a9.&nbsp; Trudno te\u017c ustali\u0107 mo\u017cliw\u0105 liczb\u0119 strat, cz\u0119\u015b\u0107 zabytkowych element\u00f3w sakralnych zosta\u0142a zabezpieczona. Warto doda\u0107, \u017ce w skarbcu katedralnym znajduje si\u0119 m.in. relikwiarz drzewa Krzy\u017ca \u015awi\u0119tego, kt\u00f3ry by\u0142 obecny przy koronacji kr\u00f3l\u00f3w Polski.<\/p>\r\n<p>W katedrze celebrowano 5 dziennych Mszy \u015bw. i 7 w niedziel\u0119 i \u015bwi\u0119ta. Odwiedza\u0142o j\u0105 rocznie 12 milion\u00f3w turyst\u00f3w. Notre Dame to bohaterka literatury, symbol Pary\u017ca i ca\u0142ej Francji, wspania\u0142o\u015bci gotyku i \u015bredniowiecznej architektury. Jest wpisana na list\u0119 UNESCO.<\/p>\r\n<p>Katedra znajduje si\u0119 na wyspie na Sekwanie, w \u015bcis\u0142ym centrum historycznej Lutecji. Wybudowano j\u0105 na miejscu dw\u00f3ch jeszcze starszych ko\u015bcio\u0142\u00f3w w latach 1163-1345. Powa\u017cniejsze straty ponios\u0142a tylko w czasie rewolucji francuskiej, kiedy utraci\u0142a dach na wie\u017cach. Chciano j\u0105 wtedy zburzy\u0107, ale obawiano si\u0119, \u017ce uszkodzi\u0142oby to inne budynki w ciasnej zabudowie wyspy Cit\u00c3\u00a9.<\/p>\r\n<p><strong><em>Bogdan Dobosz<\/em><\/strong><\/p>\r\n<p class=\"zrodlo\">Za: <a href=\"https:\/\/www.pch24.pl\/bogdan-dobosz--tragiczny-pozar-katedry-notre-dame-to-przypadek-czy-znak-,67574,i.html\">PoloniaChristiana &#8211; pch24.pl (2019-04-15)<\/a> &#8211; [Org. tytu\u0142: \u00abBogdan Dobosz: tragiczny po\u017car katedry Notre Dame to przypadek czy znak?\u00bb]<\/p>\r\n<h4>&nbsp;<\/h4>\r\n<hr style=\"background-color: #000000; border-width: 0; color: #000000; height: 2px; line-height: 0; text-align: center; width: 100%;\">\r\n<h4>&nbsp;<\/h4>\r\n<blockquote>\r\n<p><strong>CZYTAJ:<\/strong><\/p>\r\n<ul>\r\n\t<li><a href=\"http:\/\/www.bibula.com\/?p=19777\">Skandal w katedrze czyli jak ze wzgl\u0119du na rabina wyrzucono modl\u0105cych si\u0119 na r\u00f3\u017ca\u0144cu katolik\u00f3w<\/a><\/li>\r\n\t<li><a title=\"06-26-2017\" href=\"http:\/\/www.bibula.com\/?p=96353\" rel=\"bookmark\">Seria atak\u00f3w na figury Naj\u015bwi\u0119tszej Maryi Panny. Przypadek czy zorganizowana akcja?<\/a><\/li>\r\n\t<li><a href=\"http:\/\/www.bibula.com\/?p=70847\">Wyburzanie ko\u015bcio\u0142\u00f3w we Francji<\/a><\/li>\r\n\t<li><a href=\"http:\/\/www.bibula.com\/?p=19655\">Pary\u017c: Katolicy odmawiali r\u00f3\u017caniec za obelg\u0119, czyli za &#8222;rekolekcje\u201d rabina w katedrze Notre-Dame<\/a><\/li>\r\n\t<li><a href=\"http:\/\/www.bibula.com\/?p=84008\">Pary\u017c: profanacja katedry zgodna z prawem<\/a><\/li>\r\n\t<li><a title=\"08-10-2007\" href=\"http:\/\/www.bibula.com\/?p=1148\" rel=\"bookmark\"><em>Kadisz<\/em> odmawiany podczas \u017cydowsko-katolickich uroczysto\u015bci pogrzebowych kard. Lustigera<\/a><\/li>\r\n\t<li><a href=\"http:\/\/www.bibula.com\/?p=70847\">Francja: czy b\u0119d\u0105 burzone ko\u015bcio\u0142y?<\/a><\/li>\r\n\t<li><a href=\"http:\/\/www.bibula.com\/?p=71276\">Francja : zn\u00f3w podpalaj\u0105 ko\u015bcio\u0142y<\/a><\/li>\r\n\t<li><a href=\"http:\/\/www.bibula.com\/?p=71276\">Czy we Francji dochodzi do zbiorowego op\u0119tania?<\/a><\/li>\r\n\t<li><a href=\"http:\/\/www.bibula.com\/?p=48358\">Paryski s\u0105d uzna\u0142, \u017ce w szydzeniu z Chrystusa nie ma niczego z\u0142ego<\/a><\/li>\r\n\t<li><a title=\"08-20-2015\" href=\"http:\/\/www.bibula.com\/?p=83033\" rel=\"bookmark\">Francja: seria kradzie\u017cy i profanacji w katolickich \u015bwi\u0105tyniach<\/a><\/li>\r\n\t<li><a title=\"06-7-2016\" href=\"http:\/\/www.bibula.com\/?p=87963\" rel=\"bookmark\">Wandalizm, kradzie\u017ce i profanacje. Parafia w Martigues pozostaje celem atak\u00f3w<\/a><\/li>\r\n\t<li><a title=\"02-12-2019\" href=\"http:\/\/www.bibula.com\/?p=106631\" rel=\"bookmark\">Nowa fala blu\u017anierczych profanacji francuskich \u015bwi\u0105ty\u0144<\/a><\/li>\r\n\t<li><a title=\"02-17-2015\" href=\"http:\/\/www.bibula.com\/?p=79820\" rel=\"bookmark\">Francuski biskup obawia si\u0119 profanacji. Cia\u0142o Pa\u0144skie nie b\u0119dzie przechowywane w tabernakulum<\/a><\/li>\r\n\t<li><a title=\"11-3-2015\" href=\"http:\/\/www.bibula.com\/?p=84064\" rel=\"bookmark\">We Francji dosz\u0142o do profanacji cmentarzy. Na Wszystkich \u015awi\u0119tych diabe\u0142 wyje<\/a><\/li>\r\n\t<li><a title=\"02-10-2017\" href=\"http:\/\/www.bibula.com\/?p=93713\" rel=\"bookmark\">Wandalizm we francuskim ko\u015bciele. Kradzie\u017ce i odci\u0119te g\u0142owy figur \u015bwi\u0119tych<\/a><\/li>\r\n\t<li><a title=\"03-12-2015\" href=\"http:\/\/www.bibula.com\/?p=80357\" rel=\"bookmark\">Wandale zniszczyli replik\u0119 groty z Lourdes. Pozostaj\u0105 bezkarni<\/a><\/li>\r\n\t<li><a title=\"07-30-2018\" href=\"http:\/\/www.bibula.com\/?p=102984\" rel=\"bookmark\">Francja: Chrystianofobia w natarciu. Wandale niszcz\u0105 obiekty sakralne<\/a><\/li>\r\n\t<li><a title=\"05-1-2017\" href=\"http:\/\/www.bibula.com\/?p=95412\" rel=\"bookmark\">Fala atak\u00f3w na ko\u015bcio\u0142y katolickie we Francji. W ci\u0105gu o\u015bmiu lat dosz\u0142o do prawie tysi\u0105ca napa\u015bci<\/a><\/li>\r\n\t<li><a title=\"01-28-2016\" href=\"http:\/\/www.bibula.com\/?p=85484\" rel=\"bookmark\">We Francji skradziono cyborium z konsekrowanymi Hostiami<\/a><\/li>\r\n\t<li><a title=\"11-25-2016\" href=\"http:\/\/www.bibula.com\/?p=91616\" rel=\"bookmark\">Francuska policja ujawni\u0142a cele zatrzymanych islamist\u00f3w. Na li\u015bcie m.in. ko\u015bcio\u0142y katolickie<\/a><\/li>\r\n\t<li><a title=\"11-3-2015\" href=\"http:\/\/www.bibula.com\/?p=84064\" rel=\"bookmark\">We Francji dosz\u0142o do profanacji cmentarzy. Na Wszystkich \u015awi\u0119tych diabe\u0142 wyje<\/a><\/li>\r\n<\/ul>\r\n<\/blockquote>\r\n<h4>&nbsp;<\/h4>\r\n<hr style=\"background-color: #000000; border-width: 0; color: #000000; height: 2px; line-height: 0; text-align: center; width: 100%;\">\r\n<h4>&nbsp;<\/h4>","protected":false},"excerpt":{"rendered":"Najpierw by\u0142 telefon od kolegi &#8211; malarza, kt\u00f3ry pracuje w pobli\u017cu katedry, p\u00f3\u017aniej kolejne telefony, wreszcie przera\u017caj\u0105ce zdj\u0119cia i filmy.&nbsp; Niewidziany od dziesi\u0105tek lat przyjaciel ze studi\u00f3w, pyta\u0142 &#8211; \u201eprzypadek czy znak?\u201d. I co\u015b w tym pytaniu chyba jest. Po\u017car katedry Notre Dame wywo\u0142uje uczucia chyba jeszcze bardziej mocne ni\u017c zamachy terrorystyczne. W dodatku zaczyna [&hellip;]","protected":false},"author":1,"featured_media":0,"comment_status":"closed","ping_status":"closed","sticky":false,"template":"","format":"standard","meta":{"_acf_changed":false,"_monsterinsights_skip_tracking":false,"_monsterinsights_sitenote_active":false,"_monsterinsights_sitenote_note":"","_monsterinsights_sitenote_category":0,"ngg_post_thumbnail":0,"footnotes":"","_wp_rev_ctl_limit":""},"categories":[9],"tags":[132,114,191],"acf":[],"_links":{"self":[{"href":"https:\/\/www.bibula.com\/index.php?rest_route=\/wp\/v2\/posts\/107548"}],"collection":[{"href":"https:\/\/www.bibula.com\/index.php?rest_route=\/wp\/v2\/posts"}],"about":[{"href":"https:\/\/www.bibula.com\/index.php?rest_route=\/wp\/v2\/types\/post"}],"author":[{"embeddable":true,"href":"https:\/\/www.bibula.com\/index.php?rest_route=\/wp\/v2\/users\/1"}],"replies":[{"embeddable":true,"href":"https:\/\/www.bibula.com\/index.php?rest_route=%2Fwp%2Fv2%2Fcomments&post=107548"}],"version-history":[{"count":0,"href":"https:\/\/www.bibula.com\/index.php?rest_route=\/wp\/v2\/posts\/107548\/revisions"}],"wp:attachment":[{"href":"https:\/\/www.bibula.com\/index.php?rest_route=%2Fwp%2Fv2%2Fmedia&parent=107548"}],"wp:term":[{"taxonomy":"category","embeddable":true,"href":"https:\/\/www.bibula.com\/index.php?rest_route=%2Fwp%2Fv2%2Fcategories&post=107548"},{"taxonomy":"post_tag","embeddable":true,"href":"https:\/\/www.bibula.com\/index.php?rest_route=%2Fwp%2Fv2%2Ftags&post=107548"}],"curies":[{"name":"wp","href":"https:\/\/api.w.org\/{rel}","templated":true}]}}