{"id":107497,"date":"2019-04-10T16:30:19","date_gmt":"2019-04-10T20:30:19","guid":{"rendered":"http:\/\/www.bibula.com\/?p=107497"},"modified":"2019-04-10T16:30:19","modified_gmt":"2019-04-10T20:30:19","slug":"komisja-obrony-walczy-z-katolickimi-tradycjami-w-armii-francuskiej","status":"publish","type":"post","link":"https:\/\/www.bibula.com\/?p=107497","title":{"rendered":"Komisja obrony walczy z katolickimi tradycjami w Armii Francuskiej"},"content":{"rendered":"<p><strong>Deputowani rz\u0105dz\u0105cej Republiki w Marszu (LREM) oraz lewackiej Francji Niepokornej (FI) przygotowali dokument dla parlamentarnej Komisji Obrony. Autorzy raportu opracowanego pod przewodnictwem deputowanego Jaen-Jacquesa Brideya (LREM) pot\u0119piaj\u0105 religijny, katolicki charakter niekt\u00f3rych \u015bwi\u0105t i uroczysto\u015bci obchodzonych w Armii Francuskiej, zgodnie z d\u0142ug\u0105 tradycj\u0105 wojskow\u0105. Raport domaga si\u0119 likwidacji tej \u201eszkodliwej, dyskryminacyjnej\u201d tradycji.<\/strong><strong>&nbsp;<\/strong><\/p>\r\n<p>&#8211; <em>Uwa\u017camy, \u017ce trzeba zapewni\u0107 \u015bcis\u0142e przestrzeganie zasady neutralno\u015bci. \u015awiecko\u015b\u0107 i neutralno\u015b\u0107 chroni\u0105 zbiorowo\u015b\u0107 przed dzia\u0142aniami szkodz\u0105cymi sp\u00f3jno\u015bci grupy<\/em> &#8211; o\u015bwiadczy\u0142 Bastien Lachaud (FI), jeden z autor\u00f3w dokumentu zatytu\u0142owanego \u201eRaport informacyjny o ewolucji dyspozycji do walki przeciw dyskryminacji wewn\u0105trz si\u0142 francuskich\u201d.<\/p>\r\n<p>Jak powiedzia\u0142 antykleryka\u0142, \u201erzeczywi\u015bcie zbyt cz\u0119sto u\u017cywa si\u0119 du\u017cych nak\u0142ad\u00f3w aby wysy\u0142a\u0107 zaproszenia na ceremonie katolickie. Nie jest czym\u015b niezwyk\u0142ym, \u017ce e-maile z zaproszeniami na Msz\u0119 ku czci \u015bwi\u0119tego patrona wysy\u0142a si\u0119 ze internetowej skrzynki jednostki lub jej dow\u00f3dcy\u201d &#8211; ubolewa\u0142 lewak.<\/p>\r\n<p>Jean-Luc M\u00c3\u00a9lenchon, przewodnicz\u0105cy skrajnie lewicowej partii Francja Niepokorna, jest znanym masonem, cz\u0142onkiem Wielkiego Wschodu Francji.<\/p>\r\n<p>FLC<\/p>","protected":false},"excerpt":{"rendered":"Deputowani rz\u0105dz\u0105cej Republiki w Marszu (LREM) oraz lewackiej Francji Niepokornej (FI) przygotowali dokument dla parlamentarnej Komisji Obrony. Autorzy raportu opracowanego pod przewodnictwem deputowanego Jaen-Jacquesa Brideya (LREM) pot\u0119piaj\u0105 religijny, katolicki charakter niekt\u00f3rych \u015bwi\u0105t i uroczysto\u015bci obchodzonych w Armii Francuskiej, zgodnie z d\u0142ug\u0105 tradycj\u0105 wojskow\u0105. Raport domaga si\u0119 likwidacji tej \u201eszkodliwej, dyskryminacyjnej\u201d tradycji.&nbsp; &#8211; Uwa\u017camy, \u017ce trzeba [&hellip;]","protected":false},"author":1,"featured_media":0,"comment_status":"closed","ping_status":"closed","sticky":false,"template":"","format":"standard","meta":{"_acf_changed":false,"_monsterinsights_skip_tracking":false,"ngg_post_thumbnail":0,"footnotes":"","_wp_rev_ctl_limit":""},"categories":[6],"tags":[132,191,84],"acf":[],"_links":{"self":[{"href":"https:\/\/www.bibula.com\/index.php?rest_route=\/wp\/v2\/posts\/107497"}],"collection":[{"href":"https:\/\/www.bibula.com\/index.php?rest_route=\/wp\/v2\/posts"}],"about":[{"href":"https:\/\/www.bibula.com\/index.php?rest_route=\/wp\/v2\/types\/post"}],"author":[{"embeddable":true,"href":"https:\/\/www.bibula.com\/index.php?rest_route=\/wp\/v2\/users\/1"}],"replies":[{"embeddable":true,"href":"https:\/\/www.bibula.com\/index.php?rest_route=%2Fwp%2Fv2%2Fcomments&post=107497"}],"version-history":[{"count":0,"href":"https:\/\/www.bibula.com\/index.php?rest_route=\/wp\/v2\/posts\/107497\/revisions"}],"wp:attachment":[{"href":"https:\/\/www.bibula.com\/index.php?rest_route=%2Fwp%2Fv2%2Fmedia&parent=107497"}],"wp:term":[{"taxonomy":"category","embeddable":true,"href":"https:\/\/www.bibula.com\/index.php?rest_route=%2Fwp%2Fv2%2Fcategories&post=107497"},{"taxonomy":"post_tag","embeddable":true,"href":"https:\/\/www.bibula.com\/index.php?rest_route=%2Fwp%2Fv2%2Ftags&post=107497"}],"curies":[{"name":"wp","href":"https:\/\/api.w.org\/{rel}","templated":true}]}}