{"id":107398,"date":"2019-04-04T13:00:34","date_gmt":"2019-04-04T17:00:34","guid":{"rendered":"http:\/\/www.bibula.com\/?p=107398"},"modified":"2019-04-04T13:00:34","modified_gmt":"2019-04-04T17:00:34","slug":"sprawiedliwosc-czy-politpoprawnosc-ue-wzywa-do-zadoscuczynienia-za-kolonializm","status":"publish","type":"post","link":"https:\/\/www.bibula.com\/?p=107398","title":{"rendered":"Sprawiedliwo\u015b\u0107 czy politpoprawno\u015b\u0107? UE wzywa do zado\u015b\u0107uczynienia za kolonializm"},"content":{"rendered":"<p><strong>Parlament Europejski przeg\u0142osowa\u0142 rezolucj\u0119 wzywaj\u0105c\u0105 do zado\u015b\u0107uczynienia za czyny uznane za zbrodnie pope\u0142nione w Afryce w dobie kolonializmu. Postuluj\u0105 tak\u017ce walk\u0119 z rasizmem i szerszy dost\u0119p os\u00f3b czarnosk\u00f3rych do program\u00f3w socjalnych.<\/strong><\/p>\r\n<p>Europos\u0142owie przestrzegaj\u0105 tak\u017ce przed tak zwanym strukturalnym rasizmem. Wezwali instytucje unijne i w\u0142adze kraj\u00f3w nale\u017c\u0105cych do UE do rozwoju polityki antyrasistowskiej i powstrzymania dyskryminacji w obszarach takich jak: mieszkalnictwo, edukacje, zdrowie, sprawiedliwo\u015b\u0107 karna, a tak\u017ce migracja i uczestnictwo w \u017cyciu politycznym.<\/p>\r\n<p>Parlament Europejski wzywa Komisj\u0119 Europejsk\u0105 i pa\u0144stwa cz\u0142onkowskie UE \u201edo wzi\u0119cia pod uwag\u0119 rasistowskiego, dyskryminacyjnego i ksenofobicznego cierpienia Afro-Europejczyk\u00f3w i zapewnienia w\u0142a\u015bciwej ochrony przeciwko tym nier\u00f3wno\u015bciom, by upewni\u0107 si\u0119, \u017ce przest\u0119pstwa z nienawi\u015bci s\u0105 w\u0142a\u015bciwie badane, \u015bcigane i karane\u201d.<\/p>\r\n<p>Autorzy rezolucji nalegaj\u0105, by Afryka\u0144czycy mieszkaj\u0105cy w Europie byli bardziej brani pod uwag\u0119 przy rozdzielaniu \u015brodk\u00f3w z nowego bud\u017cetu unijnego oraz obecnych programach.<\/p>\r\n<p>Europos\u0142owie wzywaj\u0105 r\u00f3wnie\u017c do zako\u0144czenia profilowania rasowego i etnicznego przez s\u0142u\u017cby w tym antyterroryst\u00f3w. Co wi\u0119cej, nak\u0142aniaj\u0105 do zado\u015b\u0107uczynienia za zbrodnie pope\u0142niane w dobie kolonializmu. Proponuj\u0105 mi\u0119dzy innymi zwrot skradzionych przedmiot\u00f3w (zapewne chodzi o pochodz\u0105ce z Afryki artefakty znajduj\u0105ce si\u0119 w muzeach Europy) oraz przeprosiny. Postuluj\u0105 tak\u017ce zwr\u00f3cenie uwagi na kolonializm w programach edukacyjnych.&nbsp;<\/p>\r\n<p>Autorzy rezolucji krytykuj\u0105 tak\u017ce negatywne stereotypy na temat czarnoskr\u00f3rych. Zwracaj\u0105 r\u00f3wnie\u017c uwag\u0119, \u017ce statystycznie pochodz\u0105ce z Afryki dzieci maj\u0105 ni\u017csze oceny w szko\u0142ach i cz\u0119\u015bciej przedterminowo je opuszczaj\u0105.<\/p>\r\n<p>Rezolucj\u0119 przeg\u0142osowano pod koniec marca.<\/p>\r\n<p>\u0179r\u00f3d\u0142o: voiceofeurope.com<\/p>\r\n<p>mjend<\/p>","protected":false},"excerpt":{"rendered":"Parlament Europejski przeg\u0142osowa\u0142 rezolucj\u0119 wzywaj\u0105c\u0105 do zado\u015b\u0107uczynienia za czyny uznane za zbrodnie pope\u0142nione w Afryce w dobie kolonializmu. Postuluj\u0105 tak\u017ce walk\u0119 z rasizmem i szerszy dost\u0119p os\u00f3b czarnosk\u00f3rych do program\u00f3w socjalnych. Europos\u0142owie przestrzegaj\u0105 tak\u017ce przed tak zwanym strukturalnym rasizmem. Wezwali instytucje unijne i w\u0142adze kraj\u00f3w nale\u017c\u0105cych do UE do rozwoju polityki antyrasistowskiej i powstrzymania dyskryminacji [&hellip;]","protected":false},"author":1,"featured_media":0,"comment_status":"closed","ping_status":"closed","sticky":false,"template":"","format":"standard","meta":{"_acf_changed":false,"_monsterinsights_skip_tracking":false,"_monsterinsights_sitenote_active":false,"_monsterinsights_sitenote_note":"","_monsterinsights_sitenote_category":0,"ngg_post_thumbnail":0,"footnotes":"","_wp_rev_ctl_limit":""},"categories":[6],"tags":[165,23,31,20],"acf":[],"_links":{"self":[{"href":"https:\/\/www.bibula.com\/index.php?rest_route=\/wp\/v2\/posts\/107398"}],"collection":[{"href":"https:\/\/www.bibula.com\/index.php?rest_route=\/wp\/v2\/posts"}],"about":[{"href":"https:\/\/www.bibula.com\/index.php?rest_route=\/wp\/v2\/types\/post"}],"author":[{"embeddable":true,"href":"https:\/\/www.bibula.com\/index.php?rest_route=\/wp\/v2\/users\/1"}],"replies":[{"embeddable":true,"href":"https:\/\/www.bibula.com\/index.php?rest_route=%2Fwp%2Fv2%2Fcomments&post=107398"}],"version-history":[{"count":0,"href":"https:\/\/www.bibula.com\/index.php?rest_route=\/wp\/v2\/posts\/107398\/revisions"}],"wp:attachment":[{"href":"https:\/\/www.bibula.com\/index.php?rest_route=%2Fwp%2Fv2%2Fmedia&parent=107398"}],"wp:term":[{"taxonomy":"category","embeddable":true,"href":"https:\/\/www.bibula.com\/index.php?rest_route=%2Fwp%2Fv2%2Fcategories&post=107398"},{"taxonomy":"post_tag","embeddable":true,"href":"https:\/\/www.bibula.com\/index.php?rest_route=%2Fwp%2Fv2%2Ftags&post=107398"}],"curies":[{"name":"wp","href":"https:\/\/api.w.org\/{rel}","templated":true}]}}