{"id":107346,"date":"2019-04-02T15:20:54","date_gmt":"2019-04-02T19:20:54","guid":{"rendered":"http:\/\/www.bibula.com\/?p=107346"},"modified":"2019-04-10T10:24:29","modified_gmt":"2019-04-10T14:24:29","slug":"gdansk-ksieza-spalili-ezoteryczne-ksiazki-i-amulety-lewackie-media-wpadly-w-amok","status":"publish","type":"post","link":"https:\/\/www.bibula.com\/?p=107346","title":{"rendered":"Gda\u0144sk: ksi\u0119\u017ca spalili ezoteryczne ksi\u0105\u017cki i amulety. Lewackie media wpad\u0142y w amok"},"content":{"rendered":"<p><strong>Ksi\u0119\u017ca z jednej z gda\u0144skich parafii spalili w niedziel\u0119 ksi\u0105\u017cki oraz przedmioty uznane za okultystyczne i poga\u0144skie (takie jak talizmany i amulety). Liberalne media ch\u0119tnie odnotowa\u0142y, \u017ce dzia\u0142anie skojarzy\u0142o si\u0119 internautom z paleniem ksi\u0105\u017cek w III Rzeszy. Serwisy nie zauwa\u017cy\u0142y jednak, \u017ce motywacje przy\u015bwiecaj\u0105ce duchownym z Pomorza by\u0142y zupe\u0142nie odmienne.<\/strong><\/p>\r\n<p><img fetchpriority=\"high\" decoding=\"async\" class=\"aligncenter\" src=\"https:\/\/www.pch24.pl\/images\/min_mid_big\/big\/67238.jpg?r=1554143403\" alt=\" Gda\u0144sk: ksi\u0119\u017ca spalili ezoteryczne ksi\u0105\u017cki i amulety. Lewackie media wpad\u0142y w amok\" width=\"597\" height=\"343\"><\/p>\r\n<p style=\"text-align: center;\"><em>\u0179r\u00f3d\u0142o: Fundacja SMS Z NIEBA \/ Facebook<\/em><\/p>\r\n<p>W\u015br\u00f3d spalonych ksi\u0105\u017cek znalaz\u0142y si\u0119 pozycje (przeznaczone tak\u017ce dla dzieci i m\u0142odzie\u017cy) odwo\u0142uj\u0105ce si\u0119 do magii i wampiryzmu, a zarazem ocieplaj\u0105ce wizerunek takich praktyk, takie jak \u201eHarry Potter\u201d i \u201eZmierzch\u201d. Ogniem zniszczono r\u00f3wnie\u017c \u201eTajemnice starodawnej magii i medycyny\u201d Jana Ni\u017cnikiewicza, ksi\u0105\u017ck\u0119 hinduskiego guru Osho oraz ozdoby zwi\u0105zane z poga\u0144skim kr\u0119giem kulturowym &#8211; indyjskie figurki s\u0142oni, afryka\u0144sk\u0105 mask\u0119 i parasolk\u0119 z motywami ze wzbudzaj\u0105cej skrajne emocje japo\u0144skiej bajki \u201eHello Kitty\u201d.<\/p>\r\n<p>Sprawa poruszy\u0142a spo\u0142eczno\u015b\u0107 internetow\u0105, kt\u00f3ra dowiedzia\u0142a si\u0119 o wydarzeniu dzi\u0119ki relacji na facebookowym profilu \u201eFundacja SMS Z NIEBA\u201d. Opublikowano tam zdj\u0119cia oraz przypomniano fragmenty Ksi\u0119gi Powt\u00f3rzonego Prawa, Dziej\u00f3w Apostolskich oraz Katechizmu Ko\u015bcio\u0142a Katolickiego.<\/p>\r\n<p><iframe src=\"https:\/\/www.facebook.com\/plugins\/post.php?href=https%3A%2F%2Fwww.facebook.com%2Fsmsznieba%2Fposts%2F2545077458835661&amp;width=500\" scrolling=\"no\" data-mce-fragment=\"1\" width=\"500\" height=\"821\" frameborder=\"0\"><\/iframe><\/p>\r\n<p>Media takie jak naTemat czy portal \u201eGazety Wyborczej\u201d ch\u0119tnie odnotowa\u0142y, \u017ce zdaniem internaut\u00f3w dzia\u0142anie ksi\u0119\u017cy przypomina wydarzenia z narodowosocjalistycznych Niemiec. Faktycznie, w III Rzeszy mia\u0142o miejsce palenie ksi\u0105\u017cek, jednak nazi\u015bci czynili to z zupe\u0142nie innych i &#8211; co istotne &#8211; antykatolickich powod\u00f3w. Palenie ksi\u0105\u017cek mia\u0142o zreszt\u0105 w historii Niemiec oblicze wybitnie wrogie Ko\u015bcio\u0142owi ju\u017c przed doj\u015bciem Hitlera do w\u0142adzy, st\u0105d skojarzenie wydarze\u0144 z Pomorza z dzia\u0142aniami narodowych socjalist\u00f3w stanowi b\u0142\u0105d internaut\u00f3w, kt\u00f3ry powieli\u0142y lewicowe serwisy.<\/p>\r\n<p>\u201ePierwsze w historii Niemiec wielkie palenie ksi\u0105\u017cek mia\u0142o z kolei miejsce na og\u00f3lnoniemieckim zje\u017adzie zwi\u0105zk\u00f3w studenckich (Burschanszaft\u00f3w) w Wartburgu w roku 1817. <strong>Palono przede wszystkim ksi\u0105\u017cki autor\u00f3w monarchistycznych i katolickich<\/strong> <strong>oraz literatur\u0119 nawo\u0142uj\u0105c\u0105 do asymilacji \u017byd\u00f3w. <\/strong>Miejsce wydarzenia wybrano nieprzypadkowo, wszak to na wartburskim zamku Luter przet\u0142umaczy\u0142 na j\u0119zyk niemiecki Bibli\u0119, i to w\u0142a\u015bnie on sta\u0142 si\u0119 patronem <em>wolno\u015bciowego aspektu<\/em> tego jubileuszu reformacji. Inicjatorzy obchod\u00f3w jubileuszu reformacji w roku 1817 pisali wi\u0119c, \u017ce <em>Luter po\u0142o\u017cy\u0142 kres epoce przes\u0105d\u00f3w i zapali\u0142 pochodni\u0119 wolno\u015bci, reformacja za\u015b da\u0142a impuls do walki o prawa cz\u0142owieka i prawa obywatelskie, tak jak nasza epoka je stawia i ich si\u0119 domaga<\/em>\u201d &#8211; pisa\u0142 na portalu PCh24 w tek\u015bcie pt. \u201eDrugi Moj\u017cesz i pierwszy Fuehrer\u201d prof. Grzegorz Kucharczyk.<\/p>\r\n<p>Co ciekawe, portal stacji Tok FM zacytowa\u0142 Rafa\u0142a Gaw\u0142a z O\u015brodka Monitorowania Zachowa\u0144 Rasistowskich i Ksenofobicznych. Lewicowy aktywista skazany niedawno prawomocnym wyrokiem za oszustwa zacytowa\u0142 niemieckiego poet\u0119 pochodzenia \u017cydowskiego Heinricha Heine\u2019ego: \u201eGdzie si\u0119 pali ksi\u0105\u017cki, dojdzie w ko\u0144cu do palenia ludzi\u201d. Heine jednak nie by\u0142 \u015bwiadkiem dzia\u0142a\u0144 nazist\u00f3w, gdy\u017c \u017cy\u0142 na prze\u0142omie XVIII i XIX wieku. Jedyne palenie ksi\u0105\u017cek jakiego m\u00f3g\u0142 by\u0107 \u015bwiadkiem to antykatolickie i zarazem liberalne w duchu dzia\u0142ania Niemc\u00f3w \u015bwi\u0119tuj\u0105cych rocznic\u0119 protestanckiej rewolucji.<\/p>\r\n<p>Ko\u015bci\u00f3\u0142 natomiast &#8211; o czym zapominaj\u0105 lub nie chc\u0105 pami\u0119ta\u0107 post\u0119powe redakcje &#8211; nie kieruje si\u0119 w swoich dzia\u0142aniach i nauczaniu niech\u0119ci\u0105 i wrogo\u015bci\u0105, a mi\u0142o\u015bci\u0105. To z niej wynika troska o zbawienie ka\u017cdego cz\u0142owieka. Taka jest chocia\u017cby geneza oburzaj\u0105cego \u015brodowiska lewicowe \u201eIndeksu Ksi\u0105g Zakazanych\u201d.<\/p>\r\n<p>\u201ePierwszy <em>Indeks Ksi\u0105g Zakazanych<\/em> (<em>Index Librorum Prohibitorum<\/em> inaczej <em>Index Expurgatorius<\/em>) ukaza\u0142 si\u0119 w 1559 roku, w okresie walki z protestanck\u0105 rewolucj\u0105. Zosta\u0142 wydany na polecenie papie\u017ca Paw\u0142a IV. Obowi\u0105zywa\u0142 on pod kar\u0105 ekskomuniki wszystkich, poczynaj\u0105c na kardyna\u0142ach i cesarzach, a na zwyk\u0142ych wiernych sko\u0144czywszy. W sumie, od XVI do XX wieku ukaza\u0142o si\u0119 jego 16 edycji. Zosta\u0142 on zniesiony na fali zmian posoborowych 14 czerwca 1966 roku przez \u015awi\u0119t\u0105 Kongregacj\u0119 Nauki Wiary. Ostatnie jego wydanie zosta\u0142o opublikowane osiemna\u015bcie lat wcze\u015bniej. Tym samym jedna z najbardziej znienawidzonych przez przeciwnik\u00f3w Ko\u015bcio\u0142a instytucja zosta\u0142a zniesiona. Nie oznacza to jednak, \u017ce Ko\u015bci\u00f3\u0142 ju\u017c nie ostrzega chrze\u015bcijan przed zgubnym wp\u0142ywem idei przeciwnych wierze\u201d &#8211; pisali\u015bmy na portalu PCh24 w tek\u015bcie pt. \u201e<em>Indeks Ksi\u0105g Zakazanych<\/em> &#8211; relikt \u015bredniowiecza i religijny zabobon czy dalekowzroczno\u015b\u0107 Ko\u015bcio\u0142a?\u201d. To jednak nie wszystko.<\/p>\r\n<p>\u201e\u015awi\u0119ta Kongregacja Nauki Wiary informuje, \u017ce Indeks zachowuje swoje znaczenie moralne, poniewa\u017c poucza sumienia chrze\u015bcijan, by zgodnie z samym prawem naturalnym strzegli si\u0119 tych pism, kt\u00f3re mog\u0142yby narazi\u0107 na niebezpiecze\u0144stwo ich wiar\u0119 i dobre obyczaje\u201d &#8211; czytamy w \u201eInformacji w sprawie Indeksu\u201d wydanej przez kard. Ottavianiego, prefekta \u015awi\u0119tej Kongregacji Nauki Wiary. I dalej kardyna\u0142 Alfredo Ottaviani pisze: \u201eJe\u015bli pojawi\u0142yby si\u0119 jakie\u015b nauki i pogl\u0105dy opublikowane w jakikolwiek spos\u00f3b, kt\u00f3re sprzeciwia\u0142yby si\u0119 wierze i zasadom moralnym, a ich autorzy wezwani do poprawienia b\u0142\u0119d\u00f3w, nie chcieliby tego uczyni\u0107, Stolica Apostolska skorzysta ze swego prawa i obowi\u0105zku publicznego napi\u0119tnowania takich pism, w celu dzia\u0142ania z nale\u017cyt\u0105 stanowczo\u015bci\u0105 dla dobra dusz\u201d.<\/p>\r\n<p>Wida\u0107 wi\u0119c wyra\u017anie, \u017ce pomimo pewnych zmian Ko\u015bci\u00f3\u0142 ca\u0142y czas &#8211; wype\u0142niaj\u0105c sw\u00f3j Urz\u0105d Nauczycielski &#8211; ostrzega wiernych przed zgubnymi ideologiami i gro\u017anymi tre\u015bciami. Skoro za\u015b duchowni, w tym egzorcy\u015bci, ostrzegaj\u0105 przed z\u0142ym wp\u0142ywem na dusze pewnych ksi\u0105\u017cek i przedmiot\u00f3w, to dzia\u0142ania jakie mia\u0142y miejsce po niedzielnym Mszy \u015bwi\u0119tej w parafii NMP Matki Ko\u015bcio\u0142a i \u015aw. Katarzyny Szwedzkiej w Gda\u0144sku staj\u0105 si\u0119 zrozumia\u0142e.<\/p>\r\n<p>&#8211; <em>Wierni troch\u0119 tego poznosili i trzeba by\u0142o zutylizowa\u0107. W wierze nie chodzi tylko o to, \u017ceby pali\u0107 takie przedmioty, ale \u017ceby g\u0142osi\u0107 Bo\u017c\u0105 mi\u0142o\u015b\u0107. Natomiast jest co\u015b takiego jak zagro\u017cenia duchowe i przer\u00f3\u017cne przedmioty magiczne szkodz\u0105 wierze chrze\u015bcijan. Jest wiele ksi\u0105\u017cek, kt\u00f3re wprowadzaj\u0105 w magi\u0119 nawet dzieci, ju\u017c od najm\u0142odszych lat. Bez Bo\u017cego ducha ci\u0119\u017cko jest zrozumie\u0107 to wszystko i zawsze b\u0119d\u0105 g\u0142osy przeciwne<\/em> &#8211; powiedzia\u0142 tr\u00f3jmiejskiej \u201eWyborczej\u201d ks. Jan Kucharski, kt\u00f3ry przewodniczy\u0142 Mszy \u015bwi\u0119tej. Duchowny jest proboszczem parafii oraz egzorcyst\u0105 w gda\u0144skiej diecezji.<\/p>\r\n<p>Dob\u00f3r ksi\u0105\u017cek i przedmiot\u00f3w, kt\u00f3re uznano za niebezpieczne dla duszy i spalono, mo\u017ce by\u0107 przedmiotem dyskusji. Bez w\u0105tpienia jednak g\u0142os kap\u0142ana w tej sprawie powinien by\u0107 dla katolik\u00f3w istotniejszy ni\u017c opinie internaut\u00f3w oraz redaktor\u00f3w \u201eWyborczej\u201d, naTemat czy Tok FM.<\/p>\r\n<p>\u0179r\u00f3d\u0142o: trojmiasto.wyborcza.pl \/ naTemat.pl \/ tokfm.pl \/ wp.pl \/ PCh24 \/ Facebook<\/p>\r\n<p>MW\u0142<\/p>\r\n<p class=\"zrodlo\">Za: <a href=\"https:\/\/www.pch24.pl\/-gdansk--ksieza-spalili-ezoteryczne-ksiazki-i-amulety--lewackie-media-wpadly-w-amok,67238,i.html\">PoloniaChristiana &#8211; pch24.pl (2019-04-01)<\/a><\/p>\r\n<h4>&nbsp;<\/h4>\r\n<hr style=\"background-color: #000000; border-width: 0; color: #000000; height: 2px; line-height: 0; text-align: center; width: 100%;\">\r\n<h4>&nbsp;<\/h4>\r\n<h2>Ks. Ma\u0142kowski: ksi\u0105\u017cki nios\u0105ce z\u0142o zas\u0142uguj\u0105 na odrzucenie. Jedn\u0105 z form odrzucenia jest spalenie<\/h2>\r\n<p><strong><em>Sprzeciw wobec z\u0142a, wobec satanizmu, okultyzmu jest ca\u0142kowicie s\u0142uszny, nie ma tu nic gorsz\u0105cego. Ksi\u0105\u017cki nios\u0105ce z sob\u0105 z\u0142o zas\u0142uguj\u0105 na odrzucenie, a jedn\u0105 z form takiego odrzucenia jest ich spalenie<\/em> &#8211; powiedzia\u0142 w rozmowie z serwisem fronda.pl ksi\u0105dz Stanis\u0142aw Ma\u0142kowski pytany o spalenie w Gda\u0144sku ezoterycznych ksi\u0105\u017cek oraz poga\u0144skich amulet\u00f3w i talizman\u00f3w.<\/strong><\/p>\r\n<p>Jak stwierdzi\u0142 duchowny, czytanie ksi\u0105\u017cek wprowadzaj\u0105cych w \u015bwiat demoniczny to ogromne zagro\u017cenie duchowe, dlatego lepiej wcze\u015bniej zapobiec zmierzaniu dusz w stron\u0119 ognia piekielnego. Ks. Ma\u0142kowski odni\u00f3s\u0142 si\u0119 tak\u017ce do s\u0142\u00f3w redaktora Szymona Ho\u0142owni, kt\u00f3ry stwierdzi\u0142, \u017ce spalone ksi\u0105\u017cki mog\u0142y ucieszy\u0107 u\u017cytkownik\u00f3w jakiej\u015b biblioteki.<\/p>\r\n<p>&#8211; <em>Rado\u015b\u0107 z magii, okultyzmu i obracaniu si\u0119 w demonicznym \u015bwiecie jest pocz\u0105tkiem wielkiego smutku. \u015awiat demoniczny, chwilowo mo\u017ce cieszy\u0107, jednak w d\u0142u\u017cszej perspektywie wprowadza smutek<\/em> &#8211; powiedzia\u0142 kap\u0142an. Ponadto jego zdaniem ksi\u0105dz, kt\u00f3ry spali\u0142 ksi\u0105\u017cki i amulety, nie powinien si\u0119 wycofywa\u0107, gdy\u017c czyn by\u0142 s\u0142uszny. Przeprosiny to natomiast w tym wypadku zaprzeczenie potrzebnemu sprzeciwowi wobec niebezpiecznych tre\u015bci &#8211; uwa\u017ca ks. Ma\u0142kowski. Zas\u0142u\u017cony dzia\u0142acz antykomunistycznej opozycji w PRL odni\u00f3s\u0142 si\u0119 tak\u017ce do s\u0142\u00f3w arcybiskupa Wojciecha Polaka. Zdaniem Prymasa Polski spalenie ksi\u0105\u017cek by\u0142o \u201egorsz\u0105ce\u201d.<\/p>\r\n<p><strong>&#8211; <\/strong><em>To, co gorszy ksi\u0119dza prymasa, zas\u0142uguje na aprobat\u0119, pochwa\u0142\u0119. Ksi\u0105dz prymas znany jest z r\u00f3\u017cnych, \u201edziwnych\u201d wypowiedzi, kt\u00f3re relatywizuj\u0105 dobro, prawd\u0119. Nie jest to cz\u0142owiek o wybitnym intelekcie i konsekwentnej wytrwa\u0142ej wierze. R\u00f3\u017cni byli prymasi w naszej historii, to, \u017ce kto\u015b pe\u0142ni tak\u0105 wa\u017cn\u0105 funkcj\u0119 nie przes\u0105dza o s\u0142uszno\u015bci jego poczyna\u0144<\/em> &#8211; stwierdzi\u0142 kapelan \u201eSolidarno\u015bci\u201d.<\/p>\r\n<p>\u0179r\u00f3d\u0142o: fronda.pl<\/p>\r\n<p>MW\u0142<\/p>\r\n<p class=\"zrodlo\">Za: <a href=\"https:\/\/www.pch24.pl\/ks--malkowski--ksiazki-niosace-zlo-zasluguja-na-odrzucenie--jedna-z-form-odrzucenia-jest-spalenie,67359,i.html\">PoloniaChristiana &#8211; pch24.pl (2019-04-05)<\/a><\/p>\r\n<h4>&nbsp;<\/h4>\r\n<hr style=\"background-color: #000000; border-width: 0; color: #000000; height: 2px; line-height: 0; text-align: center; width: 100%;\">\r\n<h4>&nbsp;<\/h4>\r\n<h2>Jan \u0141opusza\u0144ski: niekt\u00f3re ksi\u0105\u017cki zamiast budowa\u0107, jedynie upodlaj\u0105 i niszcz\u0105 cz\u0142owiecze\u0144stwo<\/h2>\r\n<p><strong>Warto\u015b\u0107 ksi\u0105\u017cek zale\u017cy g\u0142\u00f3wnie od ich tre\u015bci. S\u0105 w\u015br\u00f3d nich i takie, kt\u00f3re warte s\u0105 nawet czci, bo dzi\u0119ki nim ro\u015bnie chwa\u0142a Bo\u017ca i rozwija si\u0119 nasze cz\u0142owiecze\u0144stwo. S\u0105 takie, kt\u00f3re warto zachowa\u0107 dla ludzkiej wiedzy nawet gdy ca\u0142kowicie nie zgadzamy si\u0119 z ich przes\u0142aniem. S\u0105 jednak i takie, kt\u00f3re nie s\u0105 warte niczego wi\u0119cej jak zniszczenia &#8211; gdy zamiast budowa\u0107, jedynie upodlaj\u0105 i niszcz\u0105 cz\u0142owiecze\u0144stwo, i nara\u017caj\u0105 ludzi na utrat\u0119 zbawienia.<\/strong><\/p>\r\n<p>Wcale mnie zatem nie dziwi, \u017ce gorliwy ksi\u0105dz katolicki &#8211; dbaj\u0105cy o zbawienie dusz bardziej, ni\u017c o opini\u0119 tego \u015bwiata &#8211; wpad\u0142 na pomys\u0142 zniszczenia publikacji zagra\u017caj\u0105cych zbawieniu. Dziwi\u0105 mnie natomiast katolicy napadaj\u0105cy publicznie na kap\u0142ana broni\u0105cego ludzi przed zgorszeniami &#8211; i to nawet, je\u015bli jego metod nie uwa\u017caj\u0105 za w\u0142a\u015bciwe. Mogliby przekaza\u0107 mu sw\u0105 m\u0105dr\u0105 rad\u0119, ale wol\u0105 odci\u0105\u0107 si\u0119 publicznie.<\/p>\r\n<p>Oto znany politolog raczy\u0142 skomentowa\u0107 jako \u201eprzera\u017caj\u0105ce\u201d i jako \u201esytuacj\u0119 skandaliczn\u0105\u201d publiczne spalenie ksi\u0105\u017cek wprowadzaj\u0105cych dzieci w okultyzm (chodzi\u0142o o ksi\u0105\u017cki o Harrym Potterze). To spalenie pono\u0107 kojarzy si\u0119 z III Rzesz\u0105. Nie\u017ale jak na politologa. M\u00f3g\u0142by wiedzie\u0107, \u017ce wyl\u0119garni\u0105 przyw\u00f3dc\u00f3w NSDAP i przysz\u0142ych ludob\u00f3jc\u00f3w by\u0142o w\u0142a\u015bnie okultystyczne Towarzystwo Thule&nbsp; &#8211; m.in. Frank, Hess, Rosenberg, Streicher, a niekt\u00f3rzy s\u0105dz\u0105, \u017ce i Hitler. Upowszechnianie ich publikacji jest dzi\u015b przest\u0119pstwem. Mo\u017ce zatem zdarzy\u0107 si\u0119, \u017ce nawet Pa\u0144stwo Polskie zniszczy publikacje b\u0119d\u0105ce przedmiotem przest\u0119pstwa. Czy politolog wtedy te\u017c si\u0119 oburzy?<\/p>\r\n<p>Jako dopuszczalne doradzi\u0142 ksi\u0119dzu przerabianie na makulatur\u0119 ksi\u0105\u017cek, kt\u00f3re wierni sami przynie\u015bli w celu zniszczenia. O co zatem to \u015bwi\u0119te oburzenie? O niszczenie publiczne. \u201eTeraz wszyscy ci, kt\u00f3rzy oskar\u017caj\u0105 Ko\u015bci\u00f3\u0142 katolicki, \u017ce jest \u017ar\u00f3d\u0142em ksenofobii, nietolerancji, przys\u0142owiowego ciemnogrodu, fanatyzmu religijnego, otrzymali kolejny argument. Jest to wi\u0119c straszna wiadomo\u015b\u0107 dla Ko\u015bcio\u0142a. Ma do\u015b\u0107 innych problem\u00f3w, a do tego dochodzi jeszcze taki cios\u201d. Tu politolog wezwa\u0142 arcybiskupa gda\u0144skiego do zastosowania kar ko\u015bcielnych wobec ksi\u0119dza. (<em>za radomskim Echem Dnia, 3.04.2019, kt\u00f3re dzi\u015b trafi\u0142o do mnie<\/em>)<\/p>\r\n<p>Zgadzam si\u0119, \u017ce Ko\u015bci\u00f3\u0142 ma do\u015b\u0107 problem\u00f3w. Wsp\u00f3\u0142cze\u015bnie najstraszniejszym z nich jest uleganie wielu katolik\u00f3w presjom antykatolickiego \u015bwiata, kt\u00f3ry sam siebie uznaj\u0105c za rzekomo post\u0119powy, wyst\u0105pienia publiczne w obronie wiary i dusz ludzkich ch\u0119tnie uzna za przejawy ksenofobii, nietolerancji, ciemnogrodu, fanatyzmu. No bo jak katolik mo\u017ce by\u0107 nietolerancyjny &#8211; cho\u0107by wobec wprowadzania dzieci i m\u0142odzie\u017cy w okultyzm? Arcybiskup powinien takiego ukara\u0107!<\/p>\r\n<p>Mo\u017ce zatem list\u0119 tych pot\u0119pie\u0144 na kap\u0142ana te\u017c przygotowano w jakim\u015b \u015brodowisku okultystycznym? Nie. To wypowied\u017a prof. Antoniego Dudka, wyk\u0142adowcy Uniwersytetu Kardyna\u0142a Stefana Wyszy\u0144skiego. Dzi\u015b niestety niejeden za bardziej przera\u017caj\u0105c\u0105 od wizji pot\u0119pienia wiecznego ma wizj\u0119 medialnego pot\u0119pienia ze strony <em>mainstreamu<\/em>. Bogu dzi\u0119ki za kap\u0142ana, kt\u00f3ry jeszcze pami\u0119ta, \u017ce jest dok\u0142adnie odwrotnie.<\/p>\r\n<p><strong><em>Jan&nbsp; \u0141opusza\u0144ski<\/em><\/strong><\/p>\r\n<p class=\"zrodlo\">Za: <a href=\"https:\/\/www.pch24.pl\/jan-lopuszanski--niektore-ksiazki-zamiast-budowac--jedynie-upodlaja-i-niszcza-czlowieczenstwo,67410,i.html\">PoloniaChristiana &#8211; pch24.pl (2019-04-08)<\/a><\/p>\r\n<h4>&nbsp;<\/h4>\r\n<hr style=\"background-color: #000000; border-width: 0; color: #000000; height: 2px; line-height: 0; text-align: center; width: 100%;\">\r\n<h4>&nbsp;<\/h4>\r\n<h2>Z ambony strzeleckiej Salwowskiego: Palenie z\u0142ych ksi\u0105\u017cek jest dobre<\/h2>\r\n<p>Istna medialna burza rozp\u0119ta\u0142a si\u0119 w zwi\u0105zku z, wydawa\u0142oby si\u0119 do\u015b\u0107 marginalnym wydarzeniem, jakie mia\u0142o miejsce w jednej z parafii na p\u00f3\u0142nocy Polski. Ot\u00f3\u017c w ostatni\u0105 niedziel\u0119 po Mszy \u015bwi\u0119tej odprawionej w ko\u015bciele pw. NMP Matki Ko\u015bcio\u0142a i \u015bw. Katarzyny Szwedzkiej ksi\u0119\u017ca, ministranci i lektorzy urz\u0105dzili swoiste &#8222;ognisko&#8221; w kt\u00f3rego czasie spalili pewn\u0105 ilo\u015b\u0107 ksi\u0105\u017cek i przedmiot\u00f3w, kt\u00f3rych tre\u015b\u0107 albo zwyczajowe przeznaczenie maj\u0105 charakter mniej lub bardziej szkodliwy oraz niebezpieczny duchowo. Na \u00f3w &#8222;stos&#8221; pow\u0119drowa\u0142y wi\u0119c m.in. ksi\u0105\u017cki o Harrym Potterze, publikacje hinduistycznego guru Osho, afryka\u0144ska maska obrz\u0119dowa oraz amulety w rodzaju figurek w kszta\u0142cie ma\u0142ych s\u0142onik\u00f3w. Fakt upublicznienia tego wydarzenia przez jego organizator\u00f3w wywo\u0142a\u0142 ca\u0142\u0105 lawin\u0119 nieprzychylnych komentarzy. Bardzo krytyczne g\u0142osy na ten temat pojawi\u0142y si\u0119 te\u017c po stronie katolickiej. Przyk\u0142adowo, redaktor naczelny pisma &#8222;Wi\u0119\u017a&#8221; Zbigniew Nosowski nazwa\u0142 ca\u0142\u0105 spraw\u0119 &#8222;bezdenn\u0105 g\u0142upot\u0105&#8221;. Ks. Grzegorz Kramer skomentowa\u0142 owe &#8222;ognisko&#8221; mianem &#8222;wykorzystywania Eucharystii do guse\u0142&#8221;. Z kolei Szymon Ho\u0142ownia w pe\u0142nym oburzenia wpisie na swym facebookowym profilu napisa\u0142, i\u017c &#8222;palenie ksi\u0105\u017cek w Gda\u0144sku by\u0142o poga\u0144stwem&#8221;. Niestety, od swoistego &#8222;stosu&#8221; w wykonaniu ksi\u0119\u017cy z gda\u0144skiej parafii odci\u0105\u0142 si\u0119 te\u017c rzecznik kurii koszali\u0144sko-ko\u0142obrzeskiej nazywaj\u0105c t\u0119 akcj\u0119 &#8222;nieodpowiedni\u0105 i kontrowersyjn\u0105 form\u0105 dzia\u0142alno\u015bci duszpasterskiej&#8221;.&nbsp;<\/p>\r\n<p>Cho\u0107 bardzo trudno przebi\u0107 si\u0119 przez t\u0119 medialn\u0105 burz\u0119 pot\u0119pie\u0144 i grom\u00f3w, kt\u00f3re spad\u0142y na ksi\u0119\u017cy z gda\u0144skiej parafii powiedzmy sobie otwarcie &#8211; publiczne niszczenie z\u0142ych ksi\u0105\u017cek oraz przedmiot\u00f3w, kt\u00f3rych zwyczajowe i normalne przeznaczenie s\u0142u\u017cy pope\u0142nianiu tych czy innych niegodziwo\u015bci, jest jako takie dobre i godne pochwa\u0142y. Nie jest to samo w sobie z\u0142e i na pewno nie zas\u0142uguje na fal\u0119 zjadliwej krytyki, jaka ma obecnie w zwi\u0105zku z tym miejsce. By\u0107 mo\u017ce niekt\u00f3re z konkretnych ksi\u0105\u017cek spalonych w gda\u0144skiej parafii a\u017c na tak ostre potraktowanie nie zas\u0142ugiwa\u0142y (chodzi mi g\u0142\u00f3wnie o Harry&#8217;ego Pottera, co do kt\u00f3rego tre\u015bci nie mam przekonania, i\u017c jest on tak z\u0142y, jak twierdz\u0105 niekt\u00f3rzy), jednak sam pomys\u0142 publicznego palenia rzeczy, kt\u00f3re maj\u0105 nas prowadzi\u0107 do z\u0142ego, jest dobry.<\/p>\r\n<p>Oczywi\u015bcie, najcz\u0119stszym skojarzenie, kt\u00f3re przywo\u0142ywane jest w zwi\u0105zku z omawianym wydarzeniem stanowi nawi\u0105zanie do praktyk nazist\u00f3w w III Rzeszy polegaj\u0105cych na tym, i\u017c r\u00f3wnie\u017c oni publicznie palili uznawane przez siebie za z\u0142e ksi\u0105\u017cki. Tego rodzaju &#8222;reductio ad Hitlerum&#8221; jest jednak na d\u0142u\u017csz\u0105 met\u0119 bezsensowne. W III Rzeszy budowano wszak te\u017c autostrady, karano gwa\u0142ty i kradzie\u017ce &#8211; czy to wi\u0119c oznacza, i\u017c mamy zaprzesta\u0107 budowania dr\u00f3g oraz zalegalizowa\u0107 gwa\u0142ty oraz kradzie\u017ce??? Z kolei, w stalinowskiej Rosji na nowo wprowadzono prawny zakaz aborcji. Czy zatem powinni\u015bmy m\u00f3wi\u0107, \u017ce dlatego pomys\u0142 delegalizacji zabijania nienarodzonych dzieci jest jako taki z\u0142y i totalitarny? Tego rodzaju analogie i por\u00f3wnania s\u0105 absurdalne i nie prowadz\u0105 nas do \u017cadnych konstruktywnych wniosk\u00f3w.<\/p>\r\n<p>Katoliccy krytycy gda\u0144skiego &#8222;stosu&#8221; nie przejmuj\u0105 si\u0119 tym, i\u017c te wydarzenie mia\u0142o swe mocne podstawy biblijne (np. Dz 19, 19, Pwt 7, 25), powtarzaj\u0105c przy tym niczym mantr\u0119 slogan o tym, i\u017c &#8222;Biblii nie nale\u017cy rozumie\u0107 dos\u0142ownie&#8221;. Prawd\u0105 jest jednak, i\u017c owszem &#8211; wi\u0119ksz\u0105 cz\u0119\u015b\u0107 Pisma \u015bwi\u0119tego (cho\u0107 oczywi\u015bcie nie dok\u0142adnie ka\u017cde zawarte tam zdanie) nale\u017cy rozumie\u0107 dos\u0142ownie. Istniej\u0105 nawet fragmenty Biblii, kt\u00f3re Magisterium Ko\u015bcio\u0142a traktuje w sensie dos\u0142ownym (np. s\u0142owa &#8222;To jest Cia\u0142o Moje&#8221; z Ewangelii \u015bw. \u0141ukasza 19, 22), mimo i\u017c na p\u0142aszczy\u017anie czysto racjonalnej mog\u0105 one wydawa\u0107 si\u0119 wr\u0119cz niedorzeczne. Oczywi\u015bcie, zawsze mo\u017cna sypn\u0105\u0107 jak z r\u0119kawa tymi cytatami z Pisma \u015bw., kt\u00f3re nie s\u0105 rozumiane w kategoriach dos\u0142ownych, ale stanowi\u0105 swego rodzaju hiperboliczn\u0105 przeno\u015bni\u0119 (koronnym tego przyk\u0142adem s\u0105 s\u0142owa Pana Jezusa o odcinaniu sobie d\u0142oni i wy\u0142upywaniu oka -Mk 9, 43-48), ale fakt, i\u017c dajmy na to, jedno na dziesi\u0119\u0107 zda\u0144 z Biblii rzeczywi\u015bcie ma sens g\u0142\u00f3wnie lub wy\u0142\u0105cznie niedos\u0142owny, nie oznacza, \u017ce w takim razie wszystko co w tej \u015bwi\u0119tej Ksi\u0119dze nie pasuje do naszego sposobu my\u015blenia, nale\u017cy automatycznie w ten spos\u00f3b traktowa\u0107. R\u00f3wnie dobrze wszak i z\u0142odzieje oraz cudzo\u0142o\u017cnicy mogliby usprawiedliwia\u0107 swe niecne post\u0119pki t\u0142umaczeniem, i\u017c &#8222;Pisma \u015bwi\u0119tego nie nale\u017cy traktowa\u0107 dos\u0142ownie&#8221; w\u00f3wczas, gdy kto\u015b zarzuca\u0142by im \u0142amanie biblijnych przykaza\u0144 o tre\u015bci &#8222;Nie kradnij&#8221; (Wj 20, 15) oraz &#8222;Nie cudzo\u0142\u00f3\u017c&#8221; (Wj 20, 14). Sprawa tego, kt\u00f3re fragmenty Biblii nale\u017cy interpretowa\u0107 bardziej dos\u0142ownie, a kt\u00f3re bardziej przeno\u015bnie i symbolicznie oczywi\u015bcie wymaga\u0142aby d\u0142u\u017cszego wywodu, ale poprzesta\u0144my na razie na tym, i\u017c nie ma \u017cadnych przes\u0142anek tak w samym Pi\u015bmie \u015bw. jak i Tradycji Ko\u015bcio\u0142a, by twierdzi\u0107, i\u017c zawarte w spisanym S\u0142owie Bo\u017cym nakazy niszczenia poga\u0144skich bo\u017ck\u00f3w (patrz: Pwt 4, 25-26; Lb 33, 51-52) oraz przyk\u0142ad tego, jak nawr\u00f3ceni na chrze\u015bcija\u0144stwo mieszka\u0144cy Efezu publicznie palili swe magiczne ksi\u0105\u017cki (Dz 19, 19), nale\u017ca\u0142oby traktowa\u0107 w jaki\u015b niedos\u0142owny spos\u00f3b.<\/p>\r\n<p>Jednym z powod\u00f3w, dla kt\u00f3rych nie nale\u017cy traktowa\u0107 biblijnych polece\u0144 i przyk\u0142ad\u00f3w niszczenia rzeczy, kt\u00f3re wcze\u015bniej by\u0142y przeznaczone do czynienia z\u0142a, w spos\u00f3b niedos\u0142owny jest fakt, i\u017c wielu \u015awi\u0119tych Pa\u0144skich rozumia\u0142o je dos\u0142ownie. Przyk\u0142adowo, \u015bw. Franciszek Ksawery tak pisa\u0142 o jednym z aspekt\u00f3w swej misyjnej dzia\u0142alno\u015bci:<\/p>\r\n<p>&#8222;<em>Kiedy dowiaduj\u0119 si\u0119 od nich<\/em> (dzieci poga\u0144skich rodzic\u00f3w &#8211; przyp. moje MS)<em>o ba\u0142wochwalczych obrz\u0119dach, kt\u00f3re maj\u0105 si\u0119 odby\u0107 w wioskach, <\/em>(\u2026) <em>zbieram wszystkich ch\u0142opc\u00f3w i ruszamy do tych miejsc, gdzie diabe\u0142 potraktowany bywa z ich r\u0105k gorzej, ni\u017c by\u0142 uczczony przez ich rodzic\u00f3w. Malcy chwytaj\u0105 za niewielkie, gliniane figurki, t\u0142uk\u0105 je, rozbijaj\u0105 na proch, opluwaj\u0105 je i depcz\u0105 po nich nogami<\/em>&#8222;Cytat za: Ruth A. Tucker, &#8222;S\u0142awni i nieznani&#8221;, Warszawa 1995, s. 43).<\/p>\r\n<p>Z kolei, \u015bw. Cezary z Arles dawa\u0142 swym chrze\u015bcijanom nast\u0119puj\u0105ce wskaz\u00f3wki:<\/p>\r\n<p>&#8222;<em>Nie dopuszczajcie \u017cadn\u0105 miar\u0105 do naprawiania \u015bwi\u0105tyni poga\u0144skiej, a raczej gdziekolwiek j\u0105 spotkacie, d\u0105\u017ccie do jej zburzenia i rozebrania. R\u00f3wnie\u017c \u015bwi\u0119te drzewa wycinajcie z korzeniem. O\u0142tarze diabelskie doszcz\u0119tnie niszczcie&#8221;<\/em> (Cytat za: \u015aw. Cezary z Arles, &#8222;<em>Kazania do ludu (1-80)<\/em>&#8222;, Krak\u00f3w 2011, s. 301).<\/p>\r\n<p>B\u0142ogos\u0142owiona Anna Katarzyna Emmerich w swych pismach twierdzi\u0142a za\u015b nawet, i\u017c Pan nasz Jezus Chrystus osobi\u015bcie bra\u0142 udzia\u0142 w niszczeniu poga\u0144skich ba\u0142wan\u00f3w:<\/p>\r\n<p>&#8222;<em>Jezus naucza\u0142 tu a\u017c do \u015bwitu, dop\u00f3ki nie pogaszono p\u0142on\u0105cych lamp. Nakazywa\u0142 te\u017c surowo zniszczy\u0107 wszystkie ba\u0142wany jako wyobra\u017cenia diab\u0142a (&#8230;) Ca\u0142\u0105 noc z soboty na niedziel\u0119 Jezus naucza\u0142 przed ba\u0142wochwalnic\u0105, sam pomaga\u0142 rozbija\u0107 ba\u0142wany i obja\u015bnia\u0142 w jaki spos\u00f3b mieli rozda\u0107 kawa\u0142y kruszcu&#8221;<\/em> (Cytat za: &#8222;<em>\u0179ywot i bolesna M\u0119ka Pana naszego Jezusa Chrystusa i Naj\u015bwi\u0119tszej Matki Jego Maryi wraz z Tajemnicami Starego Przymierza wed\u0142ug widze\u0144 b\u0142ogos\u0142awionej Anny Katarzyny Emmerich<\/em>&#8222;, Wroc\u0142aw 2009, s. 662).<\/p>\r\n<p>Mo\u017cna by podawa\u0107 przyk\u0142ady jeszcze wielu \u015awi\u0119tych Pa\u0144skich, kt\u00f3rzy w dos\u0142owny spos\u00f3b traktowali biblijne wezwania do niszczenia poga\u0144skich bo\u017ck\u00f3w, ale nie znalaz\u0142by si\u0119 nawet jeden przypadek \u015awi\u0119tego, kt\u00f3ry rozumia\u0142by dos\u0142ownie stwierdzenie Pana Jezusa o tym, i\u017c nale\u017cy uci\u0105\u0107 sobie r\u0119k\u0119 lub wy\u0142upi\u0107 oko, gdy prowadz\u0105 one nas do grzechu. Od razu, wyja\u015bniam przy tym, i\u017c Orygenes, kt\u00f3ry da\u0142 si\u0119 wykastrowa\u0107, nigdy nie zosta\u0142 przez Ko\u015bci\u00f3\u0142 wyniesiony do chwa\u0142y o\u0142tarzy. Ju\u017c wi\u0119c sam fakt, i\u017c wielu \u015awi\u0119tych Pa\u0144skich rozumia\u0142o dos\u0142ownie nakazy i przyk\u0142ady z Pisma \u015bwi\u0119tego na \u00f3w temat, wskazuje nam, \u017ce bynajmniej nie by\u0142y one jakimi\u015b hiperbolami czy czystymi symbolami.<\/p>\r\n<p>Czy gda\u0144skie palenie ksi\u0105\u017cek, talizman\u00f3w oraz poga\u0144skich amulet\u00f3w nie by\u0142o wyrazem nienawi\u015bci? My\u015bl\u0119, \u017ce tak, by\u0142o ono takim aktem. Jednak nie ma racji pan Zbigniew Nosowski, kt\u00f3ry pot\u0119piaj\u0105c to wydarzenie, pisze, i\u017c nie ma nienawi\u015bci gorszej i lepszej. Oczywi\u015bcie, \u017ce istnieje nienawi\u015b\u0107 z\u0142a oraz nienawi\u015b\u0107 dobra. Ze z\u0142\u0105 nienawi\u015bci\u0105 mamy do czynienia w\u00f3wczas, gdy \u017cyczymy z\u0142oczy\u0144com wszystkiego, co najgorsze, odmawiamy im wszelkiej pomocy, a nawet nie chcemy, by si\u0119 oni nawr\u00f3cili. Dobra nienawi\u015b\u0107 jest jednak skierowana wobec tego, co jest z\u0142e oraz bezbo\u017cne i jako taka jest ona pochwalana w Pi\u015bmie \u015bwi\u0119tym. Psalmista Dawid z natchnienia Ducha \u015awi\u0119tego m\u00f3wi na przyk\u0142ad: &#8222;<em>Pan mi\u0142uje tych, co z\u0142a nienawidz\u0105<\/em>&#8221; (Ps 97, 10), Pan za\u015b nasz i Zbawca Jezus Chrystus m\u00f3wi do lokalnego ko\u015bcio\u0142a w Efezie nast\u0119puj\u0105ce s\u0142owa: &#8222;<em>Ale masz t\u0119 [zalet\u0119], \u017ce nienawidzisz czyn\u00f3w nikolait\u00f3w, kt\u00f3rych to czyn\u00f3w i Ja nienawidz\u0119<\/em>&#8222;(Ap 2, 6).<\/p>\r\n<p>Nie ma zatem co ulega\u0107 medialnej histerii i oburza\u0107 si\u0119 na dzielnych ksi\u0119\u017cy z gda\u0144skiej parafii. Post\u0105pili oni dobrze oraz s\u0142usznie. Oby wi\u0119cej takich kap\u0142an\u00f3w i takich akcji.<\/p>\r\n<p><em><strong>Miros\u0142aw Salwowski<\/strong><\/em><\/p>\r\n<p class=\"zrodlo\">Za: <a href=\"http:\/\/www.fronda.pl\/a\/z-ambony-strzeleckiej-salwowskiego-palenie-zlych-ksiazek-jest-dobre,124529.html\">Fronda.pl (<span class=\"author-block\">2.04.2019<\/span>)<\/a><\/p>\r\n<h4>&nbsp;<\/h4>\r\n<hr style=\"background-color: #000000; border-width: 0; color: #000000; height: 2px; line-height: 0; text-align: center; width: 100%;\">\r\n<h4>&nbsp;<\/h4>","protected":false},"excerpt":{"rendered":"Ksi\u0119\u017ca z jednej z gda\u0144skich parafii spalili w niedziel\u0119 ksi\u0105\u017cki oraz przedmioty uznane za okultystyczne i poga\u0144skie (takie jak talizmany i amulety). Liberalne media ch\u0119tnie odnotowa\u0142y, \u017ce dzia\u0142anie skojarzy\u0142o si\u0119 internautom z paleniem ksi\u0105\u017cek w III Rzeszy. Serwisy nie zauwa\u017cy\u0142y jednak, \u017ce motywacje przy\u015bwiecaj\u0105ce duchownym z Pomorza by\u0142y zupe\u0142nie odmienne. \u0179r\u00f3d\u0142o: Fundacja SMS Z NIEBA [&hellip;]","protected":false},"author":1,"featured_media":0,"comment_status":"closed","ping_status":"closed","sticky":false,"template":"","format":"standard","meta":{"_acf_changed":false,"_monsterinsights_skip_tracking":false,"_monsterinsights_sitenote_active":false,"_monsterinsights_sitenote_note":"","_monsterinsights_sitenote_category":0,"ngg_post_thumbnail":0,"footnotes":"","_wp_rev_ctl_limit":""},"categories":[5],"tags":[119,98,39],"acf":[],"_links":{"self":[{"href":"https:\/\/www.bibula.com\/index.php?rest_route=\/wp\/v2\/posts\/107346"}],"collection":[{"href":"https:\/\/www.bibula.com\/index.php?rest_route=\/wp\/v2\/posts"}],"about":[{"href":"https:\/\/www.bibula.com\/index.php?rest_route=\/wp\/v2\/types\/post"}],"author":[{"embeddable":true,"href":"https:\/\/www.bibula.com\/index.php?rest_route=\/wp\/v2\/users\/1"}],"replies":[{"embeddable":true,"href":"https:\/\/www.bibula.com\/index.php?rest_route=%2Fwp%2Fv2%2Fcomments&post=107346"}],"version-history":[{"count":0,"href":"https:\/\/www.bibula.com\/index.php?rest_route=\/wp\/v2\/posts\/107346\/revisions"}],"wp:attachment":[{"href":"https:\/\/www.bibula.com\/index.php?rest_route=%2Fwp%2Fv2%2Fmedia&parent=107346"}],"wp:term":[{"taxonomy":"category","embeddable":true,"href":"https:\/\/www.bibula.com\/index.php?rest_route=%2Fwp%2Fv2%2Fcategories&post=107346"},{"taxonomy":"post_tag","embeddable":true,"href":"https:\/\/www.bibula.com\/index.php?rest_route=%2Fwp%2Fv2%2Ftags&post=107346"}],"curies":[{"name":"wp","href":"https:\/\/api.w.org\/{rel}","templated":true}]}}