{"id":107304,"date":"2019-03-28T14:34:54","date_gmt":"2019-03-28T18:34:54","guid":{"rendered":"http:\/\/www.bibula.com\/?p=107304"},"modified":"2019-04-10T10:19:12","modified_gmt":"2019-04-10T14:19:12","slug":"posoborowy-satanizm-w-pelnym-wydaniu-austriacki-biskup-instaluje-bluznierczy-zegar","status":"publish","type":"post","link":"https:\/\/www.bibula.com\/?p=107304","title":{"rendered":"Posoborowy satanizm w pe\u0142nym wydaniu: Austriacki biskup instaluje blu\u017anierczy &#8222;zegar&#8221;"},"content":{"rendered":"<p><strong>Austriacki biskup Hermann Glettler zatwierdzi\u0142 zainstalowanie w historycznym ko\u015bciele Spitalskirche w Innsbrucku, nowego &#8222;zegara&#8221;, kt\u00f3rego wskaz\u00f3wkami s\u0105 wyrwane z korpusu Chrystusa r\u0119ce, a korpus wisi do g\u00f3ry nogami.<\/strong><\/p>\r\n<p>To ohydne &#8222;artystyczne dzie\u0142o&#8221; powsta\u0142o w op\u0119tanej g\u0142owie 53-letniego Manfreda Erjautza, kt\u00f3rego wieloletnie eksperymenty obejmowa\u0142y r\u00f3wnie\u017c np. zainstalowany na g\u0142\u00f3wnym o\u0142tarzu ko\u015bcio\u0142a <em>Jesuitenkirche<\/em> we Wiedniu &#8222;nowoczesny krzy\u017c&#8221;, na kt\u00f3rym Chrystusa zast\u0105piono&#8230; ci\u0119\u017car\u00f3wk\u0105 zbudowan\u0105 z klock\u00f3w Lego. Oczywi\u015bcie wstawienie tego &#8222;dzie\u0142a&#8221; do katolickiego ko\u015bcio\u0142a odby\u0142o si\u0119 r\u00f3wnie\u017c za aprobat\u0105 biskup\u00f3w.<\/p>\r\n<p><img fetchpriority=\"high\" decoding=\"async\" class=\"img-responsive aligncenter\" src=\"https:\/\/assets.lifesitenews.com\/images\/made\/images\/remote\/https_www.lifesitenews.com\/images\/local\/Hermann_Glettler_(1)_645_665_75.jpg\" alt=\"Image\" width=\"599\" height=\"618\"><\/p>\r\n<p style=\"text-align: center;\"><em>Biskup Hermann Glettler<\/em><\/p>\r\n<p>Biskup Glettler uwa\u017cany jest (przez takie samo licho jak on, w tym Wikipedi\u0119) za znawc\u0119 i konesera sztuki. W 2014 roku sam zas\u0142yn\u0105\u0142 artystycznym kunsztem instaluj\u0105c w ko\u015bciele ob\u0142\u0105ka\u0144cz\u0105 rze\u017ab\u0119 &#8222;Wounded Light&#8221; (Dla odwa\u017cnych link do zdj\u0119\u0107, w\u015br\u00f3d kt\u00f3rych mo\u017cna dostrzec jak biskup w\u0142asnymi r\u0119kami instaluje rze\u017ab\u0119 : <span style=\"text-decoration: underline;\"><a href=\"http:\/\/www.otherspaces.org\/artworks\/hermann-glettler.html\">http:\/\/www.otherspaces.org\/artworks\/hermann-glettler.html<\/a><\/span>)<\/p>\r\n<p>Wed\u0142ug biskupa Glettlera, &#8222;zegar&#8221; z odr\u0105banymi r\u0119kami Chrystusa &#8222;<em>Nie jest ani dekoracj\u0105 ani symbolem si\u0142y. Musi by\u0107 g\u0142\u0119biej ocenione i przestudiowane. Manfred Erjautz swoim Zegarem Jezusa w ko\u015bciele zmusza nas do nowych refleksji na Krzy\u017cem, ale i konfrontuje nas z powa\u017cnymi pytaniami o sens \u017cycia.<\/em>&#8221; Nowomowa biskupa pog\u0142\u0119bia si\u0119 gdy pr\u00f3buje on wyja\u015bni\u0107 &#8222;teologi\u0119 zegara&#8221;: &#8222;<em>W miar\u0119 up\u0142ywu czasu, ramiona uk\u0142adaj\u0105 si\u0119 w r\u00f3\u017cne konstelacje i statyczne cia\u0142o zmar\u0142ego Chrystusa od razu nabiera \u017cycia, co reprezentuje moment wyzwolenia z Krzy\u017ca i przezwyci\u0119\u017cenie \u015bmierci<\/em>&#8222;. Wyja\u015bniaj\u0105c odwr\u00f3cony do g\u00f3ry nogami korpus Chrystusa, biskup Glettler m\u00f3wi, \u017ce &#8222;<em>jest to deformacja figury ludzkiej<\/em>&#8222;.<\/p>\r\n<div class=\"article-video\" data-location=\"2\" data-videourl=\"https:\/\/youtu.be\/9N4UtJbk31E\">\r\n<p><iframe src=\"https:\/\/www.youtube.com\/embed\/9N4UtJbk31E\" allowfullscreen=\"allowfullscreen\" data-mce-fragment=\"1\" width=\"600\" height=\"335\" frameborder=\"0\"><span style=\"display: inline-block; width: 0px; overflow: hidden; line-height: 0;\" data-mce-type=\"bookmark\" class=\"mce_SELRES_start\">\u00ef\u00bb\u00bf<\/span><\/iframe><\/p>\r\n<p>Hermann Glettler zosta\u0142 mianowany w 2017 roku przez Franciszka-Bergoglio biskupem diecezjalnym Insbrucku. Znaj\u0105c jego gust artystyczny Konferencja Biskup\u00f3w Austriackich powierzy\u0142a mu w listopadzie 2018 roku sekcj\u0119 kultury i sztuki, jak r\u00f3wnie\u017c przewodniczenie ko\u015bcielnej komisji konserwacji zabytk\u00f3w.<\/p>\r\n<p>Biskup Glettler znany jest z ultra-modernistycznych i heretyckich pogl\u0105d\u00f3w, w\u015br\u00f3d kt\u00f3rych uwa\u017ca on, \u017ce nale\u017cy doprowadzi\u0107 w Ko\u015bciele do wy\u015bwi\u0119cania kobiet, jest przeciwko celibatowi oraz oczywi\u015bcie promuje tzw. zwi\u0105zki homoseksualne.<\/p>\r\n<p>W roku 2004, jeszcze jako &#8222;zwyk\u0142y&#8221; ksi\u0105dz, Hermann Glettler zaprojektowa\u0142 nowoczesny ornat ko\u015bcielny &#8211; trzeba przyzna\u0107, \u017ce idealnie pasuj\u0105cy do samodestrukcyjnego posoborowego ko\u015bcio\u0142a. Zdj\u0119cie poni\u017cej.<\/p>\r\n<p><img decoding=\"async\" class=\"aligncenter\" src=\"http:\/\/www.bibula.com\/images\/107304\/Hermann_Glettler--Ornat-2004.jpg\" width=\"598\" height=\"833\"><\/p>\r\n<p style=\"text-align: center;\"><em>Jedno z &#8222;dzie\u0142 artystycznych&#8221; biskupa Hermanna Glettlera<\/em><\/p>\r\n<p>I <strong>w\u0142a\u015bnie ze wzgl\u0119du<\/strong> na skrajnie antykatolickie pogl\u0105dy i ze wzgl\u0119du na demoniczne artystyczne wizje, ksi\u0105dz Hermann Glettler nie tyle nie zosta\u0142 zawieszony w pos\u0142udze kap\u0142a\u0144skiej, lecz odwrotnie: szybko awansowa\u0142 i z namaszczeniem sobie podobnemu &#8211; Franciszkowi-Bergoglio, sta\u0142 si\u0119 biskupem, na dodatek maj\u0105c dzisiaj w Austrii ostatnie s\u0142owo w sprawach sztuki ko\u015bcielnej.<\/p>\r\n<p><img decoding=\"async\" class=\"aligncenter\" src=\"https:\/\/www.traditioninaction.org\/RevolutionPhotos\/Images%20(701-800)\/750_Glettler-02.jpg\"><\/p>\r\n<p style=\"text-align: center;\"><em>Inne dzie\u0142a biskupa Glettlera<\/em><\/p>\r\n<p><img decoding=\"async\" class=\"aligncenter\" src=\"https:\/\/www.traditioninaction.org\/RevolutionPhotos\/Images%20(701-800)\/750_Glettler-01.jpg\"><\/p>\r\n<p style=\"text-align: center;\"><em>Biskup na zabawie &#8211; w tle tak mu bliskie gejowskie barwy<\/em><\/p>\r\n<p class=\"podpis_sz\" style=\"text-align: center;\">Photo sources: <a href=\"https:\/\/www.traditioninaction.org\/RevolutionPhotos\/A750-Glettler.htm\">traditioninaction.org<\/a><\/p>\r\n<p class=\"zrodlo\">Opracowanie: <em>Bibula Information Service (B.I.S.)<\/em> &#8211; www.bibula.com &#8211; (2019-03-28 2:34 pm) &#8211; na podstawie <a href=\"http:\/\/www.bibula.com\/?p=107304\" target=\"_blank\" rel=\"noopener\">materia\u0142\u00f3w redakcyjnych (Lifesite, VigilantCitizen)<\/a><\/p>\r\n<h4>&nbsp;<\/h4>\r\n<hr style=\"background-color: #000000; border-width: 0; color: #000000; height: 2px; line-height: 0; text-align: center; width: 100%;\">\r\n<h4>&nbsp;<\/h4>\r\n<h2>Innsbruck: profanacja za zgod\u0105 biskupa. Katolicy protestuj\u0105<\/h2>\r\n<p><strong>Biskup Innsbrucka Hermann Glettler pozwoli\u0142 na umieszczenie w ko\u015bciele blu\u017anierczej instalacji, przedstawiaj\u0105c\u0105 w spos\u00f3b obrazoburczy posta\u0107 Jezusa Chrystusa. Austriackie Stowarzyszenie Obrony Tradycji, Rodzin i W\u0142asno\u015bci wystosowa\u0142o mocny apel o natychmiastowe usuni\u0119cie haniebnego obiektu.<\/strong><\/p>\r\n<p>W \u015arod\u0119 Popielcow\u0105 w ko\u015bciele Spitalskirche w Innsbrucku zaprezentowano blu\u017aniercze przedstawienie Pana Jezusa. Pod pozorem wystawy artystycznej umieszczono tam krucyfiks przekszta\u0142cony w zegar. Cia\u0142o Pana Jezusa Chrystusa, odwr\u00f3cone do g\u00f3ry nogami, wskazuje godzin\u0119, a Jego ramiona &#8211; minuty i sekundy.<\/p>\r\n<p>Na wszystko zgodzi\u0142 si\u0119 biskup Innsbrucka, Herman Glettler. To hierarcha, o kt\u00f3rym g\u0142o\u015bno by\u0142o w styczniu tego roku w zwi\u0105zku ze skandalicznymi nadu\u017cyciami liturgicznymi.<\/p>\r\n<p>Glettler uczestniczy\u0142 w Mszy \u015bwi\u0119tej dla m\u0142odzie\u017cy. Odbywa\u0142a si\u0119 na hali sportowej, a dzieci zach\u0119cono do ubrania si\u0119 w dresy i trampki. Biskup w kazaniu m\u00f3wi\u0142 o klimacie i prawach zwierz\u0105t, wierni trzymali transparenty. Celebracj\u0119 eucharystyczn\u0105 przekszta\u0142cono w rodzaj manifestacji na rzecz czysto \u015bwieckich cel\u00f3w politycznych i spo\u0142ecznych.<\/p>\r\n<p>W zwi\u0105zku z pojawieniem si\u0119 w ko\u015bciele Spitalskirche blu\u017anierczego \u201ezegara\u201d, specjaln\u0105 petycj\u0119 przygotowa\u0142o austriackie Stowarzyszenie Obrony Tradycji, Rodziny i W\u0142asno\u015b\u0107. Jej autorzy domagaj\u0105 si\u0119 natychmiastowego usuni\u0119cia instalacji. Jak podkre\u015blaj\u0105, narusza ona dwa przykazania &#8211; mi\u0142o\u015bci Boga oraz niewymieniania Jego Imienia nadaremno.<\/p>\r\n<p><span style=\"text-decoration: underline;\"><strong><a href=\"https:\/\/tfp.at\/petition\/#.XK2JQugzZPY\">Oto tre\u015b\u0107 petycji<\/a><\/strong><\/span>:<\/p>\r\n<p style=\"padding-left: 30px;\">J. E. Biskup Innsbrucka<\/p>\r\n<p style=\"padding-left: 30px;\">Mons. Hermann Glettler<\/p>\r\n<p style=\"padding-left: 30px;\">Diecezja Innsbrucka Austria<\/p>\r\n<p style=\"padding-left: 30px;\">&nbsp;<\/p>\r\n<p style=\"padding-left: 30px;\">Czcigodna Ekscelencjo!<\/p>\r\n<p style=\"padding-left: 30px;\">Z wielkim niepokojem i konsternacj\u0105 przyj\u0119li\u015bmy informacje o umieszczeniu w ko\u015bciele Spitalskirche w Innsbrucku w diecezji Waszej Ekscelencji instalacji blu\u017anierczego krucyfiksu. W tym akcie wzgardzenia najwy\u017cszym ze wszystkich symboli chrze\u015bcija\u0144skich &#8211; Krzy\u017cem Chrystusa &#8211; idzie w istocie o blu\u017anierstwo! Krucyfiks przekszta\u0142cono w zegar, w kt\u00f3rym ramiona Ukrzy\u017cowanego Jezusa s\u0142u\u017c\u0105 za minutnik i sekundnik, a Cia\u0142o &#8211; postawione na g\u0142owie &#8211; wskazuje godziny. Co wi\u0119cej t\u0119 okropno\u015b\u0107 przedstawia si\u0119 og\u00f3\u0142owi jako <em>dzie\u0142o sztuki<\/em>. Wasza Ekscelencja przyzwoli\u0142a na tak niebywa\u0142y czyn w\u0142a\u015bnie w okresie postu, gdy uwaga spo\u0142ecze\u0144stwa powinna by\u0107 skierowana na poszanowanie i kult Krzy\u017ca i Ukrzy\u017cowanego. Czas postu jest czasem nawr\u00f3cenia i pokuty oraz wyniesienia Krzy\u017ca Jezusa Chrystusa. Wasza Ekscelencja zezwala na poha\u0144bienie tego Krzy\u017ca i poprzez to tak\u017ce Ukrzy\u017cowanego, kt\u00f3ry swoj\u0105 m\u0119cze\u0144sk\u0105 \u015bmierci\u0105 ofiarn\u0105 przyni\u00f3s\u0142 ludzko\u015bci wybawienie.<\/p>\r\n<p style=\"padding-left: 30px;\">Apelujemy do episkopalnej i pasterskiej w\u0142adzy Waszej Ekscelencji o starania na rzecz niezw\u0142ocznego demonta\u017cu i usuni\u0119cia tego blu\u017anierczego aktu. Taki bezwstyd nie mo\u017ce dalej plami\u0107 czasu postu, zadumy i pokuty.<\/p>\r\n<p style=\"padding-left: 30px;\">Ten blu\u017anierczy zegar tyka przeciwko najwa\u017cniejszym przykazaniom Boga i Ko\u015bcio\u0142a. Narusza pierwsze i najwy\u017csze przykazanie, <em>mi\u0142owania Pana Boga ponad wszystko<\/em>, oraz drugie przykazanie, <em>niewymieniania bezprawnie i bez potrzeby Imienia Bo\u017cego<\/em>. Bogu przys\u0142uguje najwy\u017cszy i najs\u0142uszniejszy akt mi\u0142o\u015bci Jego Ko\u015bcio\u0142a i w tym wypadku Jego biskupa.<\/p>\r\n<p style=\"padding-left: 30px;\">Nie! Nasz <em>sensus fidei<\/em> nie pozwala na dalsze zwlekanie, odwracanie oczu i na kompromis. To, co obra\u017ca Boga, Jego Ko\u015bci\u00f3\u0142 i wierz\u0105cych nie mo\u017ce by\u0107 sztuk\u0105!<\/p>\r\n<p style=\"padding-left: 30px;\">Apelujemy do Waszej Ekscelencji o niezw\u0142oczne usuni\u0119cie tego haniebnego obiektu z ko\u015bcio\u0142a Spitalskirche. Wierzmy przy tym w dobr\u0105 wol\u0119 Waszej Ekscelencji.<\/p>\r\n<p>\u0179r\u00f3d\u0142o: <a href=\"https:\/\/tfp.at\/petition\/#.XK2JQugzZPY\">tfp.at&nbsp;<\/a><\/p>\r\n<p>Pach<\/p>\r\n<p class=\"zrodlo\">Za: <a href=\"https:\/\/www.pch24.pl\/innsbruck--profanacja-za-zgoda-biskupa--katolicy-protestuja,67443,i.html\">PoloniaChristiana &#8211; pch24.pl (2019-04-10)<\/a><\/p>\r\n<h4>&nbsp;<\/h4>\r\n<hr style=\"background-color: #000000; border-width: 0; color: #000000; height: 2px; line-height: 0; text-align: center; width: 100%;\">\r\n<h4>&nbsp;<\/h4>\r\n<\/div>","protected":false},"excerpt":{"rendered":"Austriacki biskup Hermann Glettler zatwierdzi\u0142 zainstalowanie w historycznym ko\u015bciele Spitalskirche w Innsbrucku, nowego &#8222;zegara&#8221;, kt\u00f3rego wskaz\u00f3wkami s\u0105 wyrwane z korpusu Chrystusa r\u0119ce, a korpus wisi do g\u00f3ry nogami. To ohydne &#8222;artystyczne dzie\u0142o&#8221; powsta\u0142o w op\u0119tanej g\u0142owie 53-letniego Manfreda Erjautza, kt\u00f3rego wieloletnie eksperymenty obejmowa\u0142y r\u00f3wnie\u017c np. zainstalowany na g\u0142\u00f3wnym o\u0142tarzu ko\u015bcio\u0142a Jesuitenkirche we Wiedniu &#8222;nowoczesny krzy\u017c&#8221;, [&hellip;]","protected":false},"author":1,"featured_media":0,"comment_status":"closed","ping_status":"closed","sticky":false,"template":"","format":"standard","meta":{"_acf_changed":false,"_monsterinsights_skip_tracking":false,"_monsterinsights_sitenote_active":false,"_monsterinsights_sitenote_note":"","_monsterinsights_sitenote_category":0,"ngg_post_thumbnail":0,"footnotes":"","_wp_rev_ctl_limit":""},"categories":[3],"tags":[244,39,79,33],"acf":[],"_links":{"self":[{"href":"https:\/\/www.bibula.com\/index.php?rest_route=\/wp\/v2\/posts\/107304"}],"collection":[{"href":"https:\/\/www.bibula.com\/index.php?rest_route=\/wp\/v2\/posts"}],"about":[{"href":"https:\/\/www.bibula.com\/index.php?rest_route=\/wp\/v2\/types\/post"}],"author":[{"embeddable":true,"href":"https:\/\/www.bibula.com\/index.php?rest_route=\/wp\/v2\/users\/1"}],"replies":[{"embeddable":true,"href":"https:\/\/www.bibula.com\/index.php?rest_route=%2Fwp%2Fv2%2Fcomments&post=107304"}],"version-history":[{"count":0,"href":"https:\/\/www.bibula.com\/index.php?rest_route=\/wp\/v2\/posts\/107304\/revisions"}],"wp:attachment":[{"href":"https:\/\/www.bibula.com\/index.php?rest_route=%2Fwp%2Fv2%2Fmedia&parent=107304"}],"wp:term":[{"taxonomy":"category","embeddable":true,"href":"https:\/\/www.bibula.com\/index.php?rest_route=%2Fwp%2Fv2%2Fcategories&post=107304"},{"taxonomy":"post_tag","embeddable":true,"href":"https:\/\/www.bibula.com\/index.php?rest_route=%2Fwp%2Fv2%2Ftags&post=107304"}],"curies":[{"name":"wp","href":"https:\/\/api.w.org\/{rel}","templated":true}]}}