{"id":107254,"date":"2019-03-25T10:29:17","date_gmt":"2019-03-25T14:29:17","guid":{"rendered":"http:\/\/www.bibula.com\/?p=107254"},"modified":"2019-03-25T10:29:17","modified_gmt":"2019-03-25T14:29:17","slug":"z-tel-awiwu-do-jerozolimy-rumunia-idzie-w-slady-usa-i-przenosi-swoja-ambasade-izrael-zachwycony","status":"publish","type":"post","link":"https:\/\/www.bibula.com\/?p=107254","title":{"rendered":"Z Tel Awiwu do Jerozolimy. Rumunia idzie w \u015blady USA i przenosi swoj\u0105 ambasad\u0119. Izrael zachwycony"},"content":{"rendered":"<p><strong>&#8211; <em>Przeniesiemy ambasad\u0119 w Izraelu z Tel Awiwu do Jerozolimy<\/em> &#8211; zapowiedzia\u0142a w niedziel\u0119 w Waszyngtonie premier Rumunii Viorica Dancila. Oznacza to, \u017ce b\u0119dzie ona pierwszym pa\u0144stwem Unii Europejskiej, kt\u00f3re tego dokona.<\/strong><\/p>\r\n<p>Dancila z\u0142o\u017cy\u0142a swoj\u0105 deklaracj\u0119 przed doroczn\u0105 konferencj\u0105 Ameryka\u0144sko-Izraelskiego Komitetu Spraw Publicznych (AIPAC) &#8211; wp\u0142ywowego lobby proizraelskiego.<\/p>\r\n<p>Jako pierwszy na t\u0119 decyzj\u0119 zareagowa\u0142 premier Izraela Benjamin Netanjahu, kt\u00f3ry przes\u0142a\u0142 premier Dancili depesz\u0119 gratulacyjn\u0105, w kt\u00f3rej podzi\u0119kowa\u0142 jej za \u201edzia\u0142anie w celu zako\u0144czenia procedur niezb\u0119dnych do otwarcia rumu\u0144skiej ambasady w Jerozolimie\u201d.<\/p>\r\n<p>Komentatorzy podkre\u015blaj\u0105, \u017ce t\u0105 deklaracj\u0105 szefowa rumu\u0144skiego rz\u0105du sprzeniewierzy\u0142a si\u0119 wsp\u00f3lnemu jak dot\u0105d stanowisku Unii Europejskiej. W dodatku s\u0142owa Dancili pad\u0142y w momencie, gdy Rumunia obejmuje rotacyjne przyw\u00f3dztwo w UE.<\/p>\r\n<p>Na deklaracj\u0119 rumu\u0144skiej premier ostro zareagowa\u0142 prezydent kraju Klaus Iohannis. Jego zdaniem decyzja premier to \u201epogwa\u0142cenie prawa mi\u0119dzynarodowego\u201d, a ambasada w Izraelu nie mo\u017ce zosta\u0107 przeniesiona bez jego zgody.<\/p>\r\n<p>\u0179r\u00f3d\u0142o: rp.pl<\/p>\r\n<p>TK<\/p>\r\n<h4>&nbsp;<\/h4>\r\n<hr style=\"background-color: #000000; border-width: 0; color: #000000; height: 2px; line-height: 0; text-align: center; width: 100%;\">\r\n<h4>&nbsp;<\/h4>","protected":false},"excerpt":{"rendered":"&#8211; Przeniesiemy ambasad\u0119 w Izraelu z Tel Awiwu do Jerozolimy &#8211; zapowiedzia\u0142a w niedziel\u0119 w Waszyngtonie premier Rumunii Viorica Dancila. Oznacza to, \u017ce b\u0119dzie ona pierwszym pa\u0144stwem Unii Europejskiej, kt\u00f3re tego dokona. Dancila z\u0142o\u017cy\u0142a swoj\u0105 deklaracj\u0119 przed doroczn\u0105 konferencj\u0105 Ameryka\u0144sko-Izraelskiego Komitetu Spraw Publicznych (AIPAC) &#8211; wp\u0142ywowego lobby proizraelskiego. Jako pierwszy na t\u0119 decyzj\u0119 zareagowa\u0142 premier [&hellip;]","protected":false},"author":1,"featured_media":0,"comment_status":"closed","ping_status":"closed","sticky":false,"template":"","format":"standard","meta":{"_acf_changed":false,"_monsterinsights_skip_tracking":false,"_monsterinsights_sitenote_active":false,"_monsterinsights_sitenote_note":"","_monsterinsights_sitenote_category":0,"ngg_post_thumbnail":0,"footnotes":"","_wp_rev_ctl_limit":""},"categories":[6],"tags":[61,53,249],"acf":[],"_links":{"self":[{"href":"https:\/\/www.bibula.com\/index.php?rest_route=\/wp\/v2\/posts\/107254"}],"collection":[{"href":"https:\/\/www.bibula.com\/index.php?rest_route=\/wp\/v2\/posts"}],"about":[{"href":"https:\/\/www.bibula.com\/index.php?rest_route=\/wp\/v2\/types\/post"}],"author":[{"embeddable":true,"href":"https:\/\/www.bibula.com\/index.php?rest_route=\/wp\/v2\/users\/1"}],"replies":[{"embeddable":true,"href":"https:\/\/www.bibula.com\/index.php?rest_route=%2Fwp%2Fv2%2Fcomments&post=107254"}],"version-history":[{"count":0,"href":"https:\/\/www.bibula.com\/index.php?rest_route=\/wp\/v2\/posts\/107254\/revisions"}],"wp:attachment":[{"href":"https:\/\/www.bibula.com\/index.php?rest_route=%2Fwp%2Fv2%2Fmedia&parent=107254"}],"wp:term":[{"taxonomy":"category","embeddable":true,"href":"https:\/\/www.bibula.com\/index.php?rest_route=%2Fwp%2Fv2%2Fcategories&post=107254"},{"taxonomy":"post_tag","embeddable":true,"href":"https:\/\/www.bibula.com\/index.php?rest_route=%2Fwp%2Fv2%2Ftags&post=107254"}],"curies":[{"name":"wp","href":"https:\/\/api.w.org\/{rel}","templated":true}]}}