{"id":107242,"date":"2019-03-24T13:17:25","date_gmt":"2019-03-24T17:17:25","guid":{"rendered":"http:\/\/www.bibula.com\/?p=107242"},"modified":"2019-03-24T13:17:25","modified_gmt":"2019-03-24T17:17:25","slug":"bosak-o-masowej-imigracji-do-polski-prowadzi-do-powstania-panstwa-wielonarodowego","status":"publish","type":"post","link":"https:\/\/www.bibula.com\/?p=107242","title":{"rendered":"Bosak o masowej imigracji do Polski \u2013 \u201eProwadzi do powstania pa\u0144stwa wielonarodowego&#8221;"},"content":{"rendered":"<p><strong>Wiceprezes Ruchu Narodowego zwr\u00f3ci\u0142 uwag\u0119 na mo\u017cliwe d\u0142ugofalowe efekty masowej imigracji Ukrai\u0144c\u00f3w do Polski w postaci nabywania przez nich obywatelstwa i uzyskania reprezentacji w polskim parlamencie.<\/strong><\/p>\r\n<p>Wiceprezes Ruchu Narodowego i polityk koalicji Konfederacja wyst\u0105pi\u0142 w telewizji wPolsce w programie \u201eGor\u0105ce pytania\u201d. Bosak zwr\u00f3ci\u0142 uwag\u0119, na przyk\u0142adzie sondy ulicznej, kt\u00f3rej nagranie by\u0142o pokazane w pokazane w programie, \u017ce wielu Polak\u00f3w rozpatruje masow\u0105 imigracj\u0119 z perspektywy czysto indywidualistycznej, kt\u00f3ra jest wed\u0142ug niego niewystarczaj\u0105ca dla oceny tego zjawiska. \u201ePolityki pa\u0144stwa nie nale\u017cy projektowa\u0107 z perspektywy indywidualnych odczu\u0107 konkretnych ludzi, tylko z perspektywy przewidywania d\u0142ugookresowych proces\u00f3w narodowych\u201d &#8211; powiedzia\u0142 Bosak &#8211; \u201eW tej sytuacji g\u0142\u00f3wny problem z masow\u0105 imigracj\u0105 polega na tym, \u017ce prowadzi do pa\u0144stwa wielonarodowego w kt\u00f3rym, w ramach jednego spo\u0142ecze\u0144stwa powstaj\u0105 grupy o rozbie\u017cnych kulturach i rozbie\u017cnych interesach\u201d.<\/p>\r\n<p>Polityk uzna\u0142, \u017ce \u201ewi\u0119kszo\u015b\u0107 ludzi wypowiadaj\u0105cych si\u0119 jeszcze tego nie widzi. Oni zobacz\u0105 to za 15, za 20, za 30 lat, kiedy grupa ludno\u015bci obcej narodowo\u015bci zacznie wa\u017cy\u0107 politycznie, bo z czasem pojawi si\u0119 kwestia nadawania im obywatelstwa. Jak pojawi si\u0119 kwestia nadawania im obywatelstwa, pojawi si\u0119 kwestia praw politycznych. Pojawi si\u0119 w parlamencie sp\u00f3r [\u2026] o polityk\u0119 historyczn\u0105. Powstan\u0105 r\u00f3\u017cnego rodzaju napi\u0119cia, kt\u00f3rych nie chcemy i nie potrzebujemy w Polsce\u201d.<\/p>\r\n<p>Polityk\u0119 w\u0142adz Polski wobec Ukrainy Bosak nazwa\u0142 \u201ebankrutem\u201d. Jak stwierdzi\u0142 &#8211; \u201eCa\u0142a linia tak zwanej polityki wschodniej budowana przez elity okr\u0105g\u0142osto\u0142owe, okaza\u0142a si\u0119 jakim\u015b wielkim zbiorem z\u0142udze\u0144 i nieporozumie\u0144. I chyba nic nie pokaza\u0142o tego bardziej ni\u017c ostatnie kilka lat, kiedy to ca\u0142e polskie elity, \u0142\u0105cznie z PiS i Paw\u0142em Kukizem je\u017adzi\u0142y na Majdan wspiera\u0107 i jedynie \u015brodowiska narodowe ostrzega\u0142y, \u017ce nie musi nam to wyj\u015b\u0107 na korzy\u015b\u0107\u201d. Bosak doda\u0142, \u017ce jego \u015brodowisko by\u0142o w\u00f3wczas z tego powodu okre\u015blane mianem \u201eruskiej agentury\u201d.<\/p>\r\n<p>Narodowiec zwr\u00f3ci\u0142 uwag\u0119, \u017ce pe\u0142ne otwarcie polskiego rynku pracy dla Ukrai\u0144c\u00f3w to faktycznie jego integracja ze znacznie biedniejsz\u0105 Ukrain\u0105. Bosak m\u00f3wi wr\u0119cz o \u201eukrainizacji\u201d rynku pracy \u201ena poziomie wynagrodze\u0144\u201d. Polityk wprost stwierdzi\u0142, \u017ce powoduje to \u201ezatrzymanie wzrostu wynagrodze\u0144\u201d Polak\u00f3w i wp\u0142ywa na ich dalsz\u0105 emigracj\u0119 do pa\u0144stw zachodnich. Bosak oceni\u0142, \u017ce rz\u0105d otwieraj\u0105c ca\u0142kowicie granice Polski przed imigrantami kieruje si\u0119 wy\u0142\u0105cznie interesem lobby biznesowego zainteresowanego jak najta\u0144sz\u0105 si\u0142\u0105 robocz\u0105. Interes tego lobby pozostaje wed\u0142ug niego w sprzeczno\u015bci z d\u0142ugofalowym interesem narodowym. \u201eRol\u0105 przedsi\u0119biorcy jest organizowa\u0107 dzia\u0142alno\u015b\u0107 wytw\u00f3rcz\u0105 w sytuacji ograniczonych zasob\u00f3w. Tak\u017ce w sytuacji ograniczonych zasob\u00f3w pracy\u201d &#8211; podsumowa\u0142 narodowiec.<\/p>\r\n<p>Bardzo liberalna polityka imigracyjna rz\u0105d\u00f3w PiS spowodowa\u0142a nap\u0142yw do Polski rzesz imigrant\u00f3w z Ukrainy. <a href=\"https:\/\/kresy.pl\/wydarzenia\/polska\/dane-z-sieci-telefonii-komorkowych-pozwolily-policzyc-ilu-jest-ukraincow-w-polsce\/\">W styczniu by\u0142o ich w Polsce co najmniej 1,3 mln<\/a>.<\/p>\r\n<ul>\r\n\t<li class=\" questo-paywall\">Czytaj tak\u017ce: <a href=\"https:\/\/kresy.pl\/publicystyka\/na-progu-imigracyjnej-katastrofy\/\">Na progu imigracyjnej katastrofy. Sko\u0144czymy jak Niemcy, Francuzi i Brytyjczycy?<\/a><\/li>\r\n<\/ul>\r\n<p>wpolsce.pl\/kresy.pl<\/p>","protected":false},"excerpt":{"rendered":"Wiceprezes Ruchu Narodowego zwr\u00f3ci\u0142 uwag\u0119 na mo\u017cliwe d\u0142ugofalowe efekty masowej imigracji Ukrai\u0144c\u00f3w do Polski w postaci nabywania przez nich obywatelstwa i uzyskania reprezentacji w polskim parlamencie. Wiceprezes Ruchu Narodowego i polityk koalicji Konfederacja wyst\u0105pi\u0142 w telewizji wPolsce w programie \u201eGor\u0105ce pytania\u201d. Bosak zwr\u00f3ci\u0142 uwag\u0119, na przyk\u0142adzie sondy ulicznej, kt\u00f3rej nagranie by\u0142o pokazane w pokazane w [&hellip;]","protected":false},"author":1,"featured_media":0,"comment_status":"closed","ping_status":"closed","sticky":false,"template":"","format":"standard","meta":{"_acf_changed":false,"_monsterinsights_skip_tracking":false,"_monsterinsights_sitenote_active":false,"_monsterinsights_sitenote_note":"","_monsterinsights_sitenote_category":0,"ngg_post_thumbnail":0,"footnotes":"","_wp_rev_ctl_limit":""},"categories":[8],"tags":[76,98,271],"acf":[],"_links":{"self":[{"href":"https:\/\/www.bibula.com\/index.php?rest_route=\/wp\/v2\/posts\/107242"}],"collection":[{"href":"https:\/\/www.bibula.com\/index.php?rest_route=\/wp\/v2\/posts"}],"about":[{"href":"https:\/\/www.bibula.com\/index.php?rest_route=\/wp\/v2\/types\/post"}],"author":[{"embeddable":true,"href":"https:\/\/www.bibula.com\/index.php?rest_route=\/wp\/v2\/users\/1"}],"replies":[{"embeddable":true,"href":"https:\/\/www.bibula.com\/index.php?rest_route=%2Fwp%2Fv2%2Fcomments&post=107242"}],"version-history":[{"count":0,"href":"https:\/\/www.bibula.com\/index.php?rest_route=\/wp\/v2\/posts\/107242\/revisions"}],"wp:attachment":[{"href":"https:\/\/www.bibula.com\/index.php?rest_route=%2Fwp%2Fv2%2Fmedia&parent=107242"}],"wp:term":[{"taxonomy":"category","embeddable":true,"href":"https:\/\/www.bibula.com\/index.php?rest_route=%2Fwp%2Fv2%2Fcategories&post=107242"},{"taxonomy":"post_tag","embeddable":true,"href":"https:\/\/www.bibula.com\/index.php?rest_route=%2Fwp%2Fv2%2Ftags&post=107242"}],"curies":[{"name":"wp","href":"https:\/\/api.w.org\/{rel}","templated":true}]}}