{"id":107126,"date":"2019-03-16T11:24:08","date_gmt":"2019-03-16T15:24:08","guid":{"rendered":"http:\/\/www.bibula.com\/?p=107126"},"modified":"2019-03-16T11:41:32","modified_gmt":"2019-03-16T15:41:32","slug":"bartosz-bekier-jestesmy-zdeterminowani-bronic-polskiego-dziedzictwa-na-kresach","status":"publish","type":"post","link":"https:\/\/www.bibula.com\/?p=107126","title":{"rendered":"Bartosz Bekier: Jeste\u015bmy zdeterminowani broni\u0107 polskiego dziedzictwa na Kresach"},"content":{"rendered":"<p><strong><em>Wywiad przeprowadzony z red. nacz. Bartoszem Bekierem przez rosyjski portal \u201eKONKRETNO\u201d na temat dzia\u0142a\u0144 Ambasady Ukrainy w Warszawie, kt\u00f3ra chce \u015bciga\u0107 polskich patriot\u00f3w za obron\u0119 Cmentarza Orl\u0105t przed dewastacj\u0105<\/em><\/strong><\/p>\r\n<p><strong>Zosta\u0142 Pan wezwany przez Sto\u0142eczn\u0105 Komend\u0119 Policji w zwi\u0105zku z demonstracj\u0105 11 listopada. Jaki jest pow\u00f3d tego wezwania? Prosimy o szczeg\u00f3\u0142y.<\/strong><\/p>\r\n<p>Powodem, dla kt\u00f3rego zosta\u0142em wezwany, jest demonstracja pod ambasad\u0105 Ukrainy w Warszawie. W dniu 11 listopada zebrali\u015bmy si\u0119 tam aby zaprotestowa\u0107 przeciwko polityce lokalnych w\u0142adz Lwowa, kt\u00f3re gro\u017c\u0105 zniszczeniem pomnik\u00f3w na cmentarzu naszych bohater\u00f3w &#8211; Cmentarzu Obro\u0144c\u00f3w Lwowa. Chcieli\u015bmy r\u00f3wnie\u017c wyrazi\u0107 nasz g\u0142\u0119boki sprzeciw wobec ukrai\u0144skich pr\u00f3b wymazania historii Rzeczypospolitej z Kres\u00f3w. Wielowiekow\u0105, polsk\u0105 obecno\u015b\u0107 staraj\u0105 si\u0119 tam zast\u0105pi\u0107 kultem Stepana Bandery i rze\u017anik\u00f3w z UPA. Jest to nie do zaakceptowania. Podczas demonstracji przypomnieli\u015bmy, \u017ce ukrai\u0144ska sytuacja geopolityczna jest &#8211; m\u00f3wi\u0105c delikatnie &#8211; do\u015b\u0107 niebezpieczna, a prowokowanie Polski do podj\u0119cia akcji jest raczej z\u0142ym pomys\u0142em. Demonstranci wznosili te\u017c has\u0142a przeciwko banderowcom &#8211; zbrodniarzom wojennym, kt\u00f3rzy zabili setki tysi\u0119cy Polak\u00f3w na Wo\u0142yniu i w Ma\u0142opolsce Wschodniej.<\/p>\r\n<p>Okazuje si\u0119, \u017ce Ambasada Ukrainy czuje si\u0119 obra\u017cona retoryk\u0105 antybanderowsk\u0105 i has\u0142a przeciwko UPA nazywa pod\u017ceganiem do nienawi\u015bci na tle etnicznym. Ironiczne, prawda? Pr\u00f3buj\u0105 nam zaszkodzi\u0107, ale wydaje mi si\u0119, \u017ce nawet prokuratura i policja s\u0105 sceptyczne wobec rozci\u0105gania poj\u0119cia \u201ebanderowcy\u201d na ca\u0142y nar\u00f3d ukrai\u0144ski. Podejrzewam, \u017ce w ambasadzie te\u017c zdaj\u0105 sobie z tego spraw\u0119, ale wykorzystaj\u0105 ka\u017cd\u0105 sposobno\u015b\u0107 do tego, \u017ceby cho\u0107 troch\u0119 nas podra\u017cni\u0107. Prawdopodobnie cz\u0119\u015b\u0107 redakcji Xportal.pl wci\u0105\u017c jest <em>persona non grata<\/em> w tym typowym pa\u0144stwie upad\u0142ym (<em>failed state<\/em>).<\/p>\r\n<p><strong>Czy uwa\u017ca Pan, \u017ce polskie w\u0142adze b\u0119d\u0105 przeciwstawia\u0107 si\u0119 niezale\u017cnym si\u0142om politycznym z naszych kraj\u00f3w, kt\u00f3re chc\u0105 da\u0107 odp\u00f3r banderowskiemu re\u017cymowi na Ukrainie? Je\u015bli tak, to dlaczego?<\/strong><\/p>\r\n<p>C\u00f3\u017c, je\u015bli polskie w\u0142adze maj\u0105 w sobie cho\u0107 troch\u0119 pragmatyzmu, to z pewno\u015bci\u0105 nie zrobi\u0105 niczego przeciwko nam. I w\u0142a\u015bnie dlatego mo\u017cemy mie\u0107 powody do obaw. Z drugiej strony Warszawa ma teraz bardzo z\u0142e relacje z Kijowem, z tych samych wzgl\u0119d\u00f3w, kt\u00f3re zmusi\u0142y nas do podj\u0119cia akcji przeciwko ukrai\u0144skiemu szowinizmowi. Polityka historyczna Kijowa jest dla Polski nie do zaakceptowania w perspektywie jakichkolwiek bli\u017cszych relacji z naszym narodem. Rz\u0105d Prawa i Sprawiedliwo\u015bci o tym wie, dlatego pr\u00f3buje wywiera\u0107 na Ukrai\u0144c\u00f3w pewne naciski, lecz jest to bardzo nieefektywne. W Kijowie zdaj\u0105 sobie spraw\u0119, \u017ce Stany Zjednoczone nie b\u0119d\u0105 tolerowa\u0107 jakikolwiek wi\u0119kszego kryzysu w relacjach polsko-ukrai\u0144skich, poniewa\u017c jest by\u0142oby to sprzeczne z ameryka\u0144skimi interesami geopolitycznymi. Teraz jednak Polski rz\u0105d ma szans\u0119 powiedzie\u0107 Ukrai\u0144com: \u201ezobaczcie, je\u015bli nie zmienicie swojego stosunku do nas, to b\u0119dziecie otoczeni wy\u0142\u0105cznie przez wrog\u00f3w, a kszta\u0142tuj\u0105ca si\u0119 w\u0142a\u015bnie koalicja niezale\u017cnych si\u0142 politycznych jest \u015bwietnym przyk\u0142adem tego, co mo\u017ce si\u0119 wydarzy\u0107 na wi\u0119ksz\u0105 skal\u0119\u201d. A zatem mamy tutaj nast\u0119puj\u0105c\u0105 sytuacj\u0119: racjonalny pragmatyzm <em>versus<\/em> wp\u0142ywy CIA w Polsce. Bo\u017ce dopom\u00f3\u017c [\u015bmiech].<\/p>\r\n<p>Jeste\u015bmy jednak zdeterminowani i odwa\u017cni.<\/p>\r\n<p><strong>Co Pan s\u0105dzi na temat przem\u00f3wienia przewodnicz\u0105cego szefa Komisji Europejskiej Donalda Tuska w Radzie Najwy\u017cszej Ukrainy, kt\u00f3re zako\u0144czy\u0142o si\u0119 s\u0142owami \u201eS\u0142awa Ukrainie!\u201d oraz spotka\u0142o si\u0119 z odpowiedzi\u0105 \u201eBohaterom S\u0142awa!\u201d (banderowskie slogany). Czy spotka\u0142o si\u0119 to z jak\u0105\u015b reakcj\u0105 polskiego spo\u0142ecze\u0144stwa?<\/strong><\/p>\r\n<p>Rz\u0105d Prawa i Sprawiedliwo\u015bci bardzo skwapliwie wykorzysta\u0142by to przeciwko swojemu najbardziej niebezpiecznemu przeciwnikowi, Donaldowi Tuskowi, lecz rzecz w tym, \u017ce wielu polityk\u00f3w partii rz\u0105dz\u0105cej r\u00f3wnie\u017c mia\u0142o swoje wyst\u0105pienia podczas zamachu stanu na Majdanie. Ich przem\u00f3wienia ko\u0144czy\u0142y si\u0119 do\u015b\u0107 podobnie &#8211; tymi samymi sloganami zwi\u0105zanymi z krwaw\u0105, antypolsk\u0105 histori\u0105 poczyna\u0144 OUN-UPA na Kresach. Na ich zawo\u0142ania t\u0142um odpowiada\u0142 w ten sam spos\u00f3b. C\u00f3\u017c mog\u0105 zatem powiedzie\u0107? Oczywi\u015bcie, polscy patrioci i kresowianie \u017cadnego z tych wydarze\u0144 nie mog\u0105 zapomnie\u0107 i nie zapomn\u0105.<\/p>\r\n<p><strong>Nazbol (cz\u0142onek partii \u201eInna Rosja\u201d E. Limonova) z Petersburga Vladislav Ivachnik wzi\u0105\u0142 udzia\u0142 w Waszej demonstracji w Warszawie. Czy co\u015b mu grozi? Jakie przepisy polskiego lub unijnego prawa pogwa\u0142ci\u0142, gdy wspomnia\u0142 o tym, \u017ce Lw\u00f3w jest polskim miastem? &nbsp;<\/strong><\/p>\r\n<p>Tak, nazwisko Vladislava r\u00f3wnie\u017c pojawia si\u0119 w aktach post\u0119powania. Jego przem\u00f3wienie dotycz\u0105ce historii ziem obecnie kontrolowanych przez Ukrain\u0119 prawdopodobnie nie zyska\u0142o aprobaty w ambasadzie. Gdyby prokurator zdecydowa\u0142, \u017ce pami\u0119tanie o historii i \u015bwiadomo\u015b\u0107 potencjalnych konsekwencji dzisiejszej polityki ukrai\u0144skiej to nawo\u0142ywanie do nienawi\u015bci na tle etnicznym, grozi\u0142yby mu dwa lata wi\u0119zienia z art. 256 kodeksu karnego. Jednak\u017ce jest to bardzo ma\u0142o prawdopodobne. Nawet dzieci w Polsce wiedz\u0105, \u017ce Lw\u00f3w jest polskim miastem.<\/p>\r\n<p>(wywiad i artyku\u0142 po rosyjsku dost\u0119pny <span style=\"text-decoration: underline;\"><a href=\"https:\/\/konkretno.ru\/analitic\/116436-dazhe-deti-znajut-chto-lvov-polskij-gorod.html?fbclid=IwAR3eFJcxTt-xuvv8Z0WMJOpjhcGlaN7SFQRtpxUN44_Hz_u63iTf831y6KU\">TUTAJ<\/a><\/span>)<\/p>","protected":false},"excerpt":{"rendered":"Wywiad przeprowadzony z red. nacz. Bartoszem Bekierem przez rosyjski portal \u201eKONKRETNO\u201d na temat dzia\u0142a\u0144 Ambasady Ukrainy w Warszawie, kt\u00f3ra chce \u015bciga\u0107 polskich patriot\u00f3w za obron\u0119 Cmentarza Orl\u0105t przed dewastacj\u0105 Zosta\u0142 Pan wezwany przez Sto\u0142eczn\u0105 Komend\u0119 Policji w zwi\u0105zku z demonstracj\u0105 11 listopada. Jaki jest pow\u00f3d tego wezwania? Prosimy o szczeg\u00f3\u0142y. Powodem, dla kt\u00f3rego zosta\u0142em wezwany, [&hellip;]","protected":false},"author":1,"featured_media":0,"comment_status":"closed","ping_status":"closed","sticky":false,"template":"","format":"standard","meta":{"_acf_changed":false,"_monsterinsights_skip_tracking":false,"ngg_post_thumbnail":0,"footnotes":"","_wp_rev_ctl_limit":""},"categories":[215],"tags":[65,188,167,17],"acf":[],"_links":{"self":[{"href":"https:\/\/www.bibula.com\/index.php?rest_route=\/wp\/v2\/posts\/107126"}],"collection":[{"href":"https:\/\/www.bibula.com\/index.php?rest_route=\/wp\/v2\/posts"}],"about":[{"href":"https:\/\/www.bibula.com\/index.php?rest_route=\/wp\/v2\/types\/post"}],"author":[{"embeddable":true,"href":"https:\/\/www.bibula.com\/index.php?rest_route=\/wp\/v2\/users\/1"}],"replies":[{"embeddable":true,"href":"https:\/\/www.bibula.com\/index.php?rest_route=%2Fwp%2Fv2%2Fcomments&post=107126"}],"version-history":[{"count":0,"href":"https:\/\/www.bibula.com\/index.php?rest_route=\/wp\/v2\/posts\/107126\/revisions"}],"wp:attachment":[{"href":"https:\/\/www.bibula.com\/index.php?rest_route=%2Fwp%2Fv2%2Fmedia&parent=107126"}],"wp:term":[{"taxonomy":"category","embeddable":true,"href":"https:\/\/www.bibula.com\/index.php?rest_route=%2Fwp%2Fv2%2Fcategories&post=107126"},{"taxonomy":"post_tag","embeddable":true,"href":"https:\/\/www.bibula.com\/index.php?rest_route=%2Fwp%2Fv2%2Ftags&post=107126"}],"curies":[{"name":"wp","href":"https:\/\/api.w.org\/{rel}","templated":true}]}}