{"id":107119,"date":"2019-03-16T11:29:39","date_gmt":"2019-03-16T15:29:39","guid":{"rendered":"http:\/\/www.bibula.com\/?p=107119"},"modified":"2019-03-16T11:29:39","modified_gmt":"2019-03-16T15:29:39","slug":"abp-paetzwciaz-cieszy-sie-honorami-gdzie-ta-nieskazitelna-stanowczosc","status":"publish","type":"post","link":"https:\/\/www.bibula.com\/?p=107119","title":{"rendered":"Abp Paetz,wci\u0105\u017c cieszy si\u0119 honorami. Gdzie ta &#8222;nieskazitelna stanowczo\u015b\u0107&#8221;?"},"content":{"rendered":"<p>Abp Juliusz Paetz, b. metropolita pozna\u0144ski, kt\u00f3ry molestowa\u0142 kleryk\u00f3w i m\u0142odych ksi\u0119\u017cy, wci\u0105\u017c cieszy si\u0119 honorami i zaszczytami. Foto: Gda\u0144sk, 31 VIII 2010 r., uroczysta msza \u015bw. polowa pod Trzema Krzy\u017cami, kt\u00f3r\u0105 koncelebrowa\u0142 na zaproszenie abp. S\u0142awoja G\u0142\u00f3dzia.<\/p>\r\n<p>A w 2012 r. by\u0142 serdecznie witany przez kard. Stanis\u0142awa Dziwisza w dorocznej procesji na Ska\u0142k\u0119.<\/p>\r\n<p>Gdzie ta \u201enieskazitelna stanowczo\u015b\u0107\u201d?<\/p>\r\n<p><strong><em>Ks. Tadeusz Isakowicz-Zaleski<\/em><\/strong><\/p>\r\n<p><img fetchpriority=\"high\" decoding=\"async\" class=\" wp-image-19880 aligncenter\" src=\"http:\/\/isakowicz.pl\/wp-content\/uploads\/2019\/03\/2010-\u201d\u201d-kopia-300x214.jpg\" sizes=\"(max-width: 300px) 100vw, 300px\" srcset=\"http:\/\/isakowicz.pl\/wp-content\/uploads\/2019\/03\/2010-\u201d\u201d-kopia-300x214.jpg 300w, http:\/\/isakowicz.pl\/wp-content\/uploads\/2019\/03\/2010-\u201d\u201d-kopia.jpg 540w\" alt=\"\" width=\"598\" height=\"426\"><time class=\"entry-date updated\" datetime=\"2019-03-16T11:02:30+00:00\"><\/time><\/p>\r\n<p style=\"text-align: center;\">[Na zdj\u0119ciu: abp Julisz Paetz]<\/p>\r\n<p class=\"zrodlo\">Za: <a href=\"http:\/\/isakowicz.pl\/abp-paetzwciaz-cieszy-sie-honorami-gdzie-ta-nieskazitelna-stanowczosc\/\">isakowicz.pl (16 marca 2019)<\/a><\/p>\r\n<h4>&nbsp;<\/h4>\r\n<hr style=\"background-color: #000000; border-width: 0; color: #000000; height: 2px; line-height: 0; text-align: center; width: 100%;\">\r\n<h4>&nbsp;<\/h4>","protected":false},"excerpt":{"rendered":"Abp Juliusz Paetz, b. metropolita pozna\u0144ski, kt\u00f3ry molestowa\u0142 kleryk\u00f3w i m\u0142odych ksi\u0119\u017cy, wci\u0105\u017c cieszy si\u0119 honorami i zaszczytami. Foto: Gda\u0144sk, 31 VIII 2010 r., uroczysta msza \u015bw. polowa pod Trzema Krzy\u017cami, kt\u00f3r\u0105 koncelebrowa\u0142 na zaproszenie abp. S\u0142awoja G\u0142\u00f3dzia. A w 2012 r. by\u0142 serdecznie witany przez kard. Stanis\u0142awa Dziwisza w dorocznej procesji na Ska\u0142k\u0119. Gdzie [&hellip;]","protected":false},"author":1,"featured_media":0,"comment_status":"closed","ping_status":"closed","sticky":false,"template":"","format":"standard","meta":{"_acf_changed":false,"_monsterinsights_skip_tracking":false,"_monsterinsights_sitenote_active":false,"_monsterinsights_sitenote_note":"","_monsterinsights_sitenote_category":0,"ngg_post_thumbnail":0,"footnotes":"","_wp_rev_ctl_limit":""},"categories":[5],"tags":[98,86,33],"acf":[],"_links":{"self":[{"href":"https:\/\/www.bibula.com\/index.php?rest_route=\/wp\/v2\/posts\/107119"}],"collection":[{"href":"https:\/\/www.bibula.com\/index.php?rest_route=\/wp\/v2\/posts"}],"about":[{"href":"https:\/\/www.bibula.com\/index.php?rest_route=\/wp\/v2\/types\/post"}],"author":[{"embeddable":true,"href":"https:\/\/www.bibula.com\/index.php?rest_route=\/wp\/v2\/users\/1"}],"replies":[{"embeddable":true,"href":"https:\/\/www.bibula.com\/index.php?rest_route=%2Fwp%2Fv2%2Fcomments&post=107119"}],"version-history":[{"count":0,"href":"https:\/\/www.bibula.com\/index.php?rest_route=\/wp\/v2\/posts\/107119\/revisions"}],"wp:attachment":[{"href":"https:\/\/www.bibula.com\/index.php?rest_route=%2Fwp%2Fv2%2Fmedia&parent=107119"}],"wp:term":[{"taxonomy":"category","embeddable":true,"href":"https:\/\/www.bibula.com\/index.php?rest_route=%2Fwp%2Fv2%2Fcategories&post=107119"},{"taxonomy":"post_tag","embeddable":true,"href":"https:\/\/www.bibula.com\/index.php?rest_route=%2Fwp%2Fv2%2Ftags&post=107119"}],"curies":[{"name":"wp","href":"https:\/\/api.w.org\/{rel}","templated":true}]}}