{"id":107044,"date":"2019-03-12T11:08:30","date_gmt":"2019-03-12T15:08:30","guid":{"rendered":"http:\/\/www.bibula.com\/?p=107044"},"modified":"2019-03-12T11:08:30","modified_gmt":"2019-03-12T15:08:30","slug":"wielkie-starcie-hejterow-29-marca-w-muzeum-polin-matka-kurka-kontra-owsiak","status":"publish","type":"post","link":"https:\/\/www.bibula.com\/?p=107044","title":{"rendered":"Wielkie starcie hejter\u00f3w \u2013 29 marca w Muzeum Polin Matka Kurka kontra Owsiak!"},"content":{"rendered":"<p><strong>Co ja s\u0142ysz\u0119?! 29 marca 2019 roku, w Muzeum Polin ma si\u0119 odby\u0107 spotkanie, z udzia\u0142em Jerzego Owsiaka i RPO Adama Bodnara, po\u015bwi\u0119cone \u201ehejtowi\u201d. Rzecz wygl\u0105da wyj\u0105tkowo profesjonalnie, a wy\u017cej wymienione nazwiska zapewniaj\u0105 pe\u0142en profesjonalizm. Takiej okazji szanuj\u0105cy si\u0119 \u201ehejter\u201d nie mo\u017ce przepu\u015bci\u0107. Chc\u0119 tam by\u0107! Zapowiada si\u0119 pojedynek stulecia, pomi\u0119dzy Jerzym Owsiakiem, znanym od lat najwi\u0119kszym hejterem III RP, kt\u00f3ry przegra\u0142 pi\u0119\u0107 proces\u00f3w o \u201emow\u0119 nienawi\u015bci\u201d i pretendentem Matk\u0105 Kurk\u0105, ze znacznie mniejszym dorobkiem. <\/strong><span id=\"ezoic-pub-ad-placeholder-107\" class=\"ezoic-adpicker-ad\"><\/span><\/p>\r\n<p>Niecodzienny to b\u0119dzie pojedynek, o ile b\u0119dzie, poniewa\u017c na starcie mamy do czynienia z r\u00f3\u017cnymi kategoriami wagowymi i innymi przeszkodami. Hejter Owsiak to mistrz wagi super ci\u0119\u017ckiej, Matka Kurka, co najwy\u017cej hejterska waga kogucia. Do takich dysproporcji jestem przyzwyczajony, nie boj\u0119 si\u0119, id\u0105 na \u201eintelektualne solo\u201d, ale to jeszcze nie koniec fauli, kt\u00f3re stawiaj\u0105 pojedynek pod znakiem zapytania. O tym, \u017ce odb\u0119dzie si\u0119 co\u015b takiego jak spotkanie w Polin po\u015bwi\u0119cone \u201ehejtowi\u201d, dowiedzia\u0142em si\u0119 od samego hejtera Owsiaka. Wczoraj na antenie Antyradia Owsiak, jak zawsze, opowiada\u0142 r\u00f3\u017cne banialuki i bawi\u0142 si\u0119 w polityk\u0119, a\u017c tu nagle pad\u0142a zapowied\u017a tego prze\u0142omowego wydarzenia. Prelegent by\u0142 \u0142askaw uchyli\u0107 r\u0105bka tajemnicy i podpowiedzia\u0142, \u017ce ka\u017cdy mo\u017ce si\u0119 zg\u0142osi\u0107 jako uczestnik i gdzie\u015b w \u015bwieci prowadzone s\u0105 zapisy.<\/p>\r\n<p><span id=\"ezoic-pub-ad-placeholder-122\" class=\"ezoic-adpicker-ad\"><\/span>Znaj\u0105c wiarygodno\u015b\u0107 hejtera Owsiaka od razu za\u0142o\u017cy\u0142em, \u017ce z tych informacji mo\u017ce zgadza si\u0119 data, a i to trzeba sprawdzi\u0107, natomiast ca\u0142a reszta z pewno\u015bci\u0105 wygl\u0105da zupe\u0142nie inaczej. Celem weryfikacji i zg\u0142oszenia udzia\u0142u, czym pr\u0119dzej pobieg\u0142em do Internetu. Szukam i szukam, pot z czo\u0142a ocieram, strzepi\u0119 opuszki palc\u00f3w o klawiatur\u0119 wpisuj\u0105c kolejne frazy i\u2026 nic. Nigdzie \u015bladu spotkania, o formularzu zg\u0142oszeniowym nie wspomn\u0119. Kolejny raz si\u0119 nie zawiod\u0142em na \u201eprawdom\u00f3wno\u015bci\u201d hejtera Owsiaka i zgodnie z przewidywaniami sprawy maj\u0105 si\u0119 zupe\u0142nie inaczej ni\u017c zosta\u0142y przedstawione. No, ale nie poddaj\u0119 si\u0119. Na hejcie nie znam si\u0119 tak dobrze, jak skazany i oskar\u017cony Jerzy Owsiak, chocia\u017c te\u017c mam wyrok za \u201ekr\u00f3la \u017cebrak\u00f3w\u201d, ale mimo wszystko czuj\u0119 si\u0119 uprawnionym uczestnikiem tej imprezy. Zderzenie pogl\u0105d\u00f3w i do\u015bwiadcze\u0144 mistrza z aspiracjami terminatora, mo\u017ce by\u0107 unikaln\u0105 warto\u015bci\u0105 dla wszystkich pocz\u0105tkuj\u0105cych hejter\u00f3w.<\/p>\r\n<p>Dlatego ciesz\u0119 si\u0119 niezmiernie, \u017ce patronat nad spotkaniem hejter\u00f3w obj\u0105\u0142 sam Adam Bodnar, kt\u00f3ry te\u017c ma swoje zas\u0142ugi w tej dziedzinie, a cz\u0119\u015b\u0107 tych zas\u0142ug za chwil\u0119 b\u0119dzie podlega\u0107 ocenie s\u0105du. Rado\u015b\u0107 wynika st\u0105d, \u017ce pan rzecznik przynajmniej teoretycznie nie mo\u017ce mi odm\u00f3wi\u0107 udzia\u0142u w przedsi\u0119wzi\u0119ciu, kt\u00f3re obj\u0105\u0142 swoim patronatem. Zwr\u00f3ci\u0142bym si\u0119 bezpo\u015brednio do mistrza Jerzego Owsiaka, wszak znamy si\u0119 nie od dzi\u015b, aby we wspania\u0142omy\u015blno\u015bci i filantropii swojej wyj\u0105\u0142 z puszki jedno zaproszenie in blanco i przekaza\u0142 swojemu idolowi Matce Kurce. Niestety mistrz hejtu \u201eJurek\u201d nie odpowiada na pytania w \u017cadnym trybie, co potwierdza 15 wyrok\u00f3w WSA i NSA, \u0142\u0105cznie z trzema karami na\u0142o\u017conymi na WO\u015aP. Z tej przyczyny drog\u0105 internetow\u0105 zwracam si\u0119 do RPO Adama Bodnara. <span id=\"ezoic-pub-ad-placeholder-108\" class=\"ezoic-adpicker-ad\"><\/span><\/p>\r\n<p>Szanowny Panie RPO, bardzo prosz\u0119 o przes\u0142anie imiennego zaproszenia na spotkanie hejter\u00f3w, kt\u00f3re odb\u0119dzie si\u0119 29 marca 2019 roku w Muzeum Historii \u017byd\u00f3w Polskich Polin w Warszawie albo chocia\u017c wskazanie miejsca w Internecie, gdzie takie zaproszenie mo\u017cna sobie samemu wygenerowa\u0107. Jak rozumiem spotkanie jest otwarte, a to oznacza, \u017ce nie mo\u017ce pan rzecznik ogranicza\u0107 moich praw, czy te\u017c poni\u017ca\u0107 mnie w oczach opinii publicznej, uznaj\u0105c, \u017ce przy hejterze Jerzym Owsiaku, hejter Matka Kurka nie ma nic do powiedzenia.<\/p>\r\n<p><span id=\"ezoic-pub-ad-placeholder-109\" class=\"ezoic-adpicker-ad\"><\/span>Przy okazji gratuluj\u0119 pomys\u0142u, bo to jednak odwa\u017cna i dziewicza inicjatywa. Dot\u0105d rozmaici eksperci teoretycy rozmawiali o tym, jak sobie radzi\u0107 z hejterami, po raz pierwszy hejter Owsiak opowie jak hejtowa\u0107 profesjonalnie i nie przejmowa\u0107 si\u0119 prawomocnymi wyrokami s\u0105du. W taki spos\u00f3b zrozumia\u0142em formu\u0142\u0119 tego spotkania, bior\u0105c pod uwag\u0119 jej sk\u0142ad. B\u0119d\u0119 bardzo wdzi\u0119czny za umo\u017cliwienie mi konfrontacji z mistrzem hejtu Jerzym Owsiakiem i na wszelki wypadek przypominam, \u017ce to pana rzecznika konstytucyjny obowi\u0105zek.<\/p>\r\n<p><strong><em>Matka Kurka<\/em><\/strong><\/p>\r\n<blockquote>\r\n<p>[<strong>Wybrane wypowiedzi internaut\u00f3w pod w\/w tekstem na stronie \u017ar\u00f3d\u0142owej:<\/strong>]<\/p>\r\n<p><em>MarekBury<\/em><br>\r\nNiech Owsiak nic nie m\u00f3wi, \u017ce prowadzi akcj\u0119 charytatywn\u0105. To zwyk\u0142a akcja zarobkowa po\u015brednictwa w handlu sprz\u0119tem medycznym. Charytatywnie dzia\u0142aj\u0105 ci, co daj\u0105 swoje w\u0142asne pieni\u0105dze na ten sprz\u0119t w czasie zbi\u00f3rki. Owsiak niczego z w\u0142asnych, gdzie indziej zarobionych pieni\u0119dzy nie dok\u0142ada. Firmy, od kt\u00f3rych kupuje sprz\u0119t te\u017c maj\u0105 zyski.<\/p>\r\n<p><em>Egon O.<\/em><br>\r\nCiekawe, czy gdyby MK chcia\u0142by zorganizowa\u0107 analogiczne spotkanie, to muzeum Polin udzieli\u0142o by mu go\u015bciny.<br>\r\nNie mog\u0119 oprze\u0107 si\u0119 wra\u017ceniu \u017ce muzeum to wspiera opozycyjne imprezy wykorzystuj\u0105c rz\u0105dowe dotacje. Kiedy wreszcie szkodnik Gli\u0144ski przestanie by\u0107 cz\u0142onkiem tego rz\u0105du?<\/p>\r\n<\/blockquote>","protected":false},"excerpt":{"rendered":"Co ja s\u0142ysz\u0119?! 29 marca 2019 roku, w Muzeum Polin ma si\u0119 odby\u0107 spotkanie, z udzia\u0142em Jerzego Owsiaka i RPO Adama Bodnara, po\u015bwi\u0119cone \u201ehejtowi\u201d. Rzecz wygl\u0105da wyj\u0105tkowo profesjonalnie, a wy\u017cej wymienione nazwiska zapewniaj\u0105 pe\u0142en profesjonalizm. Takiej okazji szanuj\u0105cy si\u0119 \u201ehejter\u201d nie mo\u017ce przepu\u015bci\u0107. Chc\u0119 tam by\u0107! Zapowiada si\u0119 pojedynek stulecia, pomi\u0119dzy Jerzym Owsiakiem, znanym od [&hellip;]","protected":false},"author":1,"featured_media":0,"comment_status":"closed","ping_status":"closed","sticky":false,"template":"","format":"standard","meta":{"_acf_changed":false,"_monsterinsights_skip_tracking":false,"_monsterinsights_sitenote_active":false,"_monsterinsights_sitenote_note":"","_monsterinsights_sitenote_category":0,"ngg_post_thumbnail":0,"footnotes":"","_wp_rev_ctl_limit":""},"categories":[9],"tags":[65,16,98,53,226],"acf":[],"_links":{"self":[{"href":"https:\/\/www.bibula.com\/index.php?rest_route=\/wp\/v2\/posts\/107044"}],"collection":[{"href":"https:\/\/www.bibula.com\/index.php?rest_route=\/wp\/v2\/posts"}],"about":[{"href":"https:\/\/www.bibula.com\/index.php?rest_route=\/wp\/v2\/types\/post"}],"author":[{"embeddable":true,"href":"https:\/\/www.bibula.com\/index.php?rest_route=\/wp\/v2\/users\/1"}],"replies":[{"embeddable":true,"href":"https:\/\/www.bibula.com\/index.php?rest_route=%2Fwp%2Fv2%2Fcomments&post=107044"}],"version-history":[{"count":0,"href":"https:\/\/www.bibula.com\/index.php?rest_route=\/wp\/v2\/posts\/107044\/revisions"}],"wp:attachment":[{"href":"https:\/\/www.bibula.com\/index.php?rest_route=%2Fwp%2Fv2%2Fmedia&parent=107044"}],"wp:term":[{"taxonomy":"category","embeddable":true,"href":"https:\/\/www.bibula.com\/index.php?rest_route=%2Fwp%2Fv2%2Fcategories&post=107044"},{"taxonomy":"post_tag","embeddable":true,"href":"https:\/\/www.bibula.com\/index.php?rest_route=%2Fwp%2Fv2%2Ftags&post=107044"}],"curies":[{"name":"wp","href":"https:\/\/api.w.org\/{rel}","templated":true}]}}