{"id":106988,"date":"2019-03-08T11:20:25","date_gmt":"2019-03-08T16:20:25","guid":{"rendered":"http:\/\/www.bibula.com\/?p=106988"},"modified":"2019-03-08T11:20:25","modified_gmt":"2019-03-08T16:20:25","slug":"obraz-polakow-w-nowym-niemieckim-serialu-brudni-zlodzieje-gwalciciele-chcacy-zabijac-niemcow","status":"publish","type":"post","link":"https:\/\/www.bibula.com\/?p=106988","title":{"rendered":"Obraz Polak\u00f3w w nowym niemieckim serialu: brudni z\u0142odzieje, gwa\u0142ciciele, chc\u0105cy zabija\u0107 Niemc\u00f3w"},"content":{"rendered":"<p><strong>Wed\u0142ug opisu dziennikarza \u201eDo Rzeczy\u201d, nowy niemiecki serial katastroficzny w skandaliczny spos\u00f3b przedstawia Polak\u00f3w. \u201eKradn\u0105 obr\u0105czki, bluzgaj\u0105, s\u0105 brudni, gwa\u0142c\u0105, chc\u0105 zabi\u0107 Niemc\u00f3w\u201d.<\/strong><\/p>\r\n<p>Niemiecka stacja Sky Deutschland wyprodukowa\u0142a nowy serial katastroficzny pt. \u201e8 Tage\u201d (\u201e8 dni\u201d). Wed\u0142ug fabu\u0142y, w kierunku Ziemi p\u0119dzi wielki meteor o \u015brednicy kilkudziesi\u0119ciu kilometr\u00f3w, kt\u00f3ry ma uderzy\u0107 w sam \u015brodek Europy, zabijaj\u0105c wszystkich mieszka\u0144c\u00f3w regionu &#8211; w tym Niemiec. Pr\u00f3by zapobie\u017cenia katastrofie ko\u0144cz\u0105 si\u0119 niepowodzeniem i do uderzenia pozostaje zaledwie osiem dni. Ca\u0142y kontynent ogarnia panika, gdy\u017c ludzie pr\u00f3buj\u0105 si\u0119 ratowa\u0107. Fabu\u0142a koncentruje si\u0119 na losach rodziny Niemc\u00f3w z Berlina, kt\u00f3rzy w panuj\u0105cym chaosie pr\u00f3buj\u0105 przedosta\u0107 si\u0119 do Rosji.<\/p>\r\n<p>Serial ten emitowany jest obecnie na HBO. Zapozna\u0142 si\u0119 z nim dziennikarz i publicysta tygodnika \u201eDo Rzeczy\u201d, Marcin Makowski. Zwraca uwag\u0119, \u017ce g\u0142\u00f3wnie bohaterowie serialu, Niemcy, podczas ucieczki do Rosji musz\u0105 przedosta\u0107 si\u0119 do Polski. Wed\u0142ug jego relacji, Polacy s\u0105 tam przedstawieni bardzo negatywnie: jako oszu\u015bci i z\u0142odzieje, \u017cyj\u0105cy w bar\u0142ogu, a do tego gwa\u0142ciciele, kt\u00f3rzy chc\u0105 zabija\u0107 Niemc\u00f3w.<\/p>\r\n<p>\u201eNiemiecki serial \u201e8 dni\u201d na&nbsp;HBO. Tyle zostaje Europie Zachodniej zanim uderzy meteoryt. Niemiecka rodzina ucieka przez Polsk\u0119 do&nbsp;Rosji. Polacy:<br>\r\n&#8211; Bior\u0105 wi\u0119cej kasy za&nbsp;przemyt ni\u017c&nbsp;ustalono<br>\r\n&#8211; Kradn\u0105 obr\u0105czki<br>\r\n&#8211; Bluzgaj\u0105<br>\r\n&#8211; \u0179yj\u0105 w&nbsp;bar\u0142ogu, s\u0105 brudni<br>\r\n&#8211; Gwa\u0142c\u0105<br>\r\n&#8211; Chc\u0105 zabi\u0107 Niemc\u00f3w\u201d &#8211;&nbsp;napisa\u0142 Makowski na&nbsp;Twitterze.<\/p>\r\n<p>Jak dot\u0105d powsta\u0142 pierwszy sezon serialu, licz\u0105cy osiem odcink\u00f3w. Tw\u00f3rcy nie wykluczaj\u0105 nakr\u0119cenia kolejnego sezonu.<span id=\"ezoic-pub-ad-placeholder-112\" class=\"ezoic-adpicker-ad\"><\/span><\/p>\r\n<ul>\r\n\t<li>Przeczytaj: <a href=\"https:\/\/kresy.pl\/wydarzenia\/niemiecki-serial-szkalujacy-armie-krajowa-zwyciezyl-w-konkursie-w-nowym-jorku\/\">Niemiecki serial szkaluj\u0105cy Armi\u0119 Krajow\u0105 zwyci\u0119\u017cy\u0142 w konkursie w Nowym Jorku <\/a><\/li>\r\n<\/ul>\r\n<p>Twitter.com \/ variety.com \/ Kresy.pl<\/p>\r\n<p class=\"zrodlo\">Za: <a href=\"https:\/\/kresy.pl\/wydarzenia\/obraz-polakow-w-nowym-niemieckim-serialu-brudni-zlodzieje-gwalcicie-chcacy-zabijac-niemcow\/\">Kresy.pl (7 marca 2019)<\/a><\/p>\r\n<h4>&nbsp;<\/h4>\r\n<hr style=\"background-color: #000000; border-width: 0; color: #000000; height: 2px; line-height: 0; text-align: center; width: 100%;\">\r\n<h4>&nbsp;<\/h4>","protected":false},"excerpt":{"rendered":"Wed\u0142ug opisu dziennikarza \u201eDo Rzeczy\u201d, nowy niemiecki serial katastroficzny w skandaliczny spos\u00f3b przedstawia Polak\u00f3w. \u201eKradn\u0105 obr\u0105czki, bluzgaj\u0105, s\u0105 brudni, gwa\u0142c\u0105, chc\u0105 zabi\u0107 Niemc\u00f3w\u201d. Niemiecka stacja Sky Deutschland wyprodukowa\u0142a nowy serial katastroficzny pt. \u201e8 Tage\u201d (\u201e8 dni\u201d). Wed\u0142ug fabu\u0142y, w kierunku Ziemi p\u0119dzi wielki meteor o \u015brednicy kilkudziesi\u0119ciu kilometr\u00f3w, kt\u00f3ry ma uderzy\u0107 w sam \u015brodek Europy, [&hellip;]","protected":false},"author":1,"featured_media":0,"comment_status":"closed","ping_status":"closed","sticky":false,"template":"","format":"standard","meta":{"_acf_changed":false,"_monsterinsights_skip_tracking":false,"_monsterinsights_sitenote_active":false,"_monsterinsights_sitenote_note":"","_monsterinsights_sitenote_category":0,"ngg_post_thumbnail":0,"footnotes":"","_wp_rev_ctl_limit":""},"categories":[6],"tags":[65,166,159],"acf":[],"_links":{"self":[{"href":"https:\/\/www.bibula.com\/index.php?rest_route=\/wp\/v2\/posts\/106988"}],"collection":[{"href":"https:\/\/www.bibula.com\/index.php?rest_route=\/wp\/v2\/posts"}],"about":[{"href":"https:\/\/www.bibula.com\/index.php?rest_route=\/wp\/v2\/types\/post"}],"author":[{"embeddable":true,"href":"https:\/\/www.bibula.com\/index.php?rest_route=\/wp\/v2\/users\/1"}],"replies":[{"embeddable":true,"href":"https:\/\/www.bibula.com\/index.php?rest_route=%2Fwp%2Fv2%2Fcomments&post=106988"}],"version-history":[{"count":0,"href":"https:\/\/www.bibula.com\/index.php?rest_route=\/wp\/v2\/posts\/106988\/revisions"}],"wp:attachment":[{"href":"https:\/\/www.bibula.com\/index.php?rest_route=%2Fwp%2Fv2%2Fmedia&parent=106988"}],"wp:term":[{"taxonomy":"category","embeddable":true,"href":"https:\/\/www.bibula.com\/index.php?rest_route=%2Fwp%2Fv2%2Fcategories&post=106988"},{"taxonomy":"post_tag","embeddable":true,"href":"https:\/\/www.bibula.com\/index.php?rest_route=%2Fwp%2Fv2%2Ftags&post=106988"}],"curies":[{"name":"wp","href":"https:\/\/api.w.org\/{rel}","templated":true}]}}