{"id":106939,"date":"2019-03-04T10:29:52","date_gmt":"2019-03-04T15:29:52","guid":{"rendered":"http:\/\/www.bibula.com\/?p=106939"},"modified":"2019-03-04T10:29:52","modified_gmt":"2019-03-04T15:29:52","slug":"lwow-grekokatolicy-ktorzy-przejeli-kosciol-mb-gromnicznej-przeszli-na-prawoslawie","status":"publish","type":"post","link":"https:\/\/www.bibula.com\/?p=106939","title":{"rendered":"Lw\u00f3w: grekokatolicy, kt\u00f3rzy przej\u0119li ko\u015bci\u00f3\u0142 MB Gromnicznej, przeszli na prawos\u0142awie"},"content":{"rendered":"&nbsp;<\/div>\r\n<div class=\"entry-content-wrapper clearfix standard-content\">\r\n\r\n<p><strong>Grekokatolicy, kt\u00f3rzy nie zgadzali si\u0119 z oddaniem ko\u015bcio\u0142a Matki Bo\u017cej Gromnicznej we Lwowie w r\u0119ce rzymskich katolik\u00f3w, przeszli do Prawos\u0142awnego Ko\u015bcio\u0142a Ukrainy. To jeszcze bardziej komplikuje spraw\u0119 zwrotu \u015bwi\u0105tyni prawowitym w\u0142a\u015bcicielom, poniewa\u017c buntownicy dysponuj\u0105 kluczami do obiektu.<\/strong><\/p>\r\n<p class=\"second\">Jak podaje lwowski portal Zaxid.net, grupka wiernych, kt\u00f3rzy nie uznali decyzji greckokatolickiego metropolity Lwowa abp Wozniaka o zwrocie ko\u015bcio\u0142a i likwidacji wykorzystuj\u0105cej go parafii, podj\u0119\u0142a w niedziel\u0119 3. marca decyzj\u0119 o zmianie wyznania i przej\u015bciu do powsta\u0142ego w ostatnich miesi\u0105cach przy wsparciu ukrai\u0144skich w\u0142adz Prawos\u0142awnego Ko\u015bcio\u0142a Ukrainy (PKU). Informacj\u0119 t\u0119 potwierdzi\u0142 portalowi Ihor Baranowski, kt\u00f3ry kieruje organizacj\u0105 parafian.<\/p>\r\n<p>O tym, \u017ce ludzie, kt\u00f3rzy przej\u0119li ko\u015bci\u00f3\u0142 Matki Bo\u017cej Gromnicznej, maj\u0105 zamiar zmieni\u0107 wyznanie, \u015bwiadczy\u0142o ju\u017c wydane tydzie\u0144 temu ostrze\u017cenie abp Wozniaka, kt\u00f3ry przestrzeg\u0142 wiernych, \u017ce w tej \u015bwi\u0105tyni <a href=\"https:\/\/kresy.pl\/wydarzenia\/regiony\/ukraina\/nowy-zwrot-w-sytuacji-kosciola-mb-gromnicznej-we-lwowie-odprawiaja-tam-niekatoliccy-duchowni\/\"><span style=\"text-decoration: underline;\">nabo\u017ce\u0144stwa s\u0105 odprawiane przez \u201eniekatolickich duchownych\u201d<\/span><\/a>. Lwowska archidiecezja UKGK nie sprecyzowa\u0142a przy tym, do jakiego wyznania nale\u017c\u0105 owi duchowni.<\/p>\r\n<p>Jak podawali\u015bmy wcze\u015bniej, po latach spor\u00f3w lwowskie w\u0142adze Ko\u015bcio\u0142a greckokatolickiego zdecydowa\u0142y si\u0119 odda\u0107 Ko\u015bcio\u0142owi rzymskokatolickiemu budynek ko\u015bcio\u0142a Matki Bo\u017cej Gromnicznej we Lwowie. Z tamtejszej parafii odwo\u0142a\u0142y proboszcza a wiernym zaproponowano przej\u015bcie do s\u0105siedniej parafii. Mimo to wsp\u00f3lnota rzymskokatolicka wci\u0105\u017c nie mog\u0142a korzysta\u0107 z ko\u015bcio\u0142a, poniewa\u017c <a href=\"https:\/\/kresy.pl\/wydarzenia\/regiony\/ukraina\/lwow-grupka-grekokatolikow-blokuje-realizacje-historycznej-decyzji\/\"><span style=\"text-decoration: underline;\">zbuntowana grupka grekokatolik\u00f3w uwa\u017caj\u0105ca obiekt za swoj\u0105 w\u0142asno\u015b\u0107, zamkn\u0119\u0142a \u015bwi\u0105tyni\u0119<\/span><\/a>. Ponadto ludzie ci zacz\u0119li zbiera\u0107 si\u0119 3 razy w tygodniu w ko\u015bciele &#8211; 2 razy sami si\u0119 modl\u0105c a w niedziel\u0119 s\u0142uchaj\u0105c mszy w radiu.<\/p>\r\n<p>Zmiana wyznania przez buntownik\u00f3w znacznie komplikuje spraw\u0119 zwrotu ko\u015bcio\u0142a MB Gromnicznej Ko\u015bcio\u0142owi \u0142aci\u0144skiemu, poniewa\u017c wsp\u00f3lnota korzystaj\u0105ca z ko\u015bcio\u0142a przed laty w jaki\u015b spos\u00f3b go \u201esprywatyzowa\u0142a\u201d pomimo tego, \u017ce jest to obiekt zabytkowy.<\/p>\r\n<p>T\u0142em dla przej\u015bcia lwowskiej grupki wiernych wraz ze \u015bwi\u0105tyni\u0105 do Prawos\u0142awnego Ko\u015bcio\u0142a Ukrainy jest przechodzenie parafii Ukrai\u0144skiego Ko\u015bcio\u0142a Prawos\u0142awnego Patriarchatu Moskiewskiego (UKP PM) pod jurysdykcj\u0119 PKU. Jak informuje Zaxid.net, tylko w obwodzie lwowskim do PKU przesz\u0142o 19 z 60 parafii UKP PM.&nbsp; Jak 24. lutego podawa\u0142 kana\u0142 TSN, na ca\u0142ej Ukrainie do PKU przesz\u0142o 400 parafii UKP PM. Dotychczas brak by\u0142o doniesie\u0144 o grupowym przechodzeniu grekokatolik\u00f3w do nowej struktury.<\/p>\r\n<ul>\r\n\t<li>CZYTAJ TAK\u0179E: <a href=\"https:\/\/kresy.pl\/wydarzenia\/regiony\/ukraina\/zwierzchnik-grekokatolikow-chce-zblizenia-z-prawoslawnym-kosciolem-ukrainy\/\">Zwierzchnik grekokatolik\u00f3w chce zbli\u017cenia z Prawos\u0142awnym Ko\u015bcio\u0142em Ukrainy<\/a><\/li>\r\n<\/ul>\r\n<p>Kresy.pl \/ zaxid.net<\/p>\r\n<\/div>\r\n<\/div>","protected":false},"excerpt":{"rendered":"&nbsp; Grekokatolicy, kt\u00f3rzy nie zgadzali si\u0119 z oddaniem ko\u015bcio\u0142a Matki Bo\u017cej Gromnicznej we Lwowie w r\u0119ce rzymskich katolik\u00f3w, przeszli do Prawos\u0142awnego Ko\u015bcio\u0142a Ukrainy. To jeszcze bardziej komplikuje spraw\u0119 zwrotu \u015bwi\u0105tyni prawowitym w\u0142a\u015bcicielom, poniewa\u017c buntownicy dysponuj\u0105 kluczami do obiektu. Jak podaje lwowski portal Zaxid.net, grupka wiernych, kt\u00f3rzy nie uznali decyzji greckokatolickiego metropolity Lwowa abp Wozniaka o [&hellip;]","protected":false},"author":1,"featured_media":0,"comment_status":"closed","ping_status":"closed","sticky":false,"template":"","format":"standard","meta":{"_acf_changed":false,"_monsterinsights_skip_tracking":false,"_monsterinsights_sitenote_active":false,"_monsterinsights_sitenote_note":"","_monsterinsights_sitenote_category":0,"ngg_post_thumbnail":0,"footnotes":"","_wp_rev_ctl_limit":""},"categories":[6],"tags":[132,188,167],"acf":[],"_links":{"self":[{"href":"https:\/\/www.bibula.com\/index.php?rest_route=\/wp\/v2\/posts\/106939"}],"collection":[{"href":"https:\/\/www.bibula.com\/index.php?rest_route=\/wp\/v2\/posts"}],"about":[{"href":"https:\/\/www.bibula.com\/index.php?rest_route=\/wp\/v2\/types\/post"}],"author":[{"embeddable":true,"href":"https:\/\/www.bibula.com\/index.php?rest_route=\/wp\/v2\/users\/1"}],"replies":[{"embeddable":true,"href":"https:\/\/www.bibula.com\/index.php?rest_route=%2Fwp%2Fv2%2Fcomments&post=106939"}],"version-history":[{"count":0,"href":"https:\/\/www.bibula.com\/index.php?rest_route=\/wp\/v2\/posts\/106939\/revisions"}],"wp:attachment":[{"href":"https:\/\/www.bibula.com\/index.php?rest_route=%2Fwp%2Fv2%2Fmedia&parent=106939"}],"wp:term":[{"taxonomy":"category","embeddable":true,"href":"https:\/\/www.bibula.com\/index.php?rest_route=%2Fwp%2Fv2%2Fcategories&post=106939"},{"taxonomy":"post_tag","embeddable":true,"href":"https:\/\/www.bibula.com\/index.php?rest_route=%2Fwp%2Fv2%2Ftags&post=106939"}],"curies":[{"name":"wp","href":"https:\/\/api.w.org\/{rel}","templated":true}]}}