{"id":106908,"date":"2019-02-28T11:36:48","date_gmt":"2019-02-28T16:36:48","guid":{"rendered":"http:\/\/www.bibula.com\/?p=106908"},"modified":"2019-02-28T11:36:48","modified_gmt":"2019-02-28T16:36:48","slug":"kosciol-w-czechach-wymowne-konwersje","status":"publish","type":"post","link":"https:\/\/www.bibula.com\/?p=106908","title":{"rendered":"Ko\u015bci\u00f3\u0142 w Czechach \u2013 wymowne konwersje"},"content":{"rendered":"<p>Polski filo bohemizm, albo odwrotny, pogardliwy protekcjonalizm do Czech\u00f3w zas\u0142ania procesy, kt\u00f3re dokonuj\u0105 si\u0119 w Republice Czeskiej, a co umyka polskim obserwatorom.<br>\r\nCennych informacji dostarcza wywiad konwertyty na islam Piotra Ibrahim Kalwasa z Aleksanderem Kaczorowskim, <strong>&#8222;Sikaj\u0105c na Czechy czyli kr\u00f3tka rozmowa o narodzie kt\u00f3ry powsta\u0142 z karpia\u201d<\/strong>, bohemist\u0105, slawist\u0105, pisarzem i t\u0142umacz literatury czeskie zamieszony na portalu onet.pl<\/p>\r\n<p>Analiza przedstawiona przez Kaczorowskiego jest tak cenna, \u017ce przytaczamy ca\u0142e fragmenty dotycz\u0105c nacjonalizmu czeskiego i Ko\u015bcio\u0142a:<\/p>\r\n<p style=\"padding-left: 30px;\">&#8222;Z tym ateizmem Czech\u00f3w to zawracanie g\u0142owy. Po prostu wi\u0119kszo\u015b\u0107 ludzi nigdy nie mia\u0142a kontaktu z jak\u0105kolwiek zinstytucjonalizowan\u0105 religi\u0105, oczywi\u015bcie poza nacjonalizmem, kt\u00f3ry jest ich narodowym wyznaniem. Czeski nacjonalizm to jest co\u015b nieprawdopodobnego. Mo\u017ce pan by\u0107 faszyst\u0105 albo komunist\u0105, libera\u0142em czy chadekiem, ale je\u015bli jest pan Czechem, to wolno panu wszystko. (\u2026) Dlatego Czesi s\u0105 najbardziej tolerancyjni wobec zwi\u0105zk\u00f3w homoseksualnych, a jednocze\u015bnie najbardziej ksenofobiczni i najbardziej w Europie nienawidz\u0105 islamu. Bo szariat jest ca\u0142kowitym zaprzeczeniem pomys\u0142u na \u017cycie tej zbiorowo\u015bci, dlatego budzi taki strach.<\/p>\r\n<p style=\"padding-left: 30px;\">Te postawy si\u0119gaj\u0105 jeszcze XIX wieku, gdy formowa\u0142 si\u0119 czeski nacjonalizm, bardzo wsobny; w zasadzie jedynym kryterium by\u0142o pos\u0142ugiwanie si\u0119 j\u0119zykiem czeskim, plebejskie pochodzenie i niech\u0119\u0107 do Niemc\u00f3w, szlachty i \u017byd\u00f3w. Wraz z utworzeniem niepodleg\u0142ego pa\u0144stwa w 1918 roku za wroga uznano tak\u017ce ko\u015bci\u00f3\u0142 katolicki, ze wzgl\u0119du na jego zwi\u0105zki z Austri\u0105 &#8211; przed pierwsz\u0105 wojn\u0105 niemal ca\u0142a hierarchia ko\u015bcielna na ziemiach czeskich sk\u0142ada\u0142a si\u0119 z austriackich arystokrat\u00f3w.<\/p>\r\n<p style=\"padding-left: 30px;\">Jak ju\u017c wspomnia\u0142em, czeski nacjonalizm tradycyjnie by\u0142 w kontrze do katolicyzmu. Antyklerykalny by\u0142 nie tylko ruch robotniczy, bardzo silny w Czechach ju\u017c od ko\u0144ca XIX wieku, ale i libera\u0142owie pokroju Masaryka. Masaryk ju\u017c za m\u0142odu zerwa\u0142 z Watykanem, a po \u015blubie z Amerykank\u0105 przesi\u0105kn\u0105\u0142 unitarianizmem, kt\u00f3ry nie ma wiele wsp\u00f3lnego z chrze\u015bcija\u0144stwem.<\/p>\r\n<p style=\"padding-left: 30px;\">Ponadto Tomasz Masaryk (nazywany przez Czech\u00f3w tatusiem &#8211; \u201etat\u00c3\u00ad\u00c4\u008dkiem\u201d &#8211; za\u0142o\u017cycielem nowego narodu czeskiego) uwa\u017ca\u0142 husytyzm, b\u0119d\u0105cy w istocie \u015bredniowieczn\u0105 schizm\u0105, za jaki\u015b czeski pre-protestantyzm sto lat przed Lutrem. Tak mu by\u0142o wygodnie, bo dzi\u0119ki Husowi m\u00f3g\u0142 ustawi\u0107 czesk\u0105 tradycj\u0119 narodow\u0105 w kontrze zar\u00f3wno do Wiednia, bastionu ultrakonserwatyzmu katolickiego, jak i do Berlina, czyli twierdzy niemieckiego protestantyzmu i nacjonalizmu, kt\u00f3re by\u0142y ze sob\u0105 splecione. Przy tym Masaryk, z pochodzenia S\u0142owak [matka Niemka z Moraw &#8211; przyp. red.], by\u0142 oczywi\u015bcie cz\u0142owiekiem o umys\u0142owo\u015bci niemieckiej, odebra\u0142 niemieckie wykszta\u0142cenie, a po czesku nauczy\u0142 si\u0119 porz\u0105dnie m\u00f3wi\u0107 i pisa\u0107 dopiero jako trzydziestolatek, gdy zamieszka\u0142 w Pradze. Zreszt\u0105 ca\u0142e tzw. czeskie odrodzenie narodowe by\u0142o kopi\u0105 niemieckiego nacjonalizmu z prze\u0142omu XVIII\/XIX wieku, to s\u0105 bli\u017aniacze zjawiska. <br>\r\nOn by\u0142 Czechem z wyboru, wi\u0119c ich sobie wymy\u015bli\u0142, \u017ce to niby husyci, protestanci, wielcy humani\u015bci. W latach dwudziestych Masaryk walczy\u0142 z rodzimym ko\u015bcio\u0142em katolickim jak Bismarck w czasach kulturkampfu, zreszt\u0105 z tym samych powod\u00f3w. Obydwaj mieli w\u0105tpliwo\u015bci, czy katolik mo\u017ce by\u0107 lojalnym obywatelem pa\u0144stwa narodowego.<\/p>\r\n<p style=\"padding-left: 30px;\">Problem polega\u0142 na tym, \u017ce w chwili powstania tego pa\u0144stwa niemal sto procent Czech\u00f3w nominalnie stanowili katolicy. To by\u0142 relikt z czas\u00f3w monarchii habsburskiej, gdzie ka\u017cdy by\u0142 przypisany do jakiego\u015b wyznania. Gdy zmieni\u0142a si\u0119 koniunktura i nagle nie trzeba ju\u017c by\u0142o by\u0107 katolikiem, ani nie op\u0142aca\u0142o si\u0119 nim by\u0107 &#8211; a nawet zdecydowanie op\u0142aca\u0142o si\u0119 nim nie by\u0107 &#8211; miliony Czech\u00f3w zerwa\u0142y z Ko\u015bcio\u0142em, jedni z pobudek ideowych, jak komuni\u015bci, inni patriotycznych, a najwi\u0119cej ludzi chyba z wygodnictwa i koniunkturalizmu.<\/p>\r\n<p style=\"padding-left: 30px;\">Cz\u0119\u015b\u0107 z nich, prawie milion ludzi, do\u0142\u0105czy\u0142 zreszt\u0105 do ko\u015bcio\u0142a narodowego, utworzonego w 1919 roku przez zbuntowanych ksi\u0119\u017cy katolickich, takich ksi\u0119\u017cy-patriot\u00f3w, kt\u00f3rzy przy okazji znie\u015bli celibat i zaprowadzili obrz\u0105dek w j\u0119zyku czeskim. Ten ko\u015bci\u00f3\u0142 wci\u0105\u017c istnieje, ma jakie\u015b sto tysi\u0119cy wiernych. Natomiast do katolicyzmu przyznaje si\u0119 co pi\u0105ty Czech, z czego po\u0142owa praktykuje. Wbrew pozorom to katolicy s\u0105 wi\u0119c najliczniejsz\u0105 grup\u0105 wyznaniow\u0105 w Czechach. (\u2026) Czeski katolicyzm wydaje mi si\u0119 bardziej interesuj\u0105cy ni\u017c ateizm. Jest kwesti\u0105 \u015bwiadomego wyboru, sporo w nim konwertyt\u00f3w, takich jak znany my\u015bliciel ks. Tomas Halik, kt\u00f3ry pochodzi z kompletnie zlaicyzowanej rodziny, ochrzci\u0142 si\u0119 jako m\u0142ody m\u0119\u017cczyzna, jeszcze za komuny. Nikt tam nie zagania wiernych do ko\u015bcio\u0142a, nie ma tej presji spo\u0142ecznej. Komenderowanie jest bardzo \u017ale widziane. Prze\u017cy\u0142em co\u015b takiego przed laty w Taize. Pozna\u0142em tam dwoje czeskich student\u00f3w, zaraz po aksamitnej rewolucji. Kt\u00f3rego\u015b razu rozmawiamy sobie na trawie, a tu podchodzi Polak, taki pre-hipster z brod\u0105 i pyta, czemu nie idziemy na msz\u0119, czy nas to nie obowi\u0105zuje. Po polsku, oczywi\u015bcie. Na co Czeszka tylko spojrza\u0142a na niego przeci\u0105gle i powiedzia\u0142a: Tak tenkr\u00e1t si to p\u00c5\u2122ehnal. W wolnym t\u0142umaczeniu: No, teraz to przegi\u0105\u0142e\u015b\u2026 To by\u0142o moje do\u015bwiadczenie formacyjne, je\u015bli idzie o Czech\u00f3w.<\/p>\r\n<p style=\"padding-left: 30px;\">U nich wida\u0107 ju\u017c to nacjonalistyczne przegi\u0119cie, ca\u0142kiem jak w Polsce. Prymas Duka p\u0142ynie na tej fali strachu przed uchod\u017acami. W Czechach ludzie te\u017c si\u0119 boj\u0105, chc\u0105 si\u0119 pozamyka\u0107 przed obcymi, a Ko\u015bci\u00f3\u0142 ich z tego rozgrzesza. Nie chc\u0119 Pana zmartwi\u0107, ale politycznie Ko\u015bci\u00f3\u0142 w Czechach ewidentnie ro\u015bnie w si\u0142\u0119, i to niestety w takim tradycyjnym polskim stylu.<br>\r\nFenomenem ostatnich lat s\u0105 zreszt\u0105 konwersje znanych polityk\u00f3w, przewa\u017cnie zwi\u0105zanych z eurosceptyczn\u0105 centroprawic\u0105, jak by\u0142y premier Mirek Topol\u00e1nek czy dysydent i przyjaciel Havla Alexandr Vondra. Niedawno ochrzci\u0142 si\u0119 tak\u017ce rzecznik prezydenta Zemana Ji\u00c5\u2122\u00c3\u00ad Ov\u00c4\u008d\u00e1\u00c4\u008dek. Ko\u015bci\u00f3\u0142 ma atrakcyjny przekaz: islam jest be, zach\u00f3d to cywilizacja \u015bmierci, a Czesi to dumny chrze\u015bcija\u0144ski nar\u00f3d &#8211; przecie\u017c jak ich w\u0142adcy si\u0119 chrzcili, to Piastowie modlili si\u0119 jeszcze do klocka drewna\u201d.<\/p>\r\n<p style=\"padding-left: 30px;\">za: https:\/\/wiadomosci.onet.pl\/tylko-w-onecie\/sikajac-na-czechy-czyli-krotka-rozmowa-o-narodzie-ktory-powstal-z-karpi\/5ek6tzy<\/p>\r\n<p class=\"zrodlo\">Za: <a href=\"http:\/\/katoliktradycjionline.blogspot.com\/2019\/02\/koscio-w-czechach-wymowne-konwersje.html\">Katolik Tradycji (28 lutego 2019)<\/a><\/p>\r\n<h4>&nbsp;<\/h4>\r\n<hr style=\"background-color: #000000; border-width: 0; color: #000000; height: 2px; line-height: 0; text-align: center; width: 100%;\">\r\n<h4>&nbsp;<\/h4>","protected":false},"excerpt":{"rendered":"Polski filo bohemizm, albo odwrotny, pogardliwy protekcjonalizm do Czech\u00f3w zas\u0142ania procesy, kt\u00f3re dokonuj\u0105 si\u0119 w Republice Czeskiej, a co umyka polskim obserwatorom. Cennych informacji dostarcza wywiad konwertyty na islam Piotra Ibrahim Kalwasa z Aleksanderem Kaczorowskim, &#8222;Sikaj\u0105c na Czechy czyli kr\u00f3tka rozmowa o narodzie kt\u00f3ry powsta\u0142 z karpia\u201d, bohemist\u0105, slawist\u0105, pisarzem i t\u0142umacz literatury czeskie zamieszony [&hellip;]","protected":false},"author":1,"featured_media":0,"comment_status":"closed","ping_status":"closed","sticky":false,"template":"","format":"standard","meta":{"_acf_changed":false,"_monsterinsights_skip_tracking":false,"_monsterinsights_sitenote_active":false,"_monsterinsights_sitenote_note":"","_monsterinsights_sitenote_category":0,"ngg_post_thumbnail":0,"footnotes":"","_wp_rev_ctl_limit":""},"categories":[9],"tags":[256,227],"acf":[],"_links":{"self":[{"href":"https:\/\/www.bibula.com\/index.php?rest_route=\/wp\/v2\/posts\/106908"}],"collection":[{"href":"https:\/\/www.bibula.com\/index.php?rest_route=\/wp\/v2\/posts"}],"about":[{"href":"https:\/\/www.bibula.com\/index.php?rest_route=\/wp\/v2\/types\/post"}],"author":[{"embeddable":true,"href":"https:\/\/www.bibula.com\/index.php?rest_route=\/wp\/v2\/users\/1"}],"replies":[{"embeddable":true,"href":"https:\/\/www.bibula.com\/index.php?rest_route=%2Fwp%2Fv2%2Fcomments&post=106908"}],"version-history":[{"count":0,"href":"https:\/\/www.bibula.com\/index.php?rest_route=\/wp\/v2\/posts\/106908\/revisions"}],"wp:attachment":[{"href":"https:\/\/www.bibula.com\/index.php?rest_route=%2Fwp%2Fv2%2Fmedia&parent=106908"}],"wp:term":[{"taxonomy":"category","embeddable":true,"href":"https:\/\/www.bibula.com\/index.php?rest_route=%2Fwp%2Fv2%2Fcategories&post=106908"},{"taxonomy":"post_tag","embeddable":true,"href":"https:\/\/www.bibula.com\/index.php?rest_route=%2Fwp%2Fv2%2Ftags&post=106908"}],"curies":[{"name":"wp","href":"https:\/\/api.w.org\/{rel}","templated":true}]}}