{"id":106852,"date":"2019-02-25T16:08:23","date_gmt":"2019-02-25T21:08:23","guid":{"rendered":"http:\/\/www.bibula.com\/?p=106852"},"modified":"2019-02-25T17:24:17","modified_gmt":"2019-02-25T22:24:17","slug":"donos-na-prof-bartyzela-wyborcza-pisze-o-antysemityzmie-historyk-komentuje-zarzuty","status":"publish","type":"post","link":"https:\/\/www.bibula.com\/?p=106852","title":{"rendered":"Donos na prof. Bartyzela. \u201eWyborcza&#8221; pisze o \u201eantysemityzmie&#8221;, historyk komentuje zarzuty"},"content":{"rendered":"<p><strong>Profesor Jacek Bartyzel znalaz\u0142 si\u0119 pod ostrza\u0142em. Chodzi o wpis na Facebooku, w kt\u00f3rym historyk odni\u00f3s\u0142 si\u0119 do relacji polsko-\u017cydowskich oraz antypolskich wypowiedzi niekt\u00f3rych Polak\u00f3w. Mocne s\u0142owa zaowocowa\u0142y pismem, jakie do rektora Uniwersytetu Miko\u0142aja Kopernika z\u0142o\u017cy\u0142 w tej sprawie publicysta i wyk\u0142adowca Uniwersytetu SWPS w Warszawie dr hab. Adam Leszczy\u0144ski. Oboj\u0119tnie wobec sprawy nie mog\u0142a te\u017c przej\u015b\u0107 \u201eGazeta Wyborcza\u201d, kt\u00f3ra opisuje temat w tek\u015bcie pt. \u201eAntysemicki wpis profesora z toru\u0144skiego uniwersytetu\u201d.<\/strong><\/p>\r\n<p>\u201eTo, \u017ce nas \u017bydzi nienawidz\u0105 i opluwaj\u0105, jestem w stanie przyj\u0105\u0107 ze spokojem &#8211; w ko\u0144cu czeg\u00f3\u017c mo\u017cna spodziewa\u0107 si\u0119 od tego plemienia \u017cmijowego pe\u0142nego pychy, jadu i z\u0142o\u015bci? Trzeba po prostu trzyma\u0107 ich na dystans, tak wielki, jak tylko mo\u017cliwe. W og\u00f3le nawet nie pr\u00f3bowa\u0107 dyskutowa\u0107 czy przekonywa\u0107, bo to daremne; oni nie s\u0105 zdolni do okazywania wdzi\u0119czno\u015bci, uwa\u017caj\u0105 natomiast, \u017ce wszystko im si\u0119 nale\u017cy\u201d &#8211; napisa\u0142 prof. Jacek Bartyzel we wpisie, kt\u00f3ry zosta\u0142 usuni\u0119ty przez Facebooka. Historyk odni\u00f3s\u0142 si\u0119 w swoim tek\u015bcie r\u00f3wnie\u017c do os\u00f3b, kt\u00f3re atakuj\u0105 w\u0142asny nar\u00f3d.<\/p>\r\n<p>Profesor Bartyzel zauwa\u017cy\u0142, \u017ce takie osoby \u201ekalaj\u0105 w\u0142asne gniazdo, gorliwie przy\u0142\u0105czaj\u0105c si\u0119 do polako\u017cerczej kampanii pom\u00f3wie\u0144\u201d. Jako kar\u0119 dla &#8211; jak napisa\u0142 &#8211; Polak\u00f3w z metryki zaproponowa\u0142 \u201edo\u017cywotni\u0105 infami\u0119 narodow\u0105\u201d. Zasugerowa\u0142 tak\u017ce publiczn\u0105 ch\u0142ost\u0119.<\/p>\r\n<p>S\u0142owa wybitnego historyka nie spodoba\u0142y si\u0119 Adamowi Leszczy\u0144skiemu, wyk\u0142adowcy (jak podaje torun.wyborcza.pl) Uniwersytetu SWPS w Warszawie. Domaga si\u0119 on wszcz\u0119cia post\u0119powania dyscyplinarnego wobec prof. Bartyzela. Pismo w sprawie trafi\u0142o ju\u017c nawet do rektora UMK w Toruniu.<\/p>\r\n<p>&#8211; <em>To jest donos. Jak wida\u0107 s\u0105 ludzie, kt\u00f3rzy maj\u0105 w tym upodobanie. Jest to jaki\u015b obyczaj stricte demokratyczny, bo w demokracji ate\u0144skiej wynaleziono instytucj\u0119 sykofanta, czyli urz\u0119dowego donosiciela na politycznie niepoprawnych obywateli i wida\u0107 ten pan dobrze si\u0119 w tej roli czuje, bo zdaje si\u0119, \u017ce jest z siebie bardzo zadowolony<\/em> &#8211; powiedzia\u0142 w rozmowie z PCh24.pl profesor Jacek Bartyzel.<\/p>\r\n<p>To jednak nie wszystko. Historyk zauwa\u017cy\u0142 bowiem, \u017ce w sprawie trwa nagonka prasowa. Na tym jednak nie koniec \u201eafery\u201d. &#8211; <em>Zosta\u0142o wys\u0142ane pismo do rektora UMK. Moim zdaniem oczywi\u015bcie rektor nie ma w og\u00f3le \u017cadnego obowi\u0105zku odpowiada\u0107 na takie donosy, ale nie wiem co uczyni. Czekam. Zobaczymy czy co\u015b z tego wyniknie czy nie<\/em> &#8211; stwierdzi\u0142 prof. Bartyzel.<\/p>\r\n<p>\u0179r\u00f3d\u0142o: PCh24.pl \/ Facebook \/ torun.wyborcza.pl<\/p>\r\n<p>MW\u0142<\/p>\r\n<p class=\"zrodlo\">Za: <a href=\"https:\/\/www.pch24.pl\/donos-na-prof--bartyzela--wyborcza-pisze-o-antysemityzmie--historyk-komentuje-zarzuty,66392,i.html\">PoloniaChristiana &#8211; pch24.pl (2019-02-25)<\/a><\/p>\r\n<blockquote>\r\n<p><strong>To, \u017ce nas \u017bydzi nienawidz\u0105 i opluwaj\u0105 jestem w stanie przyj\u0105\u0107 ze spokojem &#8211; w ko\u0144cu czego\u017c mo\u017cna spodziewa\u0107 si\u0119 od tego plemienia \u017cmijowego, pe\u0142nego pychy, jadu i z\u0142o\u015bci? Trzeba po prostu trzyma\u0107 ich na dystans, tak wielki, jak tylko mo\u017cliwe. W og\u00f3le nawet nie pr\u00f3bowa\u0107 dyskutowa\u0107 czy przekonywa\u0107, bo to daremne; oni nie s\u0105 zdolni do okazywania wdzi\u0119czno\u015bci, uwa\u017caj\u0105 natomiast, \u017ce to wszystko im si\u0119 nale\u017cy. I w nosie mam te\u017c ile polskich drzewek &#8222;sprawiedliwych&#8221; b\u0119dzie w Yad Vashem, mo\u017ce nie by\u0107 nawet \u017cadnego. Ale nie mog\u0119 mie\u0107 innego uczucia, jak bezbrze\u017cnej pogardy dla tych Polak\u00f3w (z metryki), kt\u00f3rzy kalaj\u0105 w\u0142asne gniazdo, gorliwie przy\u0142\u0105czaj\u0105c si\u0119 do polako\u017cerczej kampanii pom\u00f3wie\u0144. Dla tych renegat\u00f3w nie mo\u017ce by\u0107 \u017cadnego wybaczenia ani lito\u015bci. Gdyby to ode mnie zale\u017ca\u0142o, kara\u0142bym ich &#8211; nie wi\u0119zieniem, bo po co obci\u0105\u017ca\u0107 podatnik\u00f3w kosztami ich utrzymania w tych wygodnych pensjonatach, jakimi s\u0105 dzisiaj zak\u0142ady penitencjarne &#8211; ale do\u017cywotni\u0105 infami\u0105 narodow\u0105 oraz ciele\u015bnie: publiczni\u0105 ch\u0142ost\u0105 w sempitern\u0119.<\/strong><\/p>\r\n<p><strong><em>Jacek Bartyzel<\/em><\/strong><\/p>\r\n<p><strong>(Facebook)<\/strong><\/p>\r\n<\/blockquote>\r\n<p><img fetchpriority=\"high\" decoding=\"async\" class=\"aligncenter\" src=\"https:\/\/nczas.com\/wp-content\/uploads\/2019\/02\/wpis-profesora-J.Bartyzela.jpg\" width=\"599\" height=\"420\"><\/p>\r\n<h4>&nbsp;<\/h4>\r\n<hr style=\"background-color: #000000; border-width: 0; color: #000000; height: 2px; line-height: 0; text-align: center; width: 100%;\">\r\n<h4>&nbsp;<\/h4>","protected":false},"excerpt":{"rendered":"Profesor Jacek Bartyzel znalaz\u0142 si\u0119 pod ostrza\u0142em. Chodzi o wpis na Facebooku, w kt\u00f3rym historyk odni\u00f3s\u0142 si\u0119 do relacji polsko-\u017cydowskich oraz antypolskich wypowiedzi niekt\u00f3rych Polak\u00f3w. Mocne s\u0142owa zaowocowa\u0142y pismem, jakie do rektora Uniwersytetu Miko\u0142aja Kopernika z\u0142o\u017cy\u0142 w tej sprawie publicysta i wyk\u0142adowca Uniwersytetu SWPS w Warszawie dr hab. Adam Leszczy\u0144ski. Oboj\u0119tnie wobec sprawy nie mog\u0142a [&hellip;]","protected":false},"author":1,"featured_media":0,"comment_status":"closed","ping_status":"closed","sticky":false,"template":"","format":"standard","meta":{"_acf_changed":false,"_monsterinsights_skip_tracking":false,"_monsterinsights_sitenote_active":false,"_monsterinsights_sitenote_note":"","_monsterinsights_sitenote_category":0,"ngg_post_thumbnail":0,"footnotes":"","_wp_rev_ctl_limit":""},"categories":[8],"tags":[65,35,16,22,53],"acf":[],"_links":{"self":[{"href":"https:\/\/www.bibula.com\/index.php?rest_route=\/wp\/v2\/posts\/106852"}],"collection":[{"href":"https:\/\/www.bibula.com\/index.php?rest_route=\/wp\/v2\/posts"}],"about":[{"href":"https:\/\/www.bibula.com\/index.php?rest_route=\/wp\/v2\/types\/post"}],"author":[{"embeddable":true,"href":"https:\/\/www.bibula.com\/index.php?rest_route=\/wp\/v2\/users\/1"}],"replies":[{"embeddable":true,"href":"https:\/\/www.bibula.com\/index.php?rest_route=%2Fwp%2Fv2%2Fcomments&post=106852"}],"version-history":[{"count":0,"href":"https:\/\/www.bibula.com\/index.php?rest_route=\/wp\/v2\/posts\/106852\/revisions"}],"wp:attachment":[{"href":"https:\/\/www.bibula.com\/index.php?rest_route=%2Fwp%2Fv2%2Fmedia&parent=106852"}],"wp:term":[{"taxonomy":"category","embeddable":true,"href":"https:\/\/www.bibula.com\/index.php?rest_route=%2Fwp%2Fv2%2Fcategories&post=106852"},{"taxonomy":"post_tag","embeddable":true,"href":"https:\/\/www.bibula.com\/index.php?rest_route=%2Fwp%2Fv2%2Ftags&post=106852"}],"curies":[{"name":"wp","href":"https:\/\/api.w.org\/{rel}","templated":true}]}}