{"id":106840,"date":"2019-02-25T10:55:00","date_gmt":"2019-02-25T15:55:00","guid":{"rendered":"http:\/\/www.bibula.com\/?p=106840"},"modified":"2020-09-19T10:41:04","modified_gmt":"2020-09-19T14:41:04","slug":"ks-isakowicz-zaleski-o-polskim-kosciele-bez-tych-radykalnych-krokow-bedziemy-mieli-druga-irlandie","status":"publish","type":"post","link":"https:\/\/www.bibula.com\/?p=106840","title":{"rendered":"Ks. Isakowicz-Zaleski o polskim Ko\u015bciele: Bez tych radykalnych krok\u00f3w b\u0119dziemy mieli drug\u0105 Irlandi\u0119"},"content":{"rendered":"<p>Wczoraj w Watykanie [<em>24-02-2019<\/em>] zako\u0144czy\u0142 si\u0119 szczyt po\u015bwi\u0119cony wykorzystywaniu seksualnemu nieletnich przez ksi\u0119\u017cy. &#8211; Co do Ko\u015bcio\u0142a polskiego, to jest ostatni dzwonek, aby podj\u0105\u0107 radykalne dzia\u0142ania oczyszczaj\u0105ce, polegaj\u0105ce m.in na odsuni\u0119cie biskup\u00f3w-gej\u00f3w &#8211; skomentowa\u0142 ks. Tadeusz Isakowicz-Zaleski.<\/p>\r\n<p style=\"padding-left: 30px;\">Dok\u0105d papie\u017c Franciszek nie b\u0119dzie mia\u0142 odwagi powiedzie\u0107 prawdy o homoherezji i homolobby, to dot\u0105d wszelkie dzia\u0142ania zmierzaj\u0105ce do oczyszczenia Ko\u015bcio\u0142a b\u0119d\u0105 tylko poci\u0105ganiem b\u0142yszcz\u0105cej farby na skorodowane miejsca<\/p>\r\n<p>&#8211; czytamy we wpisie duchownego.<\/p>\r\n<p style=\"padding-left: 30px;\">Co do Ko\u015bcio\u0142a polskiego, to jest ostatni dzwonek, aby podj\u0105\u0107 radykalne dzia\u0142ania oczyszczaj\u0105ce, polegaj\u0105ce m.in na odsuni\u0119cie biskup\u00f3w-gej\u00f3w. Wa\u017cne jest te\u017c wyja\u015bnienie kilku bulwersuj\u0105cych spraw, w tym zw\u0142aszcza sprawy abp Juliusza Paetza, kt\u00f3ry molestowa\u0142 m\u0142odych m\u0119\u017cczyzn, swoich podw\u0142adnych, a kt\u00f3rego z\u0142e uczynki by\u0142y \u015bwiadomie tuszowe przez \u00f3wczesnego nuncjusza i kilku innych hierarch\u00f3w. Przecie\u017c wci\u0105\u017c \u017cyj\u0105 sprawca i jego ofiary oraz ci co tuszowali<\/p>\r\n<p>&#8211; doda\u0142 kap\u0142an.<\/p>\r\n<p style=\"padding-left: 30px;\">Bez tych radykalnych krok\u00f3w rzeczywi\u015bcie b\u0119dziemy mieli drug\u0105 Irlandi\u0119. I to bardziej z winy wewn\u0119trznych zaniedba\u0144 ni\u017c zewn\u0119trznej agresji. Mam nadziej\u0119 na prze\u0142om i o to si\u0119 modl\u0119, ale w skuteczno\u015b\u0107 p\u00f3\u0142- czy \u0107wier\u0107-\u015brodk\u00f3w nie wierz\u0119.<\/p>\r\n<p>&#8211; podsumowa\u0142 ks. Tadeusz Isakowicz-Zaleski.<\/p>\r\n<p><iframe src=\"https:\/\/www.facebook.com\/plugins\/post.php?href=https%3A%2F%2Fwww.facebook.com%2Fpermalink.php%3Fstory_fbid%3D2257382761208841%26id%3D100008114164039&amp;width=500\" width=\"500\" height=\"631\" frameborder=\"0\" scrolling=\"no\"><\/iframe><\/p>\r\n<p>\u017ar\u00f3d\u0142o: facebook<br \/>\r\n<br \/>\r\nraw<\/p>\r\n<p class=\"zrodlo\">Za: <a href=\"https:\/\/www.tysol.pl\/a29649-ks-Isakowicz-Zaleski-o-polskim-Kosciele-Bez-tych-radykalnych-krokow-bedziemy-mieli-druga-Irlandie\">tysol.pl (25.02.2019)<\/a><\/p>\r\n<h4>\u00a0<\/h4>\r\n<hr style=\"background-color: #000000; border-width: 0; color: #000000; height: 2px; line-height: 0; text-align: center; width: 100%;\" \/>\r\n<h4>\u00a0<\/h4>\r\n<h2>Archidiecezja warszawska odpowiada na zarzuty dotycz\u0105ce krycia ksi\u0119\u017cy-pedofil\u00f3w przez kardyna\u0142a Nycza<\/h2>\r\n<p>Archidiecezja warszawska opublikowa\u0142a w poniedzia\u0142ek stanowisko, w kt\u00f3rym odnosi si\u0119 do cz\u0119\u015bci raportu Fundacji \u201eNie l\u0119kajcie si\u0119!\u201d, dotycz\u0105cej kard. Kazimierza Nycza, gdzie zosta\u0142y przywo\u0142ane sprawy dw\u00f3ch ksi\u0119\u017cy. Archidiecezja przedstawi\u0142a szczeg\u00f3\u0142ow\u0105 faktografi\u0119 w tej sprawie.<\/p>\r\n<div class=\"cut1\">[&#8230;] <span class=\"podpis_sz\">Ca\u0142y tekst dost\u0119pny w materiale \u017ar\u00f3d\u0142owym<\/span><\/div>\r\n<p>(PAP)<\/p>\r\n<p class=\"zrodlo\">Za: <a href=\"https:\/\/nczas.com\/2019\/02\/25\/archidiecezja-warszawska-odpowiada-na-zarzuty-dotyczace-krycia-ksiezy-pedofilow-przez-kardynala-nycza\/\">Najwy\u017cszy Czas! (25\/02\/2019)<\/a><\/p>\r\n<h4>\u00a0<\/h4>\r\n<hr style=\"background-color: #000000; border-width: 0; color: #000000; height: 2px; line-height: 0; text-align: center; width: 100%;\" \/>\r\n<h4>\u00a0<\/h4>","protected":false},"excerpt":{"rendered":"Wczoraj w Watykanie [24-02-2019] zako\u0144czy\u0142 si\u0119 szczyt po\u015bwi\u0119cony wykorzystywaniu seksualnemu nieletnich przez ksi\u0119\u017cy. &#8211; Co do Ko\u015bcio\u0142a polskiego, to jest ostatni dzwonek, aby podj\u0105\u0107 radykalne dzia\u0142ania oczyszczaj\u0105ce, polegaj\u0105ce m.in na odsuni\u0119cie biskup\u00f3w-gej\u00f3w &#8211; skomentowa\u0142 ks. Tadeusz Isakowicz-Zaleski. Dok\u0105d papie\u017c Franciszek nie b\u0119dzie mia\u0142 odwagi powiedzie\u0107 prawdy o homoherezji i homolobby, to dot\u0105d wszelkie dzia\u0142ania zmierzaj\u0105ce [&hellip;]","protected":false},"author":2,"featured_media":0,"comment_status":"closed","ping_status":"closed","sticky":false,"template":"","format":"standard","meta":{"_acf_changed":false,"_monsterinsights_skip_tracking":false,"_monsterinsights_sitenote_active":false,"_monsterinsights_sitenote_note":"","_monsterinsights_sitenote_category":0,"ngg_post_thumbnail":0,"footnotes":"","_wp_rev_ctl_limit":""},"categories":[5],"tags":[448,301,86,20,41,33],"acf":[],"_links":{"self":[{"href":"https:\/\/www.bibula.com\/index.php?rest_route=\/wp\/v2\/posts\/106840"}],"collection":[{"href":"https:\/\/www.bibula.com\/index.php?rest_route=\/wp\/v2\/posts"}],"about":[{"href":"https:\/\/www.bibula.com\/index.php?rest_route=\/wp\/v2\/types\/post"}],"author":[{"embeddable":true,"href":"https:\/\/www.bibula.com\/index.php?rest_route=\/wp\/v2\/users\/2"}],"replies":[{"embeddable":true,"href":"https:\/\/www.bibula.com\/index.php?rest_route=%2Fwp%2Fv2%2Fcomments&post=106840"}],"version-history":[{"count":3,"href":"https:\/\/www.bibula.com\/index.php?rest_route=\/wp\/v2\/posts\/106840\/revisions"}],"predecessor-version":[{"id":117897,"href":"https:\/\/www.bibula.com\/index.php?rest_route=\/wp\/v2\/posts\/106840\/revisions\/117897"}],"wp:attachment":[{"href":"https:\/\/www.bibula.com\/index.php?rest_route=%2Fwp%2Fv2%2Fmedia&parent=106840"}],"wp:term":[{"taxonomy":"category","embeddable":true,"href":"https:\/\/www.bibula.com\/index.php?rest_route=%2Fwp%2Fv2%2Fcategories&post=106840"},{"taxonomy":"post_tag","embeddable":true,"href":"https:\/\/www.bibula.com\/index.php?rest_route=%2Fwp%2Fv2%2Ftags&post=106840"}],"curies":[{"name":"wp","href":"https:\/\/api.w.org\/{rel}","templated":true}]}}