{"id":106838,"date":"2019-02-25T10:21:18","date_gmt":"2019-02-25T15:21:18","guid":{"rendered":"http:\/\/www.bibula.com\/?p=106838"},"modified":"2019-02-25T10:21:18","modified_gmt":"2019-02-25T15:21:18","slug":"wjatrowycz-przygotowuje-ustawe-grozna-dla-polskiego-dziedzictwa-na-kresach","status":"publish","type":"post","link":"https:\/\/www.bibula.com\/?p=106838","title":{"rendered":"Wjatrowycz przygotowuje ustaw\u0119 gro\u017an\u0105 dla polskiego dziedzictwa na Kresach"},"content":{"rendered":"<p><strong>Ukrai\u0144ski IPN planuje jeszcze w tym roku opracowa\u0107 projekt ustawy o \u201edekolonizacji\u201d Ukrainy. Zapowiedzia\u0142 to w pi\u0105tek na konferencji prasowej szef UIPN Wo\u0142odymyr Wjatrowycz. Istniej\u0105 obawy, \u017ce ustawa mo\u017ce zagrozi\u0107 polskiemu dziedzictwu na Kresach.<\/strong><\/p>\r\n<p>Jak wynika ze s\u0142\u00f3w Wjatrowycza, \u201edekolonizacja\u201d Ukrainy ma by\u0107 zerwaniem z \u201eimperialn\u0105 spu\u015bcizn\u0105\u201d, kt\u00f3ra nie podlega\u0142a ustawie o dekomunizacji. Wed\u0142ug niego obecnie nie ma \u017cadnych instrument\u00f3w prawnych, na podstawie kt\u00f3rych mo\u017cna by przeprowadzi\u0107 t\u0119 \u201edekolonizacj\u0119\u201d.<\/p>\r\n<p>Wjatrowycz jako przyk\u0142ad \u201eudanej dekolonizacji\u201d poda\u0142 demonta\u017c pomnika rosyjskiego genera\u0142a z czas\u00f3w carskich Aleksandra Suworowa sprzed uczelni wojskowej im. Bohuna w Kijowie. Jak m\u00f3wi\u0142, by\u0142o to mo\u017cliwe dzi\u0119ki \u201ebardzo konsekwentnej, niezachwianej i upartej\u201d postawie w\u0142adz tej uczelni. Aby u\u0142atwi\u0107 podejmowanie podobnych decyzji UIPN przygotuje projekt ustawy o \u201edekolonizacji\u201d. Wcze\u015bniej jednak pracownicy UIPN prze\u015bledz\u0105 do\u015bwiadczenia innych kraj\u00f3w na polu dekolonizacji, cho\u0107, jak m\u00f3wi\u0142 Wjatrowycz, \u201eci\u0119\u017cko znale\u017a\u0107 jakie\u015b analogie, na kt\u00f3rych mog\u0142aby si\u0119 oprze\u0107 Ukraina\u201d.<\/p>\r\n<p>W maju ub. roku Wjatrowycz na antenie radia Krym Realiji m\u00f3wi\u0142, \u017ce dekomunizacja przestrzeni publicznej, kt\u00f3r\u0105 przeprowadzono na Ukrainie, jest tylko pierwszym etapem \u201edekolonizacji\u201d wymierzonej w rosyjsk\u0105 spu\u015bcizn\u0119.<\/p>\r\n<p><em>Dekomunizacj\u0119 mo\u017cna nazwa\u0107 tylko pierwszym etapem dekolonizacji, poniewa\u017c \u015bci\u0105gaj\u0105c warstw\u0119 komunistycznego ci\u0119\u017caru, totalitarnej przesz\u0142o\u015bci, cz\u0119sto napotykamy rosyjsk\u0105 imperialn\u0105 przesz\u0142o\u015b\u0107, kt\u00f3ra jest cz\u0119sto nie mniej antyukrai\u0144ska od komunistycznej. <\/em> &#8211; m\u00f3wi\u0142 szef UIPN.<\/p>\r\n<p>W zwi\u0105zku z powszechnie panuj\u0105cym na Ukrainie pogl\u0105dem, \u017ce polskie rz\u0105dy na ziemiach nale\u017c\u0105cych obecnie do Ukrainy by\u0142y jakoby efektem \u201ekolonizacji\u201d, pojawi\u0142y si\u0119 obawy, \u017ce ukrai\u0144ska ustawa dekolonizacyjna mo\u017ce r\u00f3wnie\u017c zosta\u0107 wykorzystana do uderzenia w pozosta\u0142o\u015bci polskiej spu\u015bcizny na Kresach. Zagro\u017cone mog\u0105 by\u0107 tak\u017ce obiekty w\u0119gierskie i rumu\u0144skie. Pogl\u0105d taki wyrazi\u0142 m.in. dr \u0141ukasz Adamski z Centrum Polsko-Rosyjskiego Dialogu i Porozumienia a tak\u017ce cz\u0142onek Polsko-Ukrai\u0144skiego Forum Historyk\u00f3w. \u201eBoj\u0119 si\u0119, \u017ce takie prawo, w szczeg\u00f3lno\u015bci, je\u015bli zostanie napisane nieprofesjonalnie, mo\u017ce s\u0142u\u017cy\u0107 jako kampania walki przeciwko wszystkiemu, co wi\u0105\u017ce si\u0119 z Rosj\u0105 (np. pomnik [carycy] Katarzyny w Odessie), a w najgorszym przypadku tak\u017ce z dziedzictwem kulturowym innych s\u0105siednich narod\u00f3w, w tym W\u0119gr\u00f3w, Rumun\u00f3w czy Polak\u00f3w. W tym przypadku mo\u017ce tylko spowodowa\u0107 napi\u0119cia w ukrai\u0144skim spo\u0142ecze\u0144stwie i oczywi\u015bcie w stosunkach z s\u0105siadami &#8211; sojusznikami Ukrainy\u201d. &#8211; <a href=\"https:\/\/www.facebook.com\/permalink.php?story_fbid=831549103910206&amp;id=100011653719234\" target=\"_blank\" rel=\"noopener\">napisa\u0142<\/a> Adamski na Facebooku. Podobn\u0105 opini\u0119 <a href=\"https:\/\/www.facebook.com\/marek.wojnar.14\/posts\/2341910302500330\" target=\"_blank\" rel=\"noopener\">wyrazi\u0142<\/a> Marek Wojnar z Instytutu Studi\u00f3w Politycznych PAN, wed\u0142ug kt\u00f3rego zagro\u017cone mog\u0105 by\u0107 pos\u0105gi lw\u00f3w na Cmentarzu Obro\u0144c\u00f3w Lwowa oraz pomniki w\u0119gierskie na Zakarpaciu. Dodajmy, \u017ce obaj wymienieni s\u0105 znani z proukrai\u0144skich pogl\u0105d\u00f3w.<\/p>\r\n<ul>\r\n\t<li>CZYTAJ TAK\u0179E: <a href=\"https:\/\/kresy.pl\/wydarzenia\/regiony\/ukraina\/wjatrowycz-lwy-na-cmentarzu-orlat-to-prowokacja-trzeba-je-usunac\/\">Wjatrowycz: lwy na Cmentarzu Orl\u0105t to prowokacja, trzeba je usun\u0105\u0107<\/a><\/li>\r\n<\/ul>\r\n<p>Kresy.pl \/ UNIAN \/ Facebook<\/p>","protected":false},"excerpt":{"rendered":"Ukrai\u0144ski IPN planuje jeszcze w tym roku opracowa\u0107 projekt ustawy o \u201edekolonizacji\u201d Ukrainy. Zapowiedzia\u0142 to w pi\u0105tek na konferencji prasowej szef UIPN Wo\u0142odymyr Wjatrowycz. Istniej\u0105 obawy, \u017ce ustawa mo\u017ce zagrozi\u0107 polskiemu dziedzictwu na Kresach. Jak wynika ze s\u0142\u00f3w Wjatrowycza, \u201edekolonizacja\u201d Ukrainy ma by\u0107 zerwaniem z \u201eimperialn\u0105 spu\u015bcizn\u0105\u201d, kt\u00f3ra nie podlega\u0142a ustawie o dekomunizacji. Wed\u0142ug niego [&hellip;]","protected":false},"author":1,"featured_media":0,"comment_status":"closed","ping_status":"closed","sticky":false,"template":"","format":"standard","meta":{"_acf_changed":false,"_monsterinsights_skip_tracking":false,"_monsterinsights_sitenote_active":false,"_monsterinsights_sitenote_note":"","_monsterinsights_sitenote_category":0,"ngg_post_thumbnail":0,"footnotes":"","_wp_rev_ctl_limit":""},"categories":[215],"tags":[65,188,167],"acf":[],"_links":{"self":[{"href":"https:\/\/www.bibula.com\/index.php?rest_route=\/wp\/v2\/posts\/106838"}],"collection":[{"href":"https:\/\/www.bibula.com\/index.php?rest_route=\/wp\/v2\/posts"}],"about":[{"href":"https:\/\/www.bibula.com\/index.php?rest_route=\/wp\/v2\/types\/post"}],"author":[{"embeddable":true,"href":"https:\/\/www.bibula.com\/index.php?rest_route=\/wp\/v2\/users\/1"}],"replies":[{"embeddable":true,"href":"https:\/\/www.bibula.com\/index.php?rest_route=%2Fwp%2Fv2%2Fcomments&post=106838"}],"version-history":[{"count":0,"href":"https:\/\/www.bibula.com\/index.php?rest_route=\/wp\/v2\/posts\/106838\/revisions"}],"wp:attachment":[{"href":"https:\/\/www.bibula.com\/index.php?rest_route=%2Fwp%2Fv2%2Fmedia&parent=106838"}],"wp:term":[{"taxonomy":"category","embeddable":true,"href":"https:\/\/www.bibula.com\/index.php?rest_route=%2Fwp%2Fv2%2Fcategories&post=106838"},{"taxonomy":"post_tag","embeddable":true,"href":"https:\/\/www.bibula.com\/index.php?rest_route=%2Fwp%2Fv2%2Ftags&post=106838"}],"curies":[{"name":"wp","href":"https:\/\/api.w.org\/{rel}","templated":true}]}}