{"id":106811,"date":"2019-02-23T17:53:35","date_gmt":"2019-02-23T22:53:35","guid":{"rendered":"http:\/\/www.bibula.com\/?p=106811"},"modified":"2019-02-23T17:53:35","modified_gmt":"2019-02-23T22:53:35","slug":"najwyzsze-odznaczenie-panstwowe-za-polityke-antypolska","status":"publish","type":"post","link":"https:\/\/www.bibula.com\/?p=106811","title":{"rendered":"Najwy\u017csze odznaczenie pa\u0144stwowe za polityk\u0119 antypolsk\u0105"},"content":{"rendered":"<p>Podczas oficjalnej dwudniowej wizyty (21-22 lutego) prezydent Litwy Dali Grybauskait\u00c4\u2014, prezydent RP Andrzej Duda odznaczy\u0142 g\u0142ow\u0119 pa\u0144stwa litewskiego najwy\u017cszym odznaczeniem pa\u0144stwowym &#8211; Orderem Or\u0142a Bia\u0142ego. Dlaczego g\u0142owa pa\u0144stwa polskiego odznacza osob\u0119, odpowiedzialn\u0105 za to, \u017ce od wielu lat odwraca si\u0119 plecami do Polski, do polskiej dyplomacji i g\u0142owy pa\u0144stwa, a na dodatek jeszcze podpisuje ustawy, kt\u00f3re niszcz\u0105 polskie szkolnictwo na Litwie? Co takiego zrobi\u0142 prezydent Litwy, by dosta\u0107 najwy\u017csze odznaczenie pa\u0144stwowe w Polsce? Za to, \u017ce polskie szko\u0142y znikaj\u0105 z mapy Litwy i Wile\u0144szczyzny?<\/p>\r\n<p>Najwi\u0119ksze uderzenie na przestrzeni ostatnich 10 lat rz\u0105d\u00f3w w polsk\u0105 o\u015bwiat\u0119 na Litwie mia\u0142o miejsce za kadencji prezydent Grybauskait\u00c4\u2014. To wprost niewiarygodne, \u017ce kiedy polski j\u0119zyk jest niszczony, to taka osoba otrzymuje najwy\u017csze polskie odznaczenie. To uwiarygodnienie ca\u0142ej negatywnej polityki w\u0142adz litewskich wobec Polak\u00f3w z Litwy. To na pewno nam nie pomo\u017ce, a wr\u0119cz zaszkodzi &#8211;&nbsp;m\u00f3wi portalowi Kresy.pl wiceprezes Zwi\u0105zku Polak\u00f3w na Litwie, Renata Cytacka, komentuj\u0105c otrzymanie przez prezydent Litwy Orderu Or\u0142a Bia\u0142ego.<\/p>\r\n<p>Jej zdaniem, udzia\u0142 w tym mog\u0142a mie\u0107 polska plac\u00f3wka dyplomatyczna w Wilnie, kt\u00f3ra zapewne przyczyni\u0142a si\u0119 do tego. Podkre\u015bla, \u017ce zamiast wspiera\u0107 Polak\u00f3w z Litwy i broni\u0107 ich praw, kt\u00f3re s\u0105 \u0142amane, polska ambasada raczej w pewien spos\u00f3b ich zwalcza.<\/p>\r\n<p style=\"text-align: center;\"><img fetchpriority=\"high\" decoding=\"async\" class=\"aligncenter\" src=\"http:\/\/narodowcy.net\/wp-content\/uploads\/2019\/02\/Screenshot_2019-02-23-10-35-38-1-1.png\" width=\"599\" height=\"757\"><\/p>\r\n<p class=\"podpis_sz\" style=\"text-align: center;\">\u0179r\u00f3d\u0142o: https:\/\/kurierwilenski.lt\/porownanie-sytuacji-polakow-na-litwie-i-litwinow-w-polsce\/?fbclid=IwAR1PyVU1tNuFI4vgi7faKk8Kmkj2eAhgyZMq1cBQzh56gk2gHYrv6mPzZ2M<\/p>\r\n<p>Przypuszcza, \u017ce jest to r\u00f3wnie\u017c efekt dzia\u0142ania pewnych wysokich rang\u0105 urz\u0119dnik\u00f3w, w tym z kierownictwa Kancelarii Prezydenta. Jej zdaniem, to wr\u0119cz deprecjonowanie Orderu Or\u0142a Bia\u0142ego.<\/p>\r\n<p>Robert Winnicki o odznaczeniu prezydent Litwy:<\/p>\r\n<p><a href=\"https:\/\/mobile.twitter.com\/RobertWinnicki\/status\/1099058326393049088\"><span style=\"text-decoration: underline;\">https:\/\/mobile.twitter.com\/RobertWinnicki\/status\/1099058326393049088<\/span><\/a><\/p>\r\n<p>Odznaczenie osoby odpowiedzialnej za antypolsk\u0105 polityk\u0119 mo\u017cna por\u00f3wna\u0107 do zabicia w piwnicy polskiego \u017co\u0142nierza z NSZ przez oprawc\u0119, kt\u00f3ry robi\u0142 to z du\u017c\u0105 satysfakcj\u0105 za paczk\u0119 papieros\u00f3w. To jest po prostu ha\u0144ba i zdrada narodu polskiego i Polak\u00f3w na Litwie.<\/p>\r\n<p><strong><em>Marek Uzia\u0142o<\/em><\/strong><\/p>","protected":false},"excerpt":{"rendered":"Podczas oficjalnej dwudniowej wizyty (21-22 lutego) prezydent Litwy Dali Grybauskait\u00c4\u2014, prezydent RP Andrzej Duda odznaczy\u0142 g\u0142ow\u0119 pa\u0144stwa litewskiego najwy\u017cszym odznaczeniem pa\u0144stwowym &#8211; Orderem Or\u0142a Bia\u0142ego. Dlaczego g\u0142owa pa\u0144stwa polskiego odznacza osob\u0119, odpowiedzialn\u0105 za to, \u017ce od wielu lat odwraca si\u0119 plecami do Polski, do polskiej dyplomacji i g\u0142owy pa\u0144stwa, a na dodatek jeszcze podpisuje ustawy, [&hellip;]","protected":false},"author":1,"featured_media":0,"comment_status":"closed","ping_status":"closed","sticky":false,"template":"","format":"standard","meta":{"_acf_changed":false,"_monsterinsights_skip_tracking":false,"_monsterinsights_sitenote_active":false,"_monsterinsights_sitenote_note":"","_monsterinsights_sitenote_category":0,"ngg_post_thumbnail":0,"footnotes":"","_wp_rev_ctl_limit":""},"categories":[8],"tags":[349,65,98,204],"acf":[],"_links":{"self":[{"href":"https:\/\/www.bibula.com\/index.php?rest_route=\/wp\/v2\/posts\/106811"}],"collection":[{"href":"https:\/\/www.bibula.com\/index.php?rest_route=\/wp\/v2\/posts"}],"about":[{"href":"https:\/\/www.bibula.com\/index.php?rest_route=\/wp\/v2\/types\/post"}],"author":[{"embeddable":true,"href":"https:\/\/www.bibula.com\/index.php?rest_route=\/wp\/v2\/users\/1"}],"replies":[{"embeddable":true,"href":"https:\/\/www.bibula.com\/index.php?rest_route=%2Fwp%2Fv2%2Fcomments&post=106811"}],"version-history":[{"count":0,"href":"https:\/\/www.bibula.com\/index.php?rest_route=\/wp\/v2\/posts\/106811\/revisions"}],"wp:attachment":[{"href":"https:\/\/www.bibula.com\/index.php?rest_route=%2Fwp%2Fv2%2Fmedia&parent=106811"}],"wp:term":[{"taxonomy":"category","embeddable":true,"href":"https:\/\/www.bibula.com\/index.php?rest_route=%2Fwp%2Fv2%2Fcategories&post=106811"},{"taxonomy":"post_tag","embeddable":true,"href":"https:\/\/www.bibula.com\/index.php?rest_route=%2Fwp%2Fv2%2Ftags&post=106811"}],"curies":[{"name":"wp","href":"https:\/\/api.w.org\/{rel}","templated":true}]}}