{"id":106765,"date":"2019-02-20T11:44:39","date_gmt":"2019-02-20T16:44:39","guid":{"rendered":"http:\/\/www.bibula.com\/?p=106765"},"modified":"2019-02-20T11:44:39","modified_gmt":"2019-02-20T16:44:39","slug":"polska-przegrala-wszystko-agnieszka-piwar","status":"publish","type":"post","link":"https:\/\/www.bibula.com\/?p=106765","title":{"rendered":"Polska przegra\u0142a wszystko! &#8211; <em>Agnieszka Piwar<\/em>"},"content":{"rendered":"<p><strong>Na kilka dni przed najwi\u0119ksz\u0105 katastrof\u0105 w historii polskiej dyplomacji, ambasador Iranu zaprosi\u0142 na obiad grup\u0119 polskich dziennikarzy, w tym ni\u017cej podpisan\u0105. J.E. Masoud Edrisi Kermanshahi da\u0142 nam wtedy do zrozumienia, \u017ce nie jest jeszcze za p\u00f3\u017ano i nasze stosunki mo\u017cna uratowa\u0107. <\/strong><\/p>\r\n<p>Celem spotkania z przedstawicielami polskich medi\u00f3w by\u0142a wymiana pogl\u0105d\u00f3w na zaistnia\u0142\u0105 sytuacj\u0119 w stosunkach dwustronnych, w zwi\u0105zku z organizowan\u0105 w Warszawie (13-14 lutego) konferencj\u0105 bliskowschodni\u0105, kt\u00f3rej rzeczywistym organizatorem by\u0142 Waszyngton.<\/p>\r\n<p>Przypominam, 11 stycznia br. sekretarz stanu USA <strong>Mike Pompeo <\/strong>zapowiedzia\u0142, \u017ce Stany Zjednoczone zorganizuj\u0105 w Polsce mi\u0119dzynarodowy szczyt po\u015bwi\u0119cony sytuacji na Bliskim Wschodzie, w tym &#8211; w szczeg\u00f3lno\u015bci &#8211; roli, jak\u0105 pe\u0142ni w Regionie Iran. Chwil\u0119 p\u00f3\u017aniej media obieg\u0142a informacja, \u017ce Bia\u0142y Dom poprosi\u0142 Pentagon o przygotowanie plan\u00f3w ataku na Iran. Kiedy rozp\u0119ta\u0142a si\u0119 medialna burza, strona polska robi\u0142a dobr\u0105 min\u0119 do z\u0142ej gry, zapewniaj\u0105c wszem wobec, \u017ce konferencja ma pokojowy charakter, nie jest wymierzona przeciwko Iranowi, a celem wydarzenia jest rozwi\u0105zywanie problem\u00f3w.<\/p>\r\n<p>Podczas spotkania z dziennikarzami (6 lutego) Kermanshahi oceni\u0142, \u017ce jest wprost przeciwnie. Zdaniem ira\u0144skiego dyplomaty nie mo\u017ce by\u0107 mowy o rozwi\u0105zywaniu jakichkolwiek problem\u00f3w i trudno\u015bci na Bliskim Wschodzie, skoro organizatorzy konferencji nie zaprosili niekt\u00f3rych kraj\u00f3w z Regionu, w tym Iranu. \u201eDecyzj\u0119 Polski o wsp\u00f3\u0142pracy ze Stanami Zjednoczonymi w tej kwestii i podj\u0119cia si\u0119 roli gospodarza takiej konferencji uwa\u017camy za decyzj\u0119 nies\u0142uszn\u0105 i nie do przyj\u0119cia; uznajemy to za kroki, kt\u00f3re id\u0105 wbrew nurtowi, kt\u00f3ry reprezentuje i g\u0142osi Unia Europejska\u201d &#8211; zaznaczy\u0142 ira\u0144ski dyplomata.<br>\r\n<strong><br>\r\nPerska wyrozumia\u0142o\u015b\u0107<\/strong><\/p>\r\n<p>Paradoksalnie, w tych trudnych i niezwykle k\u0142opotliwych okoliczno\u015bciach, pocieszaj\u0105ce wyda\u0142y si\u0119 by\u0107 te s\u0142owa ambasadora, z kt\u00f3rych jasno wynika\u0142o, \u017ce Iran &#8211; mimo wszystko &#8211; nie przekre\u015bla(\u0142) [wtedy jeszcze] dobrych relacji z Polsk\u0105. <strong>Dyplomata zauwa\u017cy\u0142, \u017ce podczas spotka\u0144 z niekt\u00f3rymi przedstawicielami polskich w\u0142adz, dali oni mu do zrozumienia, i\u017c nie s\u0105 zadowoleni z zaistnia\u0142ej sytuacji. \u201eMimochodem i nieoficjalnie, mo\u017cna by\u0142o wyczu\u0107 w ich wypowiedziach, \u017ce nie zgadzaj\u0105 si\u0119 z t\u0105 konferencj\u0105\u201d &#8211; wyjawi\u0142 ira\u0144ski dyplomata. <\/strong><\/p>\r\n<p>Co ciekawe, ambasador Iranu powiedzia\u0142 polskim dziennikarzom, \u017ce ma \u015bwiadomo\u015b\u0107 tego, i\u017c Polska mog\u0142a znale\u017a\u0107 si\u0119 pod presj\u0105 i zosta\u0107 zmuszona do przyj\u0119cia roli gospodarza kontrowersyjnej konferencji. Kermanshahi wyrazi\u0142 jednocze\u015bnie nadziej\u0119, \u017ce przedstawiciele polskich w\u0142adz <strong>\u201eb\u0119d\u0105 w stanie tak pokierowa\u0107 przebiegiem konferencji, aby jej rezultat nie by\u0142 wymierzony w Iran\u201d<\/strong>. W\u00f3wczas, zdaniem dyplomaty, konferencja nie zaszkodzi\u0142aby stosunkom pomi\u0119dzy Iranem a Polsk\u0105.<\/p>\r\n<p>Jako \u017ce s\u0142owa ambasadora Iranu natychmiast przedosta\u0142y si\u0119 do medi\u00f3w, naiwnie pomy\u015bla\u0142am, \u017ce polski rz\u0105d potraktuje je jednak powa\u017cnie i do\u0142o\u017cy wszelkich stara\u0144, aby nie zaprzepa\u015bci\u0107 przyja\u017ani z krajem, kt\u00f3ry zawsze by\u0142 Polsce \u017cyczliwy. Nutk\u0105 optymizmu zawia\u0142o r\u00f3wnie\u017c podczas przyj\u0119cia z okazji jubileuszu 40. rocznicy zwyci\u0119stwa Islamskiej Rewolucji w Iranie, wydanego przez ambasadora Iranu w Warszawie [przyj\u0119cie mia\u0142o miejsce 8 lutego br., za\u015b \u015bwi\u0119to narodowe Iranu upami\u0119tniaj\u0105ce przemiany w tym kraju przypada 11 lutego]. Na bankiecie da\u0142o si\u0119 zauwa\u017cy\u0107 obecno\u015b\u0107 przedstawicieli polskich w\u0142adz &#8211; co prawda ni\u017cszych rang\u0105, ale zawsze co\u015b. Pomy\u015bla\u0142am: Uff, mo\u017ce nie b\u0119dzie a\u017c tak \u017ale&#8230;<\/p>\r\n<p>Niestety, resztki nadziei spe\u0142z\u0142y na niczym. Konferencja bliskowschodnia w Warszawie zi\u015bci\u0142a najgorsze koszmary. Polska przegra\u0142a z kretesem. \u201eSojusznicy\u201d (USA, Izrael) pokazali przed ca\u0142ym \u015bwiatem, \u017ce jeste\u015bmy jedynie popychad\u0142em do bicia po mordzie. \u201eRywal\u201d naszych \u201esojusznik\u00f3w\u201d (Rosja) udowodni\u0142, \u017ce polscy dyplomacji mog\u0105 co najwy\u017cej pucowa\u0107 buty swoim rosyjskim odpowiednikom. I wreszcie, zdradzili\u015bmy oddanego przyjaciela (Iran), bior\u0105c udzia\u0142 w mi\u0119dzynarodowym spisku bezwzgl\u0119dnych agresor\u00f3w.<\/p>\r\n<p><strong>Splun\u0119li nam w twarz<\/strong><\/p>\r\n<p>Lista kompromitacji i upokorze\u0144 jest d\u0142uga, a miejsce w gazecie ograniczone &#8211; dlatego b\u0119dzie pokr\u00f3tce. Szef ameryka\u0144skiej dyplomacji Mike Pompeo podczas swojego przem\u00f3wienia zwr\u00f3ci\u0142 si\u0119 do polskiego rz\u0105du, by ten przyspieszy\u0142 prace nad ustaw\u0105, dzi\u0119ki kt\u00f3rej ameryka\u0144scy obywatele \u017cydowskiego pochodzenia b\u0119d\u0105 mogli otrzyma\u0107 od Polski odszkodowania za mienie stracone podczas Holokaustu.<br>\r\nOliwy do ognia dola\u0142a ameryka\u0144ska dziennikarka stacji telewizyjnej NBC. <strong>W relacji z Warszawy Andrea Mitchell stwierdzi\u0142a, \u017ce powsta\u0144cy w Getcie Warszawskim w 1943 r. walczyli przeciwko \u201epolskiemu i nazistowskiemu re\u017cimowi\u201d. <\/strong><\/p>\r\n<p>Czar\u0119 goryczy przela\u0142y doniesienia izraelskich medi\u00f3w \u201eThe Jerusalem Post\u201d i \u201eHaarec\u201d, wed\u0142ug kt\u00f3rych premier Izraela <strong>Benjamin Netanjahu<\/strong> mia\u0142 powiedzie\u0107 w Warszawie, \u017ce nar\u00f3d polski wsp\u00f3\u0142pracowa\u0142 z nazistowskim re\u017cimem w zabijaniu \u017byd\u00f3w w ramach Holokaustu. Na nic zda\u0142y si\u0119 \u201et\u0142umaczenia\u201d izraelskiej ambasady, \u017ce to jednak w sumie by\u0142 fake news. Cel zosta\u0142 osi\u0105gni\u0119ty. Po raz enty w \u015bwiat poszed\u0142 przekaz, w kt\u00f3rym Polak\u00f3w ukazano jako potwornych zbrodniarzy.<\/p>\r\n<p>Z u\u017cyciem podobnych mechanizm\u00f3w Amerykanie wesp\u00f3\u0142 z \u017bydami usi\u0142uj\u0105 k\u0142amliwie przedstawia\u0107 Iran. Podczas konferencji w Warszawie wiceprezydent USA <strong>Mike Pence<\/strong> powiedzia\u0142, \u017ce \u201e<strong>Ira\u0144ski re\u017cim otwarcie nawo\u0142uje do kolejnego Holocaustu\u201d<\/strong>. Ameryka\u0144ski polityk wprost oskar\u017cy\u0142 Iran o finansowanie i wspieranie radykalnego islamskiego terroryzmu. Po czym doda\u0142, \u017ce \u201eUSA u\u017cyj\u0105 pe\u0142nej si\u0142y militarnej, \u017ceby zmie\u015b\u0107 terroryzm islamski z powierzchni ziemi\u201d. Tymi s\u0142owami zast\u0119pca Donalda Trumpa potwierdzi\u0142 liczne obawy, \u017ce konferencja w Warszawie zosta\u0142a zwo\u0142ana w celu rozpocz\u0119cia przygotowa\u0144 do wszcz\u0119cia napastniczej wojny na Iran.<\/p>\r\n<p>Sytuacj\u0119 &#8211; z warszawsk\u0105 konferencj\u0105 w tle &#8211; natychmiast wykorzysta\u0142 prezydent Rosji, kt\u00f3ry w tym samym terminie zaprosi\u0142 do Soczi prezydent\u00f3w Iranu i Turcji. Podczas tr\u00f3jstronnego szczytu <strong>W\u0142adimir Putin, Hasan Rouhani i Tayyip Erdogan<\/strong> naradzali si\u0119, jak wyzwoli\u0107 Syri\u0119 od terroryst\u00f3w dzia\u0142aj\u0105cych pod r\u00f3\u017cnym szyldem. Kolejny ju\u017c raz, rosyjska dyplomacja wykaza\u0142a, \u017ce nie ma sobie r\u00f3wnych.<\/p>\r\n<p><strong>Odkopa\u0107 prawd\u0119!<\/strong><\/p>\r\n<p>Podczas konferencji bliskowschodniej w Warszawie, aroganckie mocarstwo zza Oceanu (dzia\u0142aj\u0105ce z podszeptu Izraela) bezkarnie preparowa\u0142o k\u0142amstwa na temat Polski i Iranu, u\u017cywaj\u0105c przy tym \u201emagicznego\u201d s\u0142owa Holocaust. Czytelnikom \u201eMy\u015bli Polskiej\u201d nie musz\u0119 przypomina\u0107, \u017ce to w\u0142a\u015bnie Polacy zostali najliczniej wyr\u00f3\u017cnieni medalem Sprawiedliwy w\u015br\u00f3d Narod\u00f3w \u015awiata za ratowanie \u017byd\u00f3w podczas II wojny \u015bwiatowej. Tymczasem polskoj\u0119zyczny rz\u0105d nie stan\u0105\u0142 na wysoko\u015bci zadania. Nie by\u0142o stanowczego basta i bezkompromisowego bronienia prawdy o narodzie polskim oraz dbania o jego dobre imi\u0119.<\/p>\r\n<p>A jak broni si\u0119 Iran, jak\u017ce cz\u0119sto oskar\u017cany o wspieranie terroryzmu? Wystarczy wspomnie\u0107 fragment przem\u00f3wienia ira\u0144skiego ambasadora w Polsce, podczas niedawnego przyj\u0119cia z okazji \u015bwi\u0119ta narodowego Iranu. <strong>Masoud Edrisi Kermanshahi<\/strong>, podpieraj\u0105c si\u0119 konkretnymi przyk\u0142adami, podkre\u015bli\u0142 zas\u0142ugi Iranu w zwalczaniu terroryzmu mi\u0119dzynarodowego. Dyplomata zaznaczy\u0142, \u017ce skuteczna pomoc s\u0105siadom w likwidowaniu tzw. Pa\u0144stwa Islamskiego (ISIS\/ISIL\/Daesh) jednocze\u015bnie opiera si\u0119 na przestrzeganiu zasad prawa mi\u0119dzynarodowego, wzajemnej wsp\u00f3\u0142pracy i wzajemnych korzy\u015bci. Ambasador wykaza\u0142 ponadto, \u017ce to w\u0142a\u015bnie jego kraj tworzy pok\u00f3j i stabilizacj\u0119 w Regionie. Zdecydowanym g\u0142osem nazwa\u0142 k\u0142amstwem wszelkie pr\u00f3by przedstawiania Iranu jako czynnika destabilizuj\u0105cego na Bliskim Wschodzie.<\/p>\r\n<p>Pami\u0119ci\u0105 si\u0119gam do 2014 roku, kiedy \u00f3wczesny ambasador Iranu w Polsce udzieli\u0142 mi wywiadu, podczas kt\u00f3rego subtelnie nakre\u015bli\u0142 r\u00f3\u017cnic\u0119 mi\u0119dzy naszymi krajami. <strong>J.E. Ramin Mehmanparast<\/strong> powiedzia\u0142 wtedy, \u017ce \u201eniekt\u00f3re z pa\u0144stw, czy rz\u0105d\u00f3w maj\u0105 takie odczucie, \u017ce je\u017celi b\u0119d\u0105 chcia\u0142y g\u0142osi\u0107 swoje niezale\u017cne pogl\u0105dy na forum mi\u0119dzynarodowym, to b\u0119d\u0105 poddawane presji i cz\u0119sto z tego rezygnuj\u0105\u201d. Zdaniem ira\u0144skiego dyplomaty wp\u0142ywaj\u0105 na to r\u00f3\u017cne czynniki. <strong>\u201eNiekt\u00f3re pa\u0144stwa &#8211; np. z powod\u00f3w finansowych, ewentualnie r\u00f3\u017cnych innych okoliczno\u015bci &#8211; mog\u0105 nie chcie\u0107 m\u00f3wi\u0107 swoim w\u0142asnym g\u0142osem, bo obawiaj\u0105 si\u0119 reakcji du\u017cych mocarstw\u201d &#8211; wyja\u015bni\u0142. <\/strong><\/p>\r\n<p>M\u00f3j rozm\u00f3wca podkre\u015bli\u0142, \u017ce akurat jego kraj wybra\u0142 m\u00f3wienie tego, co le\u017cy mu na sercu, czyli prawdy. Mehmanparast doda\u0142, \u017ce Iran przyj\u0105\u0142 oraz zaakceptowa\u0142 wszelkie konsekwencje z tym zwi\u0105zane. \u201eKa\u017cdy cz\u0142owiek jest bowiem got\u00f3w znosi\u0107 te wszystkie problemy i trudno\u015bci, pod warunkiem, i\u017c jest \u015bwiadomy tego, \u017ce ma do spe\u0142nienia wa\u017cne zadanie, a do wygrania wielk\u0105 spraw\u0119 i mo\u017ce w ten spos\u00f3b s\u0142u\u017cy\u0107 ca\u0142ej ludzko\u015bci\u201d &#8211; skwitowa\u0142 ira\u0144ski dyplomata.<\/p>\r\n<p>Pozostaje mi doda\u0107 i przypomnie\u0107, \u017ce <strong>Cyprian Kamil Norwid<\/strong> uwa\u017ca\u0142, i\u017c Ojczyzna &#8211; to wielki zbiorowy obowi\u0105zek! Czy Polacy wreszcie si\u0119 obudz\u0105 i p\u00f3jd\u0105 za g\u0142osem Poety? Wyb\u00f3r nale\u017cy do nas &#8211; odzyska\u0107 Polsk\u0119 dla Polak\u00f3w lub pozosta\u0107 poddanymi Rzeczypospolitej Zha\u0144bionej&#8230;<\/p>\r\n<p><em><strong>Agnieszka Piwar<\/strong><\/em><\/p>\r\n<p><img fetchpriority=\"high\" decoding=\"async\" class=\"aligncenter\" src=\"http:\/\/mysl-polska.pl\/gif\/iran_1.jpg\" alt=\"iran_1.jpg\" width=\"585\" height=\"449\"><\/p>\r\n<p style=\"text-align: center;\"><em>Na zdj. autorka i Fatemeh Hamedi, attach\u00c3\u00a9 ambasady Iranu w Warszawie<\/em><\/p>\r\n<p>&nbsp;<\/p>","protected":false},"excerpt":{"rendered":"Na kilka dni przed najwi\u0119ksz\u0105 katastrof\u0105 w historii polskiej dyplomacji, ambasador Iranu zaprosi\u0142 na obiad grup\u0119 polskich dziennikarzy, w tym ni\u017cej podpisan\u0105. J.E. Masoud Edrisi Kermanshahi da\u0142 nam wtedy do zrozumienia, \u017ce nie jest jeszcze za p\u00f3\u017ano i nasze stosunki mo\u017cna uratowa\u0107. Celem spotkania z przedstawicielami polskich medi\u00f3w by\u0142a wymiana pogl\u0105d\u00f3w na zaistnia\u0142\u0105 sytuacj\u0119 w [&hellip;]","protected":false},"author":1,"featured_media":0,"comment_status":"closed","ping_status":"closed","sticky":false,"template":"","format":"standard","meta":{"_acf_changed":false,"_monsterinsights_skip_tracking":false,"ngg_post_thumbnail":0,"footnotes":"","_wp_rev_ctl_limit":""},"categories":[9],"tags":[84,88,98,53,20,221],"acf":[],"_links":{"self":[{"href":"https:\/\/www.bibula.com\/index.php?rest_route=\/wp\/v2\/posts\/106765"}],"collection":[{"href":"https:\/\/www.bibula.com\/index.php?rest_route=\/wp\/v2\/posts"}],"about":[{"href":"https:\/\/www.bibula.com\/index.php?rest_route=\/wp\/v2\/types\/post"}],"author":[{"embeddable":true,"href":"https:\/\/www.bibula.com\/index.php?rest_route=\/wp\/v2\/users\/1"}],"replies":[{"embeddable":true,"href":"https:\/\/www.bibula.com\/index.php?rest_route=%2Fwp%2Fv2%2Fcomments&post=106765"}],"version-history":[{"count":0,"href":"https:\/\/www.bibula.com\/index.php?rest_route=\/wp\/v2\/posts\/106765\/revisions"}],"wp:attachment":[{"href":"https:\/\/www.bibula.com\/index.php?rest_route=%2Fwp%2Fv2%2Fmedia&parent=106765"}],"wp:term":[{"taxonomy":"category","embeddable":true,"href":"https:\/\/www.bibula.com\/index.php?rest_route=%2Fwp%2Fv2%2Fcategories&post=106765"},{"taxonomy":"post_tag","embeddable":true,"href":"https:\/\/www.bibula.com\/index.php?rest_route=%2Fwp%2Fv2%2Ftags&post=106765"}],"curies":[{"name":"wp","href":"https:\/\/api.w.org\/{rel}","templated":true}]}}