{"id":10673,"date":"2009-06-25T18:20:26","date_gmt":"2009-06-25T23:20:26","guid":{"rendered":"http:\/\/www.bibula.com\/?p=10673"},"modified":"2009-06-25T18:22:38","modified_gmt":"2009-06-25T23:22:38","slug":"protest-francji-przeciwko-brutalnemu-potraktowaniu-dyplomaty-francuskiego-przez-policje-w-jerozolimie","status":"publish","type":"post","link":"https:\/\/www.bibula.com\/?p=10673","title":{"rendered":"Protest Francji przeciwko brutalnemu potraktowaniu dyplomaty francuskiego przez policj\u0119 w Jerozolimie"},"content":{"rendered":"<p>Francuskie Ministerstwo Spraw Zagranicznych wystosowa\u0142o oficjalny protest do rz\u0105du Izraela w zwi\u0105zku z u\u017cyciem si\u0142y przez policj\u0119 w Jerozolimie wobec francuskiego dyplomaty.<\/p>\r\n\r\n<p>W nocie stwierdza si\u0119, \u017ce &#8222;dyplomata legitymuj\u0105cy si\u0119 dyplomatycznym paszportem\u00a0 i jad\u0105cy samochodem z konsularnymi tablicami rejestracyjnymi sta\u0142 si\u0119 ofiar\u0105 przemocy dokonanej przez lokaln\u0105 policj\u0119 w Jerozolimie.&#8221;<\/p>\r\n\r\n<p>&#8222;W zwi\u0105zku z ci\u0119\u017ckim, nie do zaakceptowania incydentem, konsul generalny w Jerozolimie wys\u0142a\u0142 oficjalny protest do izraelskiego Ministerstwa Spraw Zagranicznych, wraz ze szczeg\u00f3\u0142owym raportem obdukcji medycznej.&#8221; &#8211; powiedzia\u0142 przestawiciel Francji, Roman Nadal.<\/p>\r\n\r\n<p>Francja domaga si\u0119 szczeg\u00f3\u0142owego \u015bledztwa i odpowiednich sankcji przeciwko policjantom.<\/p>\r\n\r\n<p>Jak stwierdza francuskie pismo <em><span><span>Lib\u00c3\u00a9ration<\/span><\/span><\/em><span><span>, jest to ju\u017c drugi incydent brutalnego ataku policji izraelskiej przeciwko dyplomacie francuskiemu, kiedy to szefowa centrum kulturalnego Francji zosta\u0142a &#8222;si\u0142\u0105 wywleczona z samochodu i pobita przez policj\u0119 po tym jak nie udzieli\u0142a zgody na przeszukanie jej samochodu.&#8221;<\/span><\/span><\/p>","protected":false},"excerpt":{"rendered":"Francuskie Ministerstwo Spraw Zagranicznych wystosowa\u0142o oficjalny protest do rz\u0105du Izraela w zwi\u0105zku z u\u017cyciem si\u0142y przez policj\u0119 w Jerozolimie wobec francuskiego dyplomaty. W nocie stwierdza si\u0119, \u017ce &#8222;dyplomata legitymuj\u0105cy si\u0119 dyplomatycznym paszportem\u00a0 i jad\u0105cy samochodem z konsularnymi tablicami rejestracyjnymi sta\u0142 si\u0119 ofiar\u0105 przemocy dokonanej przez lokaln\u0105 policj\u0119 w Jerozolimie.&#8221; &#8222;W zwi\u0105zku z ci\u0119\u017ckim, nie do [&hellip;]","protected":false},"author":1,"featured_media":0,"comment_status":"closed","ping_status":"closed","sticky":false,"template":"","format":"standard","meta":{"_acf_changed":false,"_monsterinsights_skip_tracking":false,"_monsterinsights_sitenote_active":false,"_monsterinsights_sitenote_note":"","_monsterinsights_sitenote_category":0,"ngg_post_thumbnail":0,"footnotes":"","_wp_rev_ctl_limit":""},"categories":[6],"tags":[61],"acf":[],"_links":{"self":[{"href":"https:\/\/www.bibula.com\/index.php?rest_route=\/wp\/v2\/posts\/10673"}],"collection":[{"href":"https:\/\/www.bibula.com\/index.php?rest_route=\/wp\/v2\/posts"}],"about":[{"href":"https:\/\/www.bibula.com\/index.php?rest_route=\/wp\/v2\/types\/post"}],"author":[{"embeddable":true,"href":"https:\/\/www.bibula.com\/index.php?rest_route=\/wp\/v2\/users\/1"}],"replies":[{"embeddable":true,"href":"https:\/\/www.bibula.com\/index.php?rest_route=%2Fwp%2Fv2%2Fcomments&post=10673"}],"version-history":[{"count":0,"href":"https:\/\/www.bibula.com\/index.php?rest_route=\/wp\/v2\/posts\/10673\/revisions"}],"wp:attachment":[{"href":"https:\/\/www.bibula.com\/index.php?rest_route=%2Fwp%2Fv2%2Fmedia&parent=10673"}],"wp:term":[{"taxonomy":"category","embeddable":true,"href":"https:\/\/www.bibula.com\/index.php?rest_route=%2Fwp%2Fv2%2Fcategories&post=10673"},{"taxonomy":"post_tag","embeddable":true,"href":"https:\/\/www.bibula.com\/index.php?rest_route=%2Fwp%2Fv2%2Ftags&post=10673"}],"curies":[{"name":"wp","href":"https:\/\/api.w.org\/{rel}","templated":true}]}}