{"id":106631,"date":"2019-02-12T16:33:16","date_gmt":"2019-02-12T21:33:16","guid":{"rendered":"http:\/\/www.bibula.com\/?p=106631"},"modified":"2019-02-12T16:33:16","modified_gmt":"2019-02-12T21:33:16","slug":"nowa-fala-bluznierczych-profanacji-francuskich-swiatyn","status":"publish","type":"post","link":"https:\/\/www.bibula.com\/?p=106631","title":{"rendered":"Nowa fala blu\u017anierczych profanacji francuskich \u015bwi\u0105ty\u0144"},"content":{"rendered":"<p><strong>Ko\u015bci\u00f3\u0142 we Francji jest zaniepokojony nasilaniem si\u0119 atak\u00f3w na katolickie \u015bwi\u0105tynie. Tylko w ostatnich dniach dosz\u0142o do 9 profanacji. Zdaniem ordynariusza diecezji N\u00c3\u00aemes, zosta\u0142 przekroczony pewien punkt krytyczny, nasta\u0142 nowy etap agresji.<\/strong><\/p>\r\n<p>&#8211; <em>Wci\u0105\u017c nie wiadomo, czym kieruj\u0105 si\u0119 sprawcy. Zdumiewaj\u0105ce jest to, \u017ce s\u0105 to akty pope\u0142niane z pe\u0142n\u0105 premedytacj\u0105, w kt\u00f3rych nie chodzi jedynie o wandalizm, lecz o profanacj\u0119<\/em> &#8211; m\u00f3wi biskup Robert Wattebled. Tak by\u0142o w\u0142a\u015bnie w N\u00c3\u00aemes, gdzie w wyj\u0105tkowo blu\u017anierczy, haniebny spos\u00f3b sprofanowano konsekrowane hostie.<br>\r\n<br>\r\nBiskup Wattebled przyznaje, \u017ce Ko\u015bci\u00f3\u0142 nie wie, jak reagowa\u0107 na t\u0119 now\u0105 fal\u0119 agresji. Nie wystarczy jednak samo pot\u0119pienie &#8211; m\u00f3wi hierarcha.<\/p>\r\n<p>&#8211; <em>Uderzy\u0142o mnie, \u017ce jako pierwsze zareagowa\u0142y na t\u0119 profanacj\u0119 zgromadzenia kontemplacyjne: klaryski, karmelitanki i cysterki<\/em> &#8211; powiedzia\u0142 Radiu Watyka\u0144skiemu ksi\u0105dz biskup. &#8211; <em>Bardzo szybko zdecydowa\u0142y si\u0119 wsp\u00f3lnie na dzie\u0144 postu i adoracji Naj\u015bwi\u0119tszego Sakramentu. Og\u0142osili\u015bmy to w ca\u0142ej diecezji, aby wszyscy mogli si\u0119 do tego przy\u0142\u0105czy\u0107. My\u015bl\u0119, \u017ce to nam przypomina, \u017ce do tych wydarze\u0144 powinni\u015bmy podej\u015b\u0107 w g\u0142\u0119bszy spos\u00f3b. Bo oczywi\u015bcie z ca\u0142\u0105 stanowczo\u015bci\u0105 pot\u0119piamy sprawc\u00f3w tej profanacji, ale zarazem uznajemy \u0142\u0105cz\u0105ce nas wi\u0119zi z grzeszn\u0105 ludzko\u015bci\u0105, tak\u017ce po to, by przyj\u0105\u0107 zbawienie, kt\u00f3re daje nam Pan. To jest ta najg\u0142\u0119bsza postawa, od kt\u00f3rej trzeba zacz\u0105\u0107. Potem przychodzi refleksja nad kwestiami praktycznymi, nad \u015brodkami ostro\u017cno\u015bci, co zrobi\u0107, aby ko\u015bcio\u0142y, jak chce tego papie\u017c Franciszek, mog\u0142y pozosta\u0107 otwarte, a zarazem nie nara\u017ca\u0107 je na zbyteczne ryzyko wandalizmu. To b\u0119dzie trzeba ustali\u0107 w ka\u017cdej parafii, w ka\u017cdej wsp\u00f3lnocie &#8211; <\/em>doda\u0142.<em>&nbsp;<\/em><\/p>\r\n<p>\u0179r\u00f3d\u0142o: KAI<\/p>\r\n<p>RoM<\/p>\r\n<h4>&nbsp;<\/h4>\r\n<hr style=\"background-color: #000000; border-width: 0; color: #000000; height: 2px; line-height: 0; text-align: center; width: 100%;\">\r\n<h4>&nbsp;<\/h4>","protected":false},"excerpt":{"rendered":"Ko\u015bci\u00f3\u0142 we Francji jest zaniepokojony nasilaniem si\u0119 atak\u00f3w na katolickie \u015bwi\u0105tynie. Tylko w ostatnich dniach dosz\u0142o do 9 profanacji. Zdaniem ordynariusza diecezji N\u00c3\u00aemes, zosta\u0142 przekroczony pewien punkt krytyczny, nasta\u0142 nowy etap agresji. &#8211; Wci\u0105\u017c nie wiadomo, czym kieruj\u0105 si\u0119 sprawcy. Zdumiewaj\u0105ce jest to, \u017ce s\u0105 to akty pope\u0142niane z pe\u0142n\u0105 premedytacj\u0105, w kt\u00f3rych nie chodzi [&hellip;]","protected":false},"author":1,"featured_media":0,"comment_status":"closed","ping_status":"closed","sticky":false,"template":"","format":"standard","meta":{"_acf_changed":false,"_monsterinsights_skip_tracking":false,"_monsterinsights_sitenote_active":false,"_monsterinsights_sitenote_note":"","_monsterinsights_sitenote_category":0,"ngg_post_thumbnail":0,"footnotes":"","_wp_rev_ctl_limit":""},"categories":[6],"tags":[132,114,191],"acf":[],"_links":{"self":[{"href":"https:\/\/www.bibula.com\/index.php?rest_route=\/wp\/v2\/posts\/106631"}],"collection":[{"href":"https:\/\/www.bibula.com\/index.php?rest_route=\/wp\/v2\/posts"}],"about":[{"href":"https:\/\/www.bibula.com\/index.php?rest_route=\/wp\/v2\/types\/post"}],"author":[{"embeddable":true,"href":"https:\/\/www.bibula.com\/index.php?rest_route=\/wp\/v2\/users\/1"}],"replies":[{"embeddable":true,"href":"https:\/\/www.bibula.com\/index.php?rest_route=%2Fwp%2Fv2%2Fcomments&post=106631"}],"version-history":[{"count":0,"href":"https:\/\/www.bibula.com\/index.php?rest_route=\/wp\/v2\/posts\/106631\/revisions"}],"wp:attachment":[{"href":"https:\/\/www.bibula.com\/index.php?rest_route=%2Fwp%2Fv2%2Fmedia&parent=106631"}],"wp:term":[{"taxonomy":"category","embeddable":true,"href":"https:\/\/www.bibula.com\/index.php?rest_route=%2Fwp%2Fv2%2Fcategories&post=106631"},{"taxonomy":"post_tag","embeddable":true,"href":"https:\/\/www.bibula.com\/index.php?rest_route=%2Fwp%2Fv2%2Ftags&post=106631"}],"curies":[{"name":"wp","href":"https:\/\/api.w.org\/{rel}","templated":true}]}}