{"id":106615,"date":"2019-02-12T15:09:28","date_gmt":"2019-02-12T20:09:28","guid":{"rendered":"http:\/\/www.bibula.com\/?p=106615"},"modified":"2019-02-12T15:09:28","modified_gmt":"2019-02-12T20:09:28","slug":"stefan-michnik-zostaje-w-szwecji-sad-nie-wyrazil-zgody-na-wydanie-go-polskim-wladzom","status":"publish","type":"post","link":"https:\/\/www.bibula.com\/?p=106615","title":{"rendered":"Stefan Michnik zostaje w Szwecji. S\u0105d nie wyrazi\u0142 zgody na wydanie go polskim w\u0142adzom"},"content":{"rendered":"<p><strong>Przedawnienie zarzucanych czyn\u00f3w i szwedzkie obywatelstwo &#8211; to g\u0142\u00f3wne powody, dla kt\u00f3rych S\u0105d Rejonowy w Goeteborgu nie zgodzi\u0142 si\u0119 na wydanie polskim w\u0142adzom Stefana Michnika.<\/strong><\/p>\r\n<p>W pierwszych dniach grudnia do w\u0142adz Szwecji trafi\u0142 polski wniosek o aresztowanie stalinowskiego s\u0119dziego Stefana Michnika. IPN chcia\u0142 mu postawi\u0107 30 zarzut\u00f3w, w tym zarzuty dotycz\u0105ce zbrodni s\u0105dowych. Stalinowski s\u0119dzia mia\u0142 bowiem, opieraj\u0105c si\u0119 na sfabrykowanych przes\u0142ankach, skaza\u0107 czterech dzia\u0142aczy podziemia niepodleg\u0142o\u015bciowego.<\/p>\r\n<p>Wedle polskiego prawa, dzia\u0142ania Stefana Michnika z lat 1952-1953 mo\u017cna by\u0142o zakwalifikowa\u0107 jako zbrodnie komunistyczne, wyczerpuj\u0105ce znamiona zbrodni przeciwko ludzko\u015bci, kt\u00f3re nie ulegaj\u0105 przedawnieniu.<\/p>\r\n<p>S\u0105d Rejonowy w Goeteborgu mia\u0142 inne zdanie. Uzna\u0142, \u017ce zarzuty s\u0105 przedawnione i, maj\u0105c na uwadze obywatelstwo szwedzkie Michnika, odm\u00f3wi\u0142 wydania go Polsce.<\/p>\r\n<p>\u0179r\u00f3d\u0142o: interia.pl \/ pch24.pl<\/p>\r\n<p>MA<\/p>\r\n<p class=\"zrodlo\">Za: <a href=\"https:\/\/www.pch24.pl\/stefan-michnik-zostaje-w-szwecji--sad-nie-wyrazil-zgody-na-wydanie-go-polskim-wladzom,66092,i.html\">PoloniaChristiana &#8211; pch24.pl (2019-02-12) <\/a><\/p>\r\n<h4>&nbsp;<\/h4>\r\n<hr style=\"background-color: #000000; border-width: 0; color: #000000; height: 2px; line-height: 0; text-align: center; width: 100%;\">\r\n<h4>&nbsp;<\/h4>","protected":false},"excerpt":{"rendered":"Przedawnienie zarzucanych czyn\u00f3w i szwedzkie obywatelstwo &#8211; to g\u0142\u00f3wne powody, dla kt\u00f3rych S\u0105d Rejonowy w Goeteborgu nie zgodzi\u0142 si\u0119 na wydanie polskim w\u0142adzom Stefana Michnika. W pierwszych dniach grudnia do w\u0142adz Szwecji trafi\u0142 polski wniosek o aresztowanie stalinowskiego s\u0119dziego Stefana Michnika. IPN chcia\u0142 mu postawi\u0107 30 zarzut\u00f3w, w tym zarzuty dotycz\u0105ce zbrodni s\u0105dowych. Stalinowski s\u0119dzia [&hellip;]","protected":false},"author":1,"featured_media":0,"comment_status":"closed","ping_status":"closed","sticky":false,"template":"","format":"standard","meta":{"_acf_changed":false,"_monsterinsights_skip_tracking":false,"_monsterinsights_sitenote_active":false,"_monsterinsights_sitenote_note":"","_monsterinsights_sitenote_category":0,"ngg_post_thumbnail":0,"footnotes":"","_wp_rev_ctl_limit":""},"categories":[6],"tags":[98,53,197,169,81,205],"acf":[],"_links":{"self":[{"href":"https:\/\/www.bibula.com\/index.php?rest_route=\/wp\/v2\/posts\/106615"}],"collection":[{"href":"https:\/\/www.bibula.com\/index.php?rest_route=\/wp\/v2\/posts"}],"about":[{"href":"https:\/\/www.bibula.com\/index.php?rest_route=\/wp\/v2\/types\/post"}],"author":[{"embeddable":true,"href":"https:\/\/www.bibula.com\/index.php?rest_route=\/wp\/v2\/users\/1"}],"replies":[{"embeddable":true,"href":"https:\/\/www.bibula.com\/index.php?rest_route=%2Fwp%2Fv2%2Fcomments&post=106615"}],"version-history":[{"count":0,"href":"https:\/\/www.bibula.com\/index.php?rest_route=\/wp\/v2\/posts\/106615\/revisions"}],"wp:attachment":[{"href":"https:\/\/www.bibula.com\/index.php?rest_route=%2Fwp%2Fv2%2Fmedia&parent=106615"}],"wp:term":[{"taxonomy":"category","embeddable":true,"href":"https:\/\/www.bibula.com\/index.php?rest_route=%2Fwp%2Fv2%2Fcategories&post=106615"},{"taxonomy":"post_tag","embeddable":true,"href":"https:\/\/www.bibula.com\/index.php?rest_route=%2Fwp%2Fv2%2Ftags&post=106615"}],"curies":[{"name":"wp","href":"https:\/\/api.w.org\/{rel}","templated":true}]}}