{"id":106609,"date":"2019-02-09T10:50:45","date_gmt":"2019-02-09T15:50:45","guid":{"rendered":"http:\/\/www.bibula.com\/?p=106609"},"modified":"2019-02-13T09:27:22","modified_gmt":"2019-02-13T14:27:22","slug":"skandal-nie-zarejestrowano-kandydatury-grzegorza-brauna-na-prezydenta-gdanska-uklad-gdanski-trzyma-sie-mocno","status":"publish","type":"post","link":"https:\/\/www.bibula.com\/?p=106609","title":{"rendered":"Skandal! Nie zarejestrowano kandydatury Grzegorza Brauna na prezydenta Gda\u0144ska. \u201eUk\u0142ad gda\u0144ski&#8221; trzyma si\u0119 mocno"},"content":{"rendered":"<p><strong>To si\u0119 w g\u0142owie nie mie\u015bci co oni wyprawiaj\u0105! Miejska komisja wyborcza w Gda\u0144sku odroczy\u0142a rejestracj\u0119 Grzegorza Brauna na prezydenta Gda\u0144ska z powodu jakiej\u015b wydumanej wady w wype\u0142nionym formularzu.<\/strong><\/p>\r\n<p>Komisja wyborcza w Gda\u0144sku wymy\u015bli\u0142a jakie\u015b totalne kuriozum &#8211; czepiaj\u0105 si\u0119, \u017ce w rubryce \u201eadres zamieszkania\u201d wpisa\u0142 sw\u00f3j adres zamieszkania, ale ich zdaniem pod tym adresem nie figuruje w rejestrze wyborc\u00f3w, wi\u0119c to nie mo\u017ce by\u0107 ten adres\u2026<\/p>\r\n<p>Jest to jaka\u015b totalna g\u0142upota, kt\u00f3rej nikt nie rozumie, pewnie z sam\u0105 komisj\u0105 wyborcz\u0105 w Gda\u0144sku w\u0142\u0105cznie.<\/p>\r\n<p>Komitet Brauna musi poprawi\u0107 adres, ale dopiero w poniedzia\u0142ek mo\u017cna to zrobi\u0107. A trzeba z\u0142o\u017cy\u0107 dokumenty o przyznanie czasu antenowego dla kandydat\u00f3w i kto nie dostarczy za\u015bwiadczenia o rejestracji, ten czasu antenowego nie dostanie\u2026<\/p>\r\n<p>To typowa walka na przecinki &#8211; \u201euk\u0142ad gda\u0144ski\u201d broni si\u0119 r\u0119kami i nogami przed niezale\u017cnym, prawicowym kandydatem. Ich interesuje tylko utrzymanie dotychczasowych interes\u00f3w i nie wyobra\u017caj\u0105 sobie nawet kandydowania kogo\u015b niego, ni\u017c ich faworyta Aleksandra Dulkiewicz.<\/p>\r\n<p>Poni\u017cej Grzegorz Braun i jego pe\u0142nomocnik wyborczy t\u0142umacz\u0105, o co chodzi komisji wyborczej i jakie mog\u0105 by\u0107 tego konsekwencje.<\/p>\r\n<p><iframe src=\"https:\/\/www.youtube.com\/embed\/jFJbMZiJ3sg?feature=oembed\" allowfullscreen=\"allowfullscreen\" data-mce-fragment=\"1\" width=\"100%\" height=\"360\" frameborder=\"0\"><\/iframe><\/p>\r\n<p>https:\/\/twitter.com\/krzysztofbosak\/status\/1094202948530388994<\/p>\r\n<p>https:\/\/twitter.com\/krzysztofbosak\/status\/1094205320707084288<\/p>\r\n<p><blockquote class=\"twitter-tweet\" data-width=\"550\" data-dnt=\"true\"><p lang=\"pl\" dir=\"ltr\">Skandal!<br>Nie zarejestrowano kandydatury <a href=\"https:\/\/twitter.com\/grzegorz_braun?ref_src=twsrc%5Etfw\">@grzegorz_braun<\/a> w Gda\u0144sku &#8211; zosta\u0142a odroczona.<br>Powody kuriozalne: w formularzu zg\u0142oszeniowym w kratce adresu zamieszkania&#8230; nie odpowiada komisji wyborczej adres zamieszkania <a href=\"https:\/\/twitter.com\/grzegorz_braun?ref_src=twsrc%5Etfw\">@grzegorz_braun<\/a> :)<a href=\"https:\/\/t.co\/R7E8bI9o4Q\">https:\/\/t.co\/R7E8bI9o4Q<\/a><\/p>&mdash; Robert B\u0105kiewicz (@RBakiewicz) <a href=\"https:\/\/twitter.com\/RBakiewicz\/status\/1094010843841421313?ref_src=twsrc%5Etfw\">February 8, 2019<\/a><\/blockquote><script async src=\"https:\/\/platform.twitter.com\/widgets.js\" charset=\"utf-8\"><\/script><\/p>\r\n<p class=\"zrodlo\">Za: <a href=\"https:\/\/nczas.com\/2019\/02\/09\/skandal-nie-zarejestrowano-kandydatury-grzegorza-brauna-na-prezydenta-gdanska-uklad-gdanski-trzyma-sie-mocno\/\">Najwy\u017cszy Czas! (2019-02-09)<\/a><\/p>\r\n<hr style=\"background-color: #000000; border-width: 0; color: #000000; height: 2px; line-height: 0; text-align: center; width: 100%;\">\r\n<h4>&nbsp;<\/h4>\r\n<h2>Grzegorz Braun ma problemy z rejestracj\u0105 kandydatury. O co chodzi Komisji Wyborczej?<\/h2>\r\n<p><strong>Delegatura Komisji Wyborczej w Gda\u0144sku na razie nie zarejestrowa\u0142a Grzegorza Brauna na kandydata w wyborach na prezydenta miasta. &#8211; Z\u0142o\u017cyli\u015bmy wszystkie wymagane dokumenty &#8211; deklaruje re\u017cyser. O co zatem chodzi? <\/strong><\/p>\r\n<p>Komisja w specjalnej uchwale wezwa\u0142a Grzegorza Brauna do usuni\u0119cia b\u0142\u0119du w jednym z formularzy. W rubryce \u201eadres zamieszkania\u201d wpisa\u0142 on bowiem adres, gdzie mieszka, gdy tymczasem Komisja wymaga podania adresu pod jakim\u2026 jest on zarejestrowany jako wyborca.<\/p>\r\n<p>&#8211; <em>Zdawa\u0142oby si\u0119, \u017ce komisja ma dokona\u0107 prostej formalno\u015bci, poniewa\u017c list\u0119 podpis\u00f3w komisja potwierdzi\u0142a wczoraj w nocy. Dzi\u015b mia\u0142a si\u0119 dokona\u0107 formalno\u015b\u0107, ale nie sta\u0142o si\u0119 jej zado\u015b\u0107 <\/em>&#8211; informowa\u0142 w pi\u0105tek wieczorem Grzegorz Braun.<\/p>\r\n<p>Sytuacja wydaje si\u0119 absurdalne, szczeg\u00f3lnie, \u017ce Pe\u0142nomocnik Komitetu Wyborczego Wyborc\u00f3w Grzegorza Brauna z\u0142o\u017cy\u0142 wszystkie wymagane dokumenty, w\u0142\u0105cznie z wymaganymi do rejestracji 3 tys. podpis\u00f3w (w sumie podpis\u00f3w by\u0142o dwa razy wi\u0119cej).<\/p>\r\n<p>Co wi\u0119cej, w opinii wsp\u00f3\u0142pracownik\u00f3w Brauna nie ma potrzeby, by uzupe\u0142nia\u0142 on rubryk\u0119 o adres znajduj\u0105cy si\u0119 w rejestrze wyborc\u00f3w, poniewa\u017c z\u0142o\u017cy\u0142 on informacj\u0119 dotycz\u0105c\u0105 miejsca, gdzie jest zarejestrowany jako wyborca. Teoretycznie zatem Delegatura Komisji Wyborczej w Gda\u0144sku powinna posiada\u0107 tak\u0105 informacj\u0119.<\/p>\r\n<p>Czy oznacza to, \u017ce Grzegorz Braun nie zostanie zarejestrowany jako kandydat na prezydenta Gda\u0144ska?<\/p>\r\n<p>Pe\u0142nomocnik Komitetu Wyborczego Wyborc\u00f3w Grzegorza Brauna z\u0142o\u017cy\u0142 pismo z deklaracj\u0105, i\u017c uwa\u017ca t\u0119 decyzj\u0119 za bezprawn\u0105. Pe\u0142nomocnik z\u0142o\u017cy\u0142 te\u017c odr\u0119czne o\u015bwiadczenie zawieraj\u0105ce informacj\u0119 o adresie, pod kt\u00f3rym Braun pozostaje zarejestrowany w rejestrze wyborc\u00f3w.<\/p>\r\n<p>&#8211; <em>Komisja poinformowa\u0142, \u017ce dopiero w poniedzia\u0142ek oceni, czy moje o\u015bwiadczenie jest zgodne z prawd\u0105. Co jest wa\u017cne, w poniedzia\u0142ek zapada termin przyjmowania zg\u0142osze\u0144 przez tzw. media publiczne, w kt\u00f3rych z mocy prawa przys\u0142ugiwa\u0142by kandydatowi czas antenowy<\/em> &#8211; poinformowa\u0142 Braun.<\/p>\r\n<p>Je\u015bli w poniedzia\u0142ek decyzja Komisji b\u0119dzie negatywna, Grzegorz Braun najpewniej nie otrzyma darmowego czasu antenowego w publicznej telewizji czy radiu.<\/p>\r\n<p>\u0179r\u00f3d\u0142o: YT<\/p>\r\n<p>ged &nbsp;<\/p>\r\n<p class=\"zrodlo\">Za: <a href=\"https:\/\/www.pch24.pl\/grzegorz-braun-ma-problemy-z-rejestracja-kandydatury--o-co-chodzi-komisji-wyborczej-,66031,i.html\">PoloniaChristiana &#8211; pch24.pl (2019-02-09)<\/a><\/p>\r\n<h4>&nbsp;<\/h4>\r\n<hr style=\"background-color: #000000; border-width: 0; color: #000000; height: 2px; line-height: 0; text-align: center; width: 100%;\">\r\n<h4>&nbsp;<\/h4>\r\n<h2>Braun zosta\u0142 jednak zarejestrowany<\/h2>\r\n<p><strong>INFO: P. Grzegorz Braun zosta\u0142 zarejestrowany jako kandydat na prezydenta Gda\u0144ska &#8211; donosi tvp.info.<\/strong><\/p>\r\n<p>Przewodnicz\u0105cy Miejskiej Komisji Wyborczej w Gda\u0144sku Marek Jankowski poinformowa\u0142, \u017ce po weryfikacji adresu podanego przez p. Brauna okaza\u0142o si\u0119, \u017ce nie figurowa\u0142 on w rejestrze wyborc\u00f3w w podanej gminie. Komisja wezwa\u0142a wi\u0119c p. Brauna do podania w\u0142a\u015bciwego adresu. W poniedzia\u0142ek weryfikacja posz\u0142a pomy\u015blnie i p. Braun zosta\u0142 w ko\u0144cu zarejestrowany. Opr\u00f3cz niego w wyborach na prezydenta Gda\u0144ska wystartuj\u0105: p.o. prezydenta Gda\u0144ska Aleksandra Dulkiewicz i przedsi\u0119biorca Marek Skiba.<\/p>\r\n<p>\u0179r\u00f3d\u0142o: <a href=\"https:\/\/www.tvp.info\/41263592\/grzegorz-braun-zarejestrowany-jako-kandydat-na-prezydenta-gdanska\">tvp.info<\/a><\/p>\r\n<p>Opracowa\u0142: GK<\/p>\r\n<p class=\"zrodlo\">Za: <a href=\"http:\/\/korwin-mikke.pl\/polska\/zobacz\/braun_zostal_jednak_zarejestrowany\/177523\">korwin-mikke.pl (13-02-2019)<\/a><\/p>\r\n<h4>&nbsp;<\/h4>\r\n<hr style=\"background-color: #000000; border-width: 0; color: #000000; height: 2px; line-height: 0; text-align: center; width: 100%;\">\r\n<h4>&nbsp;<\/h4>","protected":false},"excerpt":{"rendered":"To si\u0119 w g\u0142owie nie mie\u015bci co oni wyprawiaj\u0105! Miejska komisja wyborcza w Gda\u0144sku odroczy\u0142a rejestracj\u0119 Grzegorza Brauna na prezydenta Gda\u0144ska z powodu jakiej\u015b wydumanej wady w wype\u0142nionym formularzu. Komisja wyborcza w Gda\u0144sku wymy\u015bli\u0142a jakie\u015b totalne kuriozum &#8211; czepiaj\u0105 si\u0119, \u017ce w rubryce \u201eadres zamieszkania\u201d wpisa\u0142 sw\u00f3j adres zamieszkania, ale ich zdaniem pod tym adresem [&hellip;]","protected":false},"author":1,"featured_media":0,"comment_status":"closed","ping_status":"closed","sticky":false,"template":"","format":"standard","meta":{"_acf_changed":false,"_monsterinsights_skip_tracking":false,"_monsterinsights_sitenote_active":false,"_monsterinsights_sitenote_note":"","_monsterinsights_sitenote_category":0,"ngg_post_thumbnail":0,"footnotes":"","_wp_rev_ctl_limit":""},"categories":[8],"tags":[147,344,98],"acf":[],"_links":{"self":[{"href":"https:\/\/www.bibula.com\/index.php?rest_route=\/wp\/v2\/posts\/106609"}],"collection":[{"href":"https:\/\/www.bibula.com\/index.php?rest_route=\/wp\/v2\/posts"}],"about":[{"href":"https:\/\/www.bibula.com\/index.php?rest_route=\/wp\/v2\/types\/post"}],"author":[{"embeddable":true,"href":"https:\/\/www.bibula.com\/index.php?rest_route=\/wp\/v2\/users\/1"}],"replies":[{"embeddable":true,"href":"https:\/\/www.bibula.com\/index.php?rest_route=%2Fwp%2Fv2%2Fcomments&post=106609"}],"version-history":[{"count":0,"href":"https:\/\/www.bibula.com\/index.php?rest_route=\/wp\/v2\/posts\/106609\/revisions"}],"wp:attachment":[{"href":"https:\/\/www.bibula.com\/index.php?rest_route=%2Fwp%2Fv2%2Fmedia&parent=106609"}],"wp:term":[{"taxonomy":"category","embeddable":true,"href":"https:\/\/www.bibula.com\/index.php?rest_route=%2Fwp%2Fv2%2Fcategories&post=106609"},{"taxonomy":"post_tag","embeddable":true,"href":"https:\/\/www.bibula.com\/index.php?rest_route=%2Fwp%2Fv2%2Ftags&post=106609"}],"curies":[{"name":"wp","href":"https:\/\/api.w.org\/{rel}","templated":true}]}}