{"id":106591,"date":"2019-02-07T15:30:47","date_gmt":"2019-02-07T20:30:47","guid":{"rendered":"http:\/\/www.bibula.com\/?p=106591"},"modified":"2020-09-28T16:49:26","modified_gmt":"2020-09-28T20:49:26","slug":"trzeba-sie-upomniec-o-suwerennosc-wywiad-z-grzegorzem-braunem","status":"publish","type":"post","link":"https:\/\/www.bibula.com\/?p=106591","title":{"rendered":"Trzeba si\u0119 upomnie\u0107 o suwerenno\u015b\u0107 &#8211; <em>wywiad z Grzegorzem Braunem<\/em>"},"content":{"rendered":"<p><strong><em>\u201ePolska bynajmniej nie wsta\u0142a z kolan &#8211; tylko zmieni\u0142a kl\u0119cznik. Dop\u00f3ki JE ambasador Mosbacher i JE ambasador Azari urz\u0119duj\u0105 w Warszawie, miast ju\u017c dawno opu\u015bci\u0107 j\u0105 w charakterze \u201epersona non grata\u201d &#8211; nie ma o czym m\u00f3wi\u0107\u201d<\/em> &#8211; powiedzia\u0142 w wywiadzie dla MP Grzegorz Braun, re\u017cyser i publicysta.<\/strong><\/p>\r\n<p><img decoding=\"async\" class=\"alignleft size-medium\" style=\"border: 0px none; margin: 10px;\" src=\"https:\/\/i1.wp.com\/mysl-polska.pl\/gif\/braun%201.jpg\" width=\"300\" align=\"left\" \/><strong>W nowym roku do\u0142\u0105czy\u0142 Pan do koalicji Ruchu Narodowego i partii Wolno\u015b\u0107. Jak do tego dosz\u0142o?<\/strong><\/p>\r\n<p>&#8211; Z wszystkich okoliczno\u015bci wymieni\u0119 jedn\u0105, kt\u00f3ra dla mnie osobi\u015bcie pozostaje najwa\u017cniejsza: podpisany p\u00f3\u0142 roku wcze\u015bniej akt konfederacji gietrzwa\u0142dzkiej (patrz: <a href=\"http:\/\/www.konfeederacjagietrzwaldzka.pl\" rel=\"nofollow\">http:\/\/www.konfeederacjagietrzwaldzka.pl<\/a>). W\u015br\u00f3d pierwszych sygnatariuszy znajdziecie Pa\u0144stwo kilku spo\u015br\u00f3d moich dzisiejszych koalicjant\u00f3w.<\/p>\r\n<p><span id=\"more-74382\"><\/span><strong>Czego mo\u017cemy si\u0119 spodziewa\u0107 po tym aliansie?<\/strong><\/p>\r\n<p>&#8211; Determinacji w obronie wolno\u015bci, \u017cycia, tradycji i w\u0142asno\u015bci Polak\u00f3w.<\/p>\r\n<p><strong>Czy je\u015bli zostanie Pan europos\u0142em, b\u0119dzie si\u0119 Pan ubiega\u0142 o mandat w polskim parlamencie w tegorocznych wyborach?<\/strong><\/p>\r\n<p>&#8211; Nie ma powodu, by cokolwiek z g\u00f3ry wyklucza\u0107.<\/p>\r\n<p><strong>W imieniu Czytelnik\u00f3w \u201eMy\u015bli Polskiej\u201d &#8211; tygodnika odwo\u0142uj\u0105cego si\u0119 do tradycji narodowej &#8211; chcia\u0142am zapyta\u0107 jaki jest Pana stosunek do postaci Romana Dmowskiego?<\/strong><\/p>\r\n<p>&#8211; Pozytywny i niebezkrytyczny zarazem. Pan Roman imponuje mi niezmiernie jako niespo\u017cyty wyraziciel polskiej racji stanu, jako pasjonuj\u0105cy pisarz polityczny, jako przenikliwy, nierzadko profetyczny analityk. Ale przecie\u017c pozostaje on dzieckiem epoki kolektywizmu &#8211; i jako taki stanowi\u0107 powinien dla nas, owszem, znakomity punkt odniesienia, ale wcale nie zawsze wzorzec do na\u015bladowania. Jako niepoprawny demokrata przejawia\u0142 wszak, zw\u0142aszcza w pierwszej cz\u0119\u015bci swego politycznego \u017cywota, sk\u0142onno\u015b\u0107 do utylitarnego traktowania Wiary i maj\u0119tno\u015bci Polak\u00f3w. Jako niepoprawny anglofil przejawia\u0142 typow\u0105 dla og\u00f3\u0142u Polak\u00f3w naiwno\u015b\u0107, niezrozumienie z\u0142owrogiej roli Anglosas\u00f3w w inicjowaniu wojen i rewolucji w naszej cz\u0119\u015bci \u015bwiata.<\/p>\r\n<p><strong>A jak Pan ocenia J\u00f3zefa Pi\u0142sudskiego i prowadzon\u0105 przez niego polityk\u0119?<\/strong><\/p>\r\n<p>&#8211; Jak Dmowskiego szanuj\u0119 za szczero\u015b\u0107 i komunikatywno\u015b\u0107 &#8211; tak Pi\u0142sudskiego odrzucam ze wzgl\u0119du na jego kr\u0119tactwa i autentyczny kabotynizm. Nic mi nie wiadomo, by Dmowski mia\u0142 na sumieniu ludzkie \u017cycie &#8211; tymczasem Pi\u0142sudski jest odpowiedzialny za ofiary wojny domowej, skrytob\u00f3jstwa, prze\u015bladowania, cenzur\u0119 i kult jednostki. Gorszych od zbrodni b\u0142\u0119d\u00f3w politycznych nawet nie spr\u00f3buj\u0119 tu wylicza\u0107. Generalnie ponosi on dziejow\u0105 odpowiedzialno\u015b\u0107 za wykolejenie Polski &#8211; przez na\u0142o\u017cenie na ni\u0105 gorsetu demokratycznej republiki etatystycznej, coraz g\u0142\u0119biej staczaj\u0105cej si\u0119 w totalniacki socjalizm.<\/p>\r\n<p><strong>Obecny ob\u00f3z rz\u0105dz\u0105cy cz\u0119sto bywa por\u00f3wnywalny do rz\u0105d\u00f3w sanacji. Czy Pan r\u00f3wnie\u017c dostrzega tutaj analogi\u0119?<\/strong><\/p>\r\n<p>&#8211; Nawet uku\u0142em na to stosowne okre\u015blenie aktualnego uk\u0142adu w\u0142adzy: \u201e\u017coliborska grupa rekonstrukcji historycznej Sanacji\u201d.<\/p>\r\n<p><strong>Politycy PiS oraz dziennikarze, publicy\u015bci i komentatorzy zwi\u0105zani z obozem w\u0142adzy, uparcie twierdz\u0105, \u017ce za obecnych rz\u0105d\u00f3w Polska \u201ewsta\u0142a z kolan\u201d. Czy podziela Pan ten pogl\u0105d?<\/strong><\/p>\r\n<p>&#8211; Polska bynajmniej nie wsta\u0142a z kolan &#8211; tylko zmieni\u0142a kl\u0119cznik. Dop\u00f3ki JE ambasador Mosbacher i JE ambasador Azari urz\u0119duj\u0105 w Warszawie, miast ju\u017c dawno opu\u015bci\u0107 j\u0105 w charakterze \u201epersona non grata\u201d &#8211; nie ma o czym m\u00f3wi\u0107.<\/p>\r\n<p><strong>11 stycznia br. sekretarz stanu USA Mike Pompeo, w wywiadzie udzielonym telewizji Fox News zapowiedzia\u0142, \u017ce Stany Zjednoczone zorganizuj\u0105 w Polsce (13-14 lutego) mi\u0119dzynarodowy szczyt po\u015bwi\u0119cony sytuacji na Bliskim Wschodzie, w tym &#8211; w szczeg\u00f3lno\u015bci &#8211; roli, jak\u0105 pe\u0142ni w regionie Iran. Chwil\u0119 p\u00f3\u017aniej, media obieg\u0142y informacja, \u017ce Bia\u0142y Dom poprosi\u0142 Pentagon o przygotowanie plan\u00f3w ataku na Iran. Jak Pan to skomentuje?<\/strong><\/p>\r\n<p>&#8211; Rz\u0105dz\u0105cym politykom i publicystom z ich otuliny propagandowej warto przypomina\u0107, \u017ce nie tylko bezpo\u015bredni udzia\u0142 w wojnie napastniczej, ale nawet samo pochwalanie takiej wojny, lub tolerowanie przygotowa\u0144 do niej &#8211; to s\u0105 u nas przest\u0119pstwem kodeksowym (z artyku\u0142\u00f3w 117 i 126 kk).<\/p>\r\n<p>Opinii publicznej za\u015b warto przypomina\u0107, \u017ce artyku\u0142 6 traktatu waszyngto\u0144skiego z roku 1949, do kt\u00f3rego Polska przyst\u0105pi\u0142a w roku 1999 precyzyjnie okre\u015bla terytorialny zakres naszych zobowi\u0105za\u0144 sojuszniczych w ramach NATO: P\u00f3\u0142nocny Atlantyk i Morze \u015ar\u00f3dziemne. Iran nie jest po\u0142o\u017cony nad \u017cadnym z tych dw\u00f3ch akwen\u00f3w. Poza tym NATO jest paktem obronnym &#8211; nie zaczepnym. Tymczasem Iran jeszcze \u017cadnego z kraj\u00f3w NATO na jego terytorium nie zaatakowa\u0142. A zatem stwierdzi\u0107 wypada, \u017ce <strong>polityka Warszawy wobec Waszyngtonu to dzi\u015b ju\u017c nie poziom lokajski &#8211; to poziom froterki pod\u0142ogowej.<\/strong><\/p>\r\n<p><strong>Zadaje si\u0119, \u017ce obecny ob\u00f3z rz\u0105dz\u0105cy wmanewrowa\u0142 Polsk\u0119 w konflikt z jeszcze jednym powa\u017cnym mocarstwem azjatyckim. Na pocz\u0105tku stycznia ABW zatrzyma\u0142a obywatela Chin pod zarzutem szpiegostwa. Na \u0142amach chi\u0144skiego dziennika \u201eGlobal Times\u201d postawiono tez\u0119, \u017ce Polska staje si\u0119 wsp\u00f3lnikiem Stan\u00f3w Zjednoczonych. W tym kontek\u015bcie dziennik zwr\u00f3ci\u0142 uwag\u0119 na fakt, \u017ce kiedy Stanis\u0142aw \u0179aryn &#8211; rzecznik ministra-koordynatora s\u0142u\u017cb specjalnych &#8211; poinformowa\u0142 o zatrzymaniu podejrzanych za po\u015brednictwem medi\u00f3w spo\u0142eczno\u015bciowych, oznaczy\u0142 sw\u00f3j post m.in. FBI i ameryka\u0144ski departament stanu. Czy w ca\u0142ym zamieszaniu mo\u017ce chodzi\u0107 o pr\u00f3b\u0119 zablokowania Nowego Jedwabnego Szlaku, w kt\u00f3rym Polska &#8211; na zaproszenie Chin &#8211; mia\u0142a mie\u0107 sw\u00f3j udzia\u0142?<\/strong><\/p>\r\n<p>&#8211; Trudno o zasadnicze w\u0105tpliwo\u015bci w tej sprawie. Przypomn\u0119 o sprawie kana\u0142u \u015bl\u0105skiego, na budow\u0119 kt\u00f3rego trzy lata temu um\u00f3wi\u0142 si\u0119 by\u0142 ju\u017c wst\u0119pnie wojewoda ma\u0142opolski z Chi\u0144czykami, kt\u00f3rzy chcieli w ten projekt wpompowa\u0107 grube miliardy. Zgodne ujadania podj\u0119\u0142y w\u00f3wczas czo\u0142owe media gadzinowe &#8211; Gazeta Wyborcza i Gazeta Polska &#8211; a podobno sam ambasador Jones interweniowa\u0142 w naszym MSZ. I oto projekt kana\u0142u \u015bl\u0105skiego w ostatniej chwili wyj\u0119to z pakietu temat\u00f3w do rozmowy z prezydentem Xi.<\/p>\r\n<p>Jak wida\u0107 polityka rzekomo \u201ebezalternatywnych sojuszy strategicznych\u201d kosztuje Polsk\u0119 nie tylko ryzyko wojenne i koszt permanentnie przep\u0142acanych zakup\u00f3w zbrojeniowych, ale r\u00f3wnie\u017c zyski utracone &#8211; stracone okazje dobrych interes\u00f3w, kt\u00f3rych nie zrobimy, bo mog\u0142yby nie podoba\u0107 si\u0119 naszym imperialnym patronom.<\/p>\r\n<p><strong>A czy Pana zdaniem rz\u0105dz\u0105cy z PiS, ich poprzednicy z PO, czy jakikolwiek wcze\u015bniejszy rz\u0105d wywodz\u0105cy si\u0119 z uk\u0142adu okr\u0105g\u0142osto\u0142owego, zrobili cokolwiek dobrego dla Polski? Bo wie Pan &#8211; i tutaj b\u0119d\u0119 troszk\u0119 przekorna &#8211; kiedy wychodz\u0119 z domu to widz\u0119 pi\u0119kny i czysty kraj, w kt\u00f3rym czuj\u0119 si\u0119 ca\u0142kiem bezpieczna.<\/strong><\/p>\r\n<p>&#8211; Komuni\u015bci, kiedy ju\u017c im brak\u0142o innych argument\u00f3w, do ostatka powo\u0142ywali si\u0119 na to, \u017ce \u201ew\u0142adza ludowa zlikwidowa\u0142a analfabetyzm\u201d &#8211; tak, jakby bez garnizon\u00f3w P\u00f3\u0142nocnej Grupy Wojsk Armii Czerwonej i katowni UB ludzie nie cenili edukacji. Je\u015bli zapobiegliwi i ci\u0119\u017cko pracuj\u0105cy Polacy potrafi\u0105 si\u0119 jako\u015b ogarn\u0105\u0107, to przecie\u017c nie dzi\u0119ki \u201epa\u0144stwu teoretycznemu\u201d, lecz pomimo.<\/p>\r\n<p><strong>Je\u015bli scenariusz tak si\u0119 u\u0142o\u017cy, \u017ce w przysz\u0142o\u015bci b\u0119dzie mia\u0142 Pan realny wp\u0142yw na polityk\u0119 w Polsce, np. poprzez osi\u0105gni\u0119cie dobrego wyniku w wyborach do parlamentu, to od czego Pan zacznie napraw\u0119 Rzeczypospolitej?<\/strong><\/p>\r\n<p>&#8211; Od jawnej i publicznej intronizacji Chrystusa Kr\u00f3la Polski &#8211; i jednocze\u015bnie tajnych zabieg\u00f3w maj\u0105cych na celu wyposa\u017cenie Wojska Polskiego w bro\u0144 niekonwencjonaln\u0105 i \u015brodki rozpoznania strategicznego. Nota bene: od dw\u00f3ch miesi\u0119cy takim \u015brodkami rozpoznania najprawdopodobniej dysponuje ju\u017c nasz s\u0105siad, Bia\u0142oru\u015b &#8211; chi\u0144ska rakieta wynios\u0142a na orbit\u0119 pierwszego bia\u0142oruskiego satelit\u0119.<\/p>\r\n<p><strong>Na koniec chcia\u0142am zapyta\u0107 o Pana najnowszy film dokumentalny \u201eGietrzwa\u0142d 1877. Nieznane konteksty geopolityczne\u201d, kt\u00f3ry jest w fazie realizacji. W ksi\u0105\u017ckowej publikacji towarzysz\u0105cej produkcji stawia Pan &#8211; \u015bmia\u0142\u0105 jak na dzisiejsze czasy &#8211; tez\u0119, \u017ce interwencja Naj\u015bwi\u0119tszej Marii Panny wywar\u0142a decyduj\u0105cy wp\u0142yw na bieg spraw materialnych. To w\u0142a\u015bnie Matka Bo\u017ca mia\u0142a powstrzyma\u0107 Polak\u00f3w przed wywo\u0142aniem trzeciego powstania przeciwko Rosji. Dlaczego w swoim filmie wraca Pan do XIX wieku? Jak to si\u0119 ma do dzisiejszych czas\u00f3w?<\/strong><\/p>\r\n<p>&#8211; Analogie s\u0105 silne &#8211; sytuacja mi\u0119dzynarodowa pod wieloma wzgl\u0119dami przypomina t\u0119 z roku 1877. Realna jest gro\u017aba wielkiej wojny, z czego Polacy w wi\u0119kszo\u015bci w og\u00f3le nie zdaj\u0105 sobie sprawy. Jak w\u00f3wczas zmieni\u0107 si\u0119 mo\u017ce wszystko &#8211; i w \u015bwiecie, i w naszej ojczy\u017anie &#8211; pod warunkiem podj\u0119cia pracy nad sob\u0105. Droga do pe\u0142nej niepodleg\u0142o\u015bci politycznej, zewn\u0119trznej, prowadzi przez walk\u0119 o nieodleg\u0142o\u015b\u0107 wewn\u0119trzn\u0105, duchow\u0105. Zanim gotowy b\u0119dzie film &#8211; polecam ksi\u0105\u017ceczk\u0119, w kt\u00f3rej przedstawiam wyniki wst\u0119pnej kwerendy i analizy historycznej: \u201eGietrzwa\u0142d 1877 &#8211; nieznane konteksty geopolityczne\u201d.<\/p>\r\n<p><strong>Czy zdo\u0142a Pan pogodzi\u0107 prac\u0119 nad filmem z zaanga\u017cowaniem w kampanie wyborcze &#8211; nie tylko do europarlamentu, ale i w wyborach uzupe\u0142niaj\u0105cych w Gda\u0144sku?<\/strong><\/p>\r\n<p>&#8211; Ta ostatnia, jak wiadomo, nie mog\u0142a by\u0107 wcze\u015bniej planowana &#8211; ale skoro przeciwnik sam ust\u0119puje pola, trzeba na nie energicznie wkroczy\u0107. Nie mo\u017cna oddawa\u0107 walkowerem ani Gda\u0144ska, ani Polski. Trzeba upomnie\u0107 si\u0119 o suwerenno\u015b\u0107 &#8211; pa\u0144stwa polskiego i polskiej rodziny. Przeciwko projektom dezintegracji i demoralizacji &#8211; urz\u0119dowej seksualizacji nieletnich i sodomizacji \u017cycia publicznego. Nale\u017cy zdecydowanie odrzuci\u0107 zar\u00f3wno projekty w rodzaju \u201eFreie Stadt Danzig\u201d, jak i \u201et\u0119czowy Gda\u0144sk\u201d.<\/p>\r\n<p><strong>Tu jest Polska &#8211; a nie urojona przez prezydenta belwederskiego Dud\u0119 \u201eRzeczpospolita przyjaci\u00f3\u0142\u201d Polin<\/strong>. \u0179adnych uchod\u017ac\u00f3w-nachod\u017acc\u00f3w na koszt podatnika. \u0179adnego palenia chanukowych \u015bwiec &#8211; w ka\u017cdym razie nie za mojej kadencji. Bitw\u0119 o Gda\u0144sk trzeba stoczy\u0107 &#8211; jako poligon przysz\u0142ych kampanii. Zapraszam na stron\u0119: <a href=\"http:\/\/www.kwwgrzegorzabrauna.pl\" rel=\"nofollow\">http:\/\/www.kwwgrzegorzabrauna.pl<\/a><\/p>\r\n<p><strong><em>Rozmawia\u0142a: Agnieszka Piwar<\/em><\/strong><br \/>\r\n<em>My\u015bl Polska, nr 7-8 (10-17.02.2019)<\/em><br \/>\r\n<em><a href=\"http:\/\/mysl-polska.pl\/1809\" target=\"_blank\" rel=\"noopener noreferrer\">http:\/\/mysl-polska.pl<\/a><\/em><\/p>\r\n<p class=\"zrodlo\">Za: <a href=\"https:\/\/marucha.wordpress.com\/2019\/02\/07\/trzeba-sie-upomniec-o-suwerennosc\/\">Dziennik gajowego Maruchy (2019-02-07<\/a>)\u00a0 &#8211; [Org. tytu\u0142: \u00abTrzeba si\u0119 upomnie\u0107 o suwerenno\u015b\u0107\u00bb]<\/p>\r\n<h4>\u00a0<\/h4>\r\n<hr style=\"background-color: #000000; border-width: 0; color: #000000; height: 2px; line-height: 0; text-align: center; width: 100%;\" \/>\r\n<h4>\u00a0<\/h4>\r\n<h2>Grzegorz Braun: nie dla &#8222;t\u0119czowego Gda\u0144ska&#8221; i seksualizacji \u017cycia publicznego<\/h2>\r\n<p><strong>Grzegorz Braun, kandydat na prezydenta Gda\u0144ska powiedzia\u0142, \u017ce nie zgadza si\u0119 na wdra\u017canie w mie\u015bcie projekt\u00f3w, maj\u0105cych na celu seksualizacj\u0119 \u017cycia publicznego. Podkre\u015bli\u0142, \u017ce nie zgadza si\u0119 r\u00f3wnie\u017c na \u201et\u0119czowy Gda\u0144sk\u201d oraz genderyzacj\u0119. <\/strong><\/p>\r\n<p>&#8211;\u00a0\u0179adnego t\u0119czowego Gda\u0144ska, \u017cadnego wolnego miasta Gda\u0144ska\u00a0<span class=\"s1\">&#8211;<\/span> konceptu, kt\u00f3rym brzydko bawi\u0105 si\u0119 gda\u0144skie elity postpeerelowskie w ostatnich latach &#8211; powiedzia\u0142 Grzegorz Braun, kandydat na prezydenta miasta. Re\u017cyser i publicysta zapowiedzia\u0142, \u017ce je\u015bli zwyci\u0119\u017cy w wyborach uzupe\u0142niaj\u0105cych, nie zgodzi si\u0119 na seksualizacj\u0119 \u017cycia publicznego. Braun zwr\u00f3ci\u0142 r\u00f3wnie\u017c uwag\u0119 na to, \u017ce w gda\u0144skich szko\u0142ach wdra\u017cany jest niebezpieczny program, prowadzony pod has\u0142em \u201er\u00f3wno\u015bci\u201d.<\/p>\r\n<p>Podczas konferencji prasowej Grzegorz Braun nawi\u0105zuj\u0105c do projektu powiedzia\u0142, \u017ce prawa rodzic\u00f3w \u201enie mog\u0105 by\u0107 gwa\u0142cone przez w\u0142adz\u0119 miejsk\u0105\u201d. Re\u017cyser doda\u0142 r\u00f3wnie\u017c, \u017ce \u201edzieci gda\u0144skie trzeba ratowa\u0107 przed projektami seksualizacji, sodomizacji \u017cycia publicznego, genderyzacji, wprowadzonej do szk\u00f3\u0142 pod oszuka\u0144czym has\u0142em r\u00f3wno\u015bci\u201d- informuje PAP.<\/p>\r\n<p>Kandydat na prezydenta Gda\u0144ska podkre\u015bli\u0142, \u017ce jest politykiem niezale\u017cnym. Doda\u0142, \u017ce je\u015bli zostanie wybrany na prezydenta miasta, \u201edokona demonta\u017cu\u201d uk\u0142adu panuj\u0105cego w stolicy Pomorza. Wg Brauna aktualnie Gda\u0144sk to \u201eznane \u017cerowisko mafii, s\u0142u\u017cb i l\u00f3\u017c\u201d, w kt\u00f3re \u201euwik\u0142ani s\u0105 przedstawiciele elity gda\u0144skiej\u201d.<\/p>\r\n<p><span class=\"s3\"><span class=\"s1\">&#8211;<\/span>\u00a0Przyk\u0142adem ob\u0142\u0119du i ha\u0144by jest fakt, i\u017c port lotniczy w tym mie\u015bcie dalej nosi imi\u0119 cz\u0142owieka, kt\u00f3ry za pieni\u0105dze donosi\u0142 sowieckiej bezpiece na w\u0142asnych koleg\u00f3w\u00a0<span class=\"s1\">&#8211;<\/span> powiedzia\u0142 Braun, nawi\u0105zuj\u0105c do nazwy gda\u0144skiego lotniska, nosz\u0105cego imi\u0119 Lecha Wa\u0142\u0119sy. <\/span><\/p>\r\n<p>Warto przypomnie\u0107, \u017ce podczas rozmowy z portalem onet.pl, Grzegorz Braun zapewni\u0142, \u017ce b\u0119dzie d\u0105\u017cy\u0142 do utrzymania jednoznaczno\u015bci przynale\u017cno\u015bci pa\u0144stwowej Gda\u0144ska do Rzeczpospolitej. \u201e\u0179adnych szkodliwych uroje\u0144 o reaktywacji Wolnego Miasta Gda\u0144ska, \u017cadnej Rzeczpospolitej Przyjaci\u00f3\u0142 Polin prezydenta Dudy. Tych rzeczy za moich kadencji w Gda\u0144sku pa\u0144stwo nie zobaczycie\u201d &#8211; t\u0142umaczy.<\/p>\r\n<p>Portal Onet.pl dopytywa\u0142 r\u00f3wnie\u017c Grzegorza Brauna o jego zwi\u0105zki z Gda\u0144skiem. Re\u017cyser odpowiedzia\u0142, \u017ce jak ka\u017cdy normalny Polak, jest bardzo przywi\u0105zany do tego miasta ze wzgl\u0119du na jego tradycje i histori\u0119. \u201eGda\u0144sk to jest miasto symbol, do kt\u00f3rego wszyscy normalni Polacy si\u0119 przyznaj\u0105. I\u00a0do gda\u0144skiego Sierpnia\u00a0i do gda\u0144skiego Wrze\u015bnia. Ka\u017cdy normalny, tradycyjnie my\u015bl\u0105cy Polak przyznaje si\u0119 do Gda\u0144ska. Problem w tym, \u017ce nie wszyscy obecni gda\u0144szczanie przyznaj\u0105 si\u0119 do Polski. Temu r\u00f3wnie\u017c zamierzam postawi\u0107 tam\u0119\u201d &#8211; podkre\u015bli\u0142 Braun.<\/p>\r\n<p>\u0179r\u00f3d\u0142o: wp.pl, onet.pl, PCh24.pl<\/p>\r\n<p>WMa<\/p>\r\n<p class=\"zrodlo\">Za: <a href=\"https:\/\/www.pch24.pl\/grzegorz-braun--nie-dla-teczowego-gdanska-i-seksualizacji-zycia-publicznego,65999,i.html\">PoloniaChristiana &#8211; pch24.pl (2019-02-07)<\/a><\/p>\r\n<h4>\u00a0<\/h4>\r\n<hr style=\"background-color: #000000; border-width: 0; color: #000000; height: 2px; line-height: 0; text-align: center; width: 100%;\" \/>\r\n<h4>\u00a0<\/h4>","protected":false},"excerpt":{"rendered":"\u201ePolska bynajmniej nie wsta\u0142a z kolan &#8211; tylko zmieni\u0142a kl\u0119cznik. Dop\u00f3ki JE ambasador Mosbacher i JE ambasador Azari urz\u0119duj\u0105 w Warszawie, miast ju\u017c dawno opu\u015bci\u0107 j\u0105 w charakterze \u201epersona non grata\u201d &#8211; nie ma o czym m\u00f3wi\u0107\u201d &#8211; powiedzia\u0142 w wywiadzie dla MP Grzegorz Braun, re\u017cyser i publicysta. W nowym roku do\u0142\u0105czy\u0142 Pan do koalicji [&hellip;]","protected":false},"author":1,"featured_media":0,"comment_status":"closed","ping_status":"closed","sticky":false,"template":"","format":"standard","meta":{"_acf_changed":false,"_monsterinsights_skip_tracking":false,"ngg_post_thumbnail":0,"footnotes":"","_wp_rev_ctl_limit":""},"categories":[9],"tags":[65,344,22,26,98,53],"acf":[],"_links":{"self":[{"href":"https:\/\/www.bibula.com\/index.php?rest_route=\/wp\/v2\/posts\/106591"}],"collection":[{"href":"https:\/\/www.bibula.com\/index.php?rest_route=\/wp\/v2\/posts"}],"about":[{"href":"https:\/\/www.bibula.com\/index.php?rest_route=\/wp\/v2\/types\/post"}],"author":[{"embeddable":true,"href":"https:\/\/www.bibula.com\/index.php?rest_route=\/wp\/v2\/users\/1"}],"replies":[{"embeddable":true,"href":"https:\/\/www.bibula.com\/index.php?rest_route=%2Fwp%2Fv2%2Fcomments&post=106591"}],"version-history":[{"count":1,"href":"https:\/\/www.bibula.com\/index.php?rest_route=\/wp\/v2\/posts\/106591\/revisions"}],"predecessor-version":[{"id":118973,"href":"https:\/\/www.bibula.com\/index.php?rest_route=\/wp\/v2\/posts\/106591\/revisions\/118973"}],"wp:attachment":[{"href":"https:\/\/www.bibula.com\/index.php?rest_route=%2Fwp%2Fv2%2Fmedia&parent=106591"}],"wp:term":[{"taxonomy":"category","embeddable":true,"href":"https:\/\/www.bibula.com\/index.php?rest_route=%2Fwp%2Fv2%2Fcategories&post=106591"},{"taxonomy":"post_tag","embeddable":true,"href":"https:\/\/www.bibula.com\/index.php?rest_route=%2Fwp%2Fv2%2Ftags&post=106591"}],"curies":[{"name":"wp","href":"https:\/\/api.w.org\/{rel}","templated":true}]}}