{"id":106557,"date":"2019-02-05T17:30:09","date_gmt":"2019-02-05T22:30:09","guid":{"rendered":"http:\/\/www.bibula.com\/?p=106557"},"modified":"2019-02-05T17:30:09","modified_gmt":"2019-02-05T22:30:09","slug":"grzegorz-braun-zlozyl-wniosek-do-sadu-najwyzszego-chodzi-o-zlamanie-procedur-wyborczych","status":"publish","type":"post","link":"https:\/\/www.bibula.com\/?p=106557","title":{"rendered":"Grzegorz Braun z\u0142o\u017cy\u0142 wniosek do S\u0105du Najwy\u017cszego. Chodzi o z\u0142amanie procedur wyborczych"},"content":{"rendered":"<p><strong>\u201eKomitet Wyborczy Wyborc\u00f3w Grzegorza Brauna z\u0142o\u017cy\u0142 we wtorek skarg\u0119 do S\u0105du Najwy\u017cszego na uchwa\u0142\u0119 PKW, kt\u00f3ra pozwala na uznanie za wa\u017cne podpis\u00f3w poparcia zbieranych w wyborach na prezydenta Gda\u0144ska przez komitet wyborczy Aleksandry Dulkiewicz, po zmianie nazwy jej komitetu\u201d, informuje portal gazetaprawna.pl.<\/strong><\/p>\r\n<p>Po \u015bmierci prezydenta Gda\u0144ska, Paw\u0142a Adamowicza, wybory uzupe\u0142niaj\u0105ce zosta\u0142y zaplanowane na 3 marca. Faworytem w tej walce wyborczej jest Aleksandra Dulkiewicz, pierwszy zast\u0119pca Adamowicza niejako \u201enaznaczona\u201d do zaj\u0119cia wakatu.<\/p>\r\n<p>S\u0119k w tym, \u017ce jej kandydatura mog\u0142a zosta\u0107 zg\u0142oszona nielegalnie. Jak wyja\u015bni\u0142 Braun, kt\u00f3ry kandyduje na urz\u0105d prezydenta Gda\u0144ska, komitet, kt\u00f3ry popiera Dulkiewicz i zbiera dla niej podpisy zosta\u0142 zarejestrowany niew\u0142a\u015bciwie.<\/p>\r\n<p>Chodzi o zbie\u017cno\u015b\u0107 nazwy Komitetu Wyborczego Wyborc\u00f3w \u201eWszystko Dla Gda\u0144ska\u201d to\u017csamej z nazw\u0105 stowarzyszenia \u201eWszystko dla Gda\u0144ska\u201d. Wedle Brauna art. 95 par. 3 Kodeksu wyborczego na to nie pozwala. Bowiem m\u00f3wi wyra\u017anie, \u017ce \u201enazwa i skr\u00f3t nazwy komitetu wyborczego wyborc\u00f3w musz\u0105 by\u0107 r\u00f3\u017cne od nazw lub skr\u00f3tu nazw partii politycznych lub organizacji, wpisanych odpowiednio do ewidencji lub rejestru, prowadzonych przez w\u0142a\u015bciwy organ\u201d.<\/p>\r\n<p>We wtorek pe\u0142nomocnik Komitetu Wyborczego Wyborc\u00f3w Grzegorza Brauna W\u0142odzimierz Skalik poinformowa\u0142 media, \u017ce z\u0142o\u017cy\u0142 do S\u0105du Najwy\u017cszego skarg\u0119 na poniedzia\u0142kowa uchwa\u0142\u0119 podj\u0119ta przez PKW. Zdaniem Skalika ta uchwa\u0142a zosta\u0142a \u201epodj\u0119ta z naruszeniem prawa, zw\u0142aszcza w cz\u0119\u015bci, w kt\u00f3rej PKW nakaza\u0142o akceptowa\u0107 podpisy, pod zmienian\u0105 nazw\u0105 komitetu wyborczego Aleksandry Dulkiewicz, kt\u00f3ry dotychczas funkcjonowa\u0142 jako Komitet Wyborczy Wyborc\u00f3w <em>Wszystko dla Gda\u0144ska<\/em>\u201d.<\/p>\r\n<p>Jak doda\u0142: \u201efakt z\u0142o\u017cenia skargi wstrzymuje realizacj\u0119 uchwa\u0142y PKW, kt\u00f3ra powinna zosta\u0107 niezw\u0142ocznie uniewa\u017cniona przez S\u0105d Najwy\u017cszy\u201d.<\/p>\r\n<p>Z kolei Grzegorz Braun podkre\u015bli\u0142, \u017ce skarga dotyczy \u201enie dzia\u0142a\u0144 Aleksandry Dulkiewicz, ale uchwa\u0142y PKW\u201d. &#8211; <em>Podpisy zbierane na ca\u0142kiem inny komitet maj\u0105 by\u0107 zaliczone w poczet wymaganej do zatwierdzenia przez kandydata dokumentacji, kiedy b\u0119dzie t\u0119 dokumentacj\u0119 sk\u0142ada\u0142 nowy komitet, pod nowa nazw\u0105. Ta decyzja nie ma precedensu i (&#8230;) podstawy w prawie polskim. To jest wynalazek PKW<\/em> &#8211; doda\u0142.<\/p>\r\n<p>\u0179r\u00f3d\u0142o: gazetaprawna.pl<\/p>\r\n<p>TK<\/p>","protected":false},"excerpt":{"rendered":"\u201eKomitet Wyborczy Wyborc\u00f3w Grzegorza Brauna z\u0142o\u017cy\u0142 we wtorek skarg\u0119 do S\u0105du Najwy\u017cszego na uchwa\u0142\u0119 PKW, kt\u00f3ra pozwala na uznanie za wa\u017cne podpis\u00f3w poparcia zbieranych w wyborach na prezydenta Gda\u0144ska przez komitet wyborczy Aleksandry Dulkiewicz, po zmianie nazwy jej komitetu\u201d, informuje portal gazetaprawna.pl. Po \u015bmierci prezydenta Gda\u0144ska, Paw\u0142a Adamowicza, wybory uzupe\u0142niaj\u0105ce zosta\u0142y zaplanowane na 3 marca. [&hellip;]","protected":false},"author":1,"featured_media":0,"comment_status":"closed","ping_status":"closed","sticky":false,"template":"","format":"standard","meta":{"_acf_changed":false,"_monsterinsights_skip_tracking":false,"_monsterinsights_sitenote_active":false,"_monsterinsights_sitenote_note":"","_monsterinsights_sitenote_category":0,"ngg_post_thumbnail":0,"footnotes":"","_wp_rev_ctl_limit":""},"categories":[8],"tags":[147,344,98],"acf":[],"_links":{"self":[{"href":"https:\/\/www.bibula.com\/index.php?rest_route=\/wp\/v2\/posts\/106557"}],"collection":[{"href":"https:\/\/www.bibula.com\/index.php?rest_route=\/wp\/v2\/posts"}],"about":[{"href":"https:\/\/www.bibula.com\/index.php?rest_route=\/wp\/v2\/types\/post"}],"author":[{"embeddable":true,"href":"https:\/\/www.bibula.com\/index.php?rest_route=\/wp\/v2\/users\/1"}],"replies":[{"embeddable":true,"href":"https:\/\/www.bibula.com\/index.php?rest_route=%2Fwp%2Fv2%2Fcomments&post=106557"}],"version-history":[{"count":0,"href":"https:\/\/www.bibula.com\/index.php?rest_route=\/wp\/v2\/posts\/106557\/revisions"}],"wp:attachment":[{"href":"https:\/\/www.bibula.com\/index.php?rest_route=%2Fwp%2Fv2%2Fmedia&parent=106557"}],"wp:term":[{"taxonomy":"category","embeddable":true,"href":"https:\/\/www.bibula.com\/index.php?rest_route=%2Fwp%2Fv2%2Fcategories&post=106557"},{"taxonomy":"post_tag","embeddable":true,"href":"https:\/\/www.bibula.com\/index.php?rest_route=%2Fwp%2Fv2%2Ftags&post=106557"}],"curies":[{"name":"wp","href":"https:\/\/api.w.org\/{rel}","templated":true}]}}