{"id":106553,"date":"2019-02-05T11:03:37","date_gmt":"2019-02-05T16:03:37","guid":{"rendered":"http:\/\/www.bibula.com\/?p=106553"},"modified":"2019-02-05T11:03:37","modified_gmt":"2019-02-05T16:03:37","slug":"po-cienkim-lodzie-stapanie-na-marginiesie-deklaracji-papiesko-imamskiej-arkadiusz-jakubczyk","status":"publish","type":"post","link":"https:\/\/www.bibula.com\/?p=106553","title":{"rendered":"Po cienkim lodzie st\u0105panie (na marginiesie deklaracji papiesko \u2013 imamskiej) &#8211; <em>Arkadiusz Jakubczyk<\/em>"},"content":{"rendered":"<p><strong>\u015awiat katolicki ponownie znajduje si\u0119 w stanie podniesionej do zenitu gor\u0105czki. Osobi\u015bcie niejednokrotnie ju\u017c pisa\u0142em o niekt\u00f3rych wyst\u0105pieniach papie\u017ca. Nadal uwa\u017cam, \u017ce nazbyt wylewna krytyka publiczna nast\u0119pcy piotrowego jest dla nas, piechur\u00f3w ko\u015bcielnych, niewskazana. Tym razem jestem jednak ponownie zmuszony do wyst\u0105pienia z szeregu. <\/strong><\/p>\r\n<p>\u00c5\u00b9r\u00f3d\u0142em naszej najnowszej bol\u0105czki jest papieska pielgrzymka do kraj\u00f3w arabskich, a tak\u017ce deklaracja, kt\u00f3rej Ojciec \u015awi\u0119ty by\u0142 wczoraj kosygnatariuszem (obok wielkiego imama Al &#8211; Azhar) w szczeg\u00f3lno\u015bci. Dlaczego?<\/p>\r\n<p>Owa deklaracja uznaje bowiem, \u017ce <em>\u201ewolno\u015b\u0107 religijna jest prawem ka\u017cdej osoby: ka\u017cdy jest obdarzony wolno\u015bci\u0105 wyznania, my\u015bli, wyra\u017cania jej i praktykowania. Pluralizm i r\u00f3\u017cnorodno\u015b\u0107 religii, koloru, p\u0142ci, rasy i j\u0119zyka s\u0105 wyrazem m\u0105drej Woli Boga. I z Bo\u017cej M\u0105dro\u015bci wyp\u0142ywa prawo do wolno\u015bci wyznania oraz wolno\u015b\u0107 w r\u00f3\u017cnieniu si\u0119 pomi\u0119dzy sob\u0105. Dlatego odrzuca si\u0119 wszelkie pr\u00f3by zmuszania ludzi do przyjmowania okre\u015blonej religii oraz kultury, podobnie jak narzucenie jednego modelu cywiliazcji, kt\u00f3rego inni nie akceptuj\u0105<\/em>\u201d. Jak\u017ce odmienn\u0105 jest ta proklamacja od s\u0142\u00f3w Grzegorza XVI kt\u00f3ry pisa\u0142: \u201e<em>Z tego to zatrutego \u017ar\u00f3d\u0142a indyferentyzmu pochodzi owa fa\u0142szywa i absurdalna maksyma, albo raczej majaczenie, \u017ce wolno\u015b\u0107 sumienia winna by\u0107 nadana i zagwarantowana ka\u017cdemu. B\u0142\u0105d ten nale\u017cy do najbardziej zara\u017aliwych, a drog\u0119 mu przeciera owa wolno\u015b\u0107 wyra\u017cania opinii, absolutna i bez ogranicze\u0144, kt\u00f3ra, dla zniszczenia Ko\u015bcio\u0142a i pa\u0144stwa, wsz\u0119dzie si\u0119 szerzy&#8221;<\/em>. Reszta dokumentu odnosi si\u0119 do wsp\u00f3lnej (jak\u017ce szlachetnej) walki chrze\u015bcijan i mahometan w obronie \u017cycia, sprzeciwu wobec eutanazji i og\u00f3lnie wojuj\u0105cych si\u0142 \u015bwieckich w ich wojnie z religi\u0105.<\/p>\r\n<p><strong>Jak wiemy, chrze\u015bcijanie s\u0105 wezwani do nawracania na wiar\u0119 w Chrystusa wszystkich niewierz\u0105cych, w tym muzu\u0142man\u00f3w. To niepodwarzalny fundament naszej ziemskiej tu\u0142aczki. &nbsp;Jak tedy rozumie\u0107 powy\u017cszy punkt tego niefortunnego dokumentu? No w\u0142a\u015bnie, spr\u00f3buj\u0119 to wyja\u015bni\u0107 aby samemu nie zwariowa\u0107.<\/strong><\/p>\r\n<p>Zacznijmy od kilku definicji. Niekt\u00f3rzy definiuj\u0105 islam jako jedn\u0105 z trzech religii monoteistycznych. Religi wyrastaj\u0105cych z korzenia abrahamowego. Inni jako idelogi\u0119 wr\u0119cz srticte polityczn\u0105. Ja z kolei uwa\u017cam islam za herezj\u0119. Drug\u0105 z najwa\u017cniejszych po judaizmie talmudycznym. Znakomity Hilaire Belloc zawsze podkre\u015bla\u0142 \u017ce w swej istocie islam jest bezpo\u015bredni\u0105 pochodn\u0105 od Ko\u015bcio\u0142a katolickiego. Cz\u0142owiek, kt\u00f3ry go stworzy\u0142 (bo islam, w stopniu znacznie wi\u0119kszym od innych fa\u0142szywych wiar, w istocie jest tworem jednego cz\u0142owieka) by\u0142 m\u0142odym, prostym kupcem z jednego z pustynnych miast. \u015awiat kt\u00f3ry zna\u0142, kt\u00f3ry go otacza\u0142, by\u0142 \u015bwiatem katolickim.<em> \u201eTen \u015bwiat by\u0142 stabilny, spokojny, i chocia\u017c nadal przechodzi\u0142 proces transformacji, to chrze\u015bcija\u0144skie Cesarstwo rzymskie rozci\u0105ga\u0142o si\u0119 od kana\u0142u La Manche po granice jego pustyni.\u201d &#8222;C\u00f3\u017c takiego zrobi\u0142 Mohamet? &#8211; <\/em>pyta dalej Belloc?<em> &#8211; Spo\u017cytkowa\u0142 on g\u0142\u00f3wne doktryny Ko\u015bcio\u0142a katolickiego tj. jednego osobowego Boga, Stw\u00f3rc\u0119 wszystkich rzeczy, nie\u015bmiertelno\u015b\u0107 duszy, wieczno\u015b\u0107 n\u0119dzy lub b\u0142ogos\u0142awie\u0144stwa &#8211; i niema\u0142\u0105 cz\u0119\u015b\u0107 moralno\u015bci chrze\u015bcija\u0144skiej \u2026 w tym samym czasie poddaj\u0105c je skrajnemy zubo\u017ceniu. Wielu innych herezjarch\u00f3w dopu\u015bci\u0142o si\u0119 tego samego, wyrzucaj\u0105c za burt\u0119 te i owe, zbyt g\u0142\u0119bokie, doktryny, w celu dotarcia do ludzi mniej inteligentnych, pozbywaj\u0105c si\u0119 tajemnic poprzez ich surowe zaprzeczenie.\u201d <\/em>Ci\u0119\u017cko temu zaprzeczy\u0107.<\/p>\r\n<p>Stosunek mahometan do chrze\u015bcija\u0144stwa nie jest jednoznaczny. Z jednej strony mamy szacunek (szczeg\u00f3lnie do zakonnik\u00f3w) jako &#8222;ludzi Ksi\u0119gi\u201d. Z drugiej strony, Jezus jest tylko cz\u0142owiekiem, a chrze\u015bcijanie razem z \u017bydami zafa\u0142szowali \u015awi\u0119te Ksi\u0119gi. Dopuszczalna te\u017c jest taka interpretacja Koranu, w kt\u00f3rej chrze\u015bcijanie s\u0105 niewiernymi, a muzu\u0142manin ma prawo si\u0142\u0105 zmusza\u0107 ich do przyj\u0119cia prawdziwej wiary. A zatem islam, jak ka\u017cda inna forma protestu wobec katolicyzmu, to ca\u0142y wachlarz doktryn i praktyk.<\/p>\r\n<p>Osobi\u015bcie mog\u0119 doda\u0107 \u017ce znam wielu wyznawc\u00f3w allaha i nie jest mi obce ich zr\u00f3\u017cnicowanie.<\/p>\r\n<p>Pami\u0119taj\u0105c o tym podkre\u015bli\u0107 nale\u017cy tak\u017ce, \u017ce \u015bwiat duchowy, religijny posiada dzisiaj innego, wsp\u00f3lnego wroga. Nie jest nim garstka zradykalizowanych aborcjonistek lub antifa (b\u0119d\u0105cy odpowiednikami tzw. islamist\u00f3w) raczej prawnie zatwierdzone prawa aborcyjne, zlaicyzowane rz\u0105dy i parlamenty, pseudo-prawa cz\u0142owieka, seksualizacja dzieci w szko\u0142ach, wykrzywione r\u00f3wnouprawnienie i banksterstwo. Czy w tej sytuacji ma\u0142o rozs\u0105dnym jest szukanie porozumienia i wsp\u00f3lnych warto\u015bci &#8211; korzeni z lud\u017ami kt\u00f3rzy podobnie jak my stoj\u0105 w opozycji do Lewiatana? Kt\u00f3rzy wierz\u0105 w Boga &#8211; jakkolwiek b\u0142\u0119dnie? Czy lepszym rozwi\u0105zaniem jest walka ze wszystkimi na wszystkich frontach w tym samym czasie?<\/p>\r\n<p>Muzu\u0142manie s\u0105 naszymi sojusznikami w sporach z demoliberalnym be\u0142kotem. Pami\u0119tajmy tak\u017ce \u017ce ostra i otwarta krytyka islamu to n\u00f3\u017c na gardle chrze\u015bcijan mieszkaj\u0105cych w bisurma\u0144skich krajach. Jak dla mnie te dwa powody usprawiedliwiaj\u0105 Ko\u015bci\u00f3\u0142 i jego starania aby pozostawa\u0107 w dobrych stosunkach ze \u015bwiatem islamu.<\/p>\r\n<p>Czy deklaracja podpisana przez Papie\u017ca jest dokumentem doktrynalnym? Czy, gdyby\u015bmy nie \u017cyli w epoce b\u0142yskawicznych \u015brodk\u00f3w masowego przekazu mia\u0142by ten dokument jakikolwiek wp\u0142yw na pobo\u017cnego pana Jana z Suchej Doli? Czy Papie\u017c zachowuje si\u0119 ryzykownie? Czy st\u0105pa po cienkim lodzie? Zapewne! Czy co\u015b takiego jak aprobacja b\u0142\u0119dnie poj\u0119tej wolno\u015bci religijnej znajduj\u0105ca si\u0119 na papierze podpisanym przez Wikariusza Chrystusowego wzbudza we mnie fal\u0119 negatywnych emocji &#8211; tak. &nbsp;Ale czy ten sam dokument zakazuje pokojowego i przekonuj\u0105cego w dyskursie argumentatywnym nawracaniu? O dawaniu przyk\u0142adu do na\u015bladowania? O nauczaniu S\u0142owa? Nie. Czy Ko\u015bci\u00f3\u0142 nawraca\u0142 kiedy\u015b inaczej, czy nawraca\u0142 pod przymusem? Gro\u017ab\u0105 \u015bmierci? Nie.<\/p>\r\n<p>Co roku w Afryce ok. 6 mln muzu\u0142man\u00f3w przechodzi na chrze\u015bcija\u0144stwo. Radykalny islam, islam w og\u00f3le mo\u017ce unieszkodliwi\u0107 tylko i wy\u0142\u0105cznie wy\u017cszo\u015b\u0107 w dyskursie i Prawda.<\/p>\r\n<p>Czy papa Franciszek jest pierwszym tak bulwersuj\u0105cym nas papie\u017cem? Jak pisa\u0142 lata temu Belloc &#8211; \u201e<em>Ko\u015bci\u00f3\u0142 katolicki jest instytucj\u0105, kt\u00f3r\u0105 jestem zobowi\u0105zany (jako katolik &#8211; aj) uwa\u017ca\u0107 za bosk\u0105, ale dla niewierz\u0105cych dowodem jej bosko\u015bci mo\u017ce by\u0107 fakt, \u017ce \u017cadna inna ludzka instytucja prowadzona z tak \u0142otrowskim imbecylizmem nie przetrwa\u0142aby d\u0142u\u017cej jak dwa tygodnie\u201d &#8211; <\/em>a wi\u0119c raczej nie.<\/p>\r\n<p><strong>W swej roztropno\u015bci&nbsp;powinni\u015bmy st\u0105pa\u0107 ostro\u017cnie. Wiedzmy te\u017c, \u017ce ka\u017cdy pontyfikat dobiega ko\u0144ca, a jak naucza\u0142 \u015bw. <\/strong><strong>Augustyn &#8211; \u201eCierpliwo\u015b\u0107 jest towarzyszem m\u0105dro\u015bci\u201d.<\/strong><\/p>\r\n<p><strong><em>Arkadiusz Jakubczyk<\/em><\/strong><\/p>","protected":false},"excerpt":{"rendered":"\u015awiat katolicki ponownie znajduje si\u0119 w stanie podniesionej do zenitu gor\u0105czki. Osobi\u015bcie niejednokrotnie ju\u017c pisa\u0142em o niekt\u00f3rych wyst\u0105pieniach papie\u017ca. Nadal uwa\u017cam, \u017ce nazbyt wylewna krytyka publiczna nast\u0119pcy piotrowego jest dla nas, piechur\u00f3w ko\u015bcielnych, niewskazana. Tym razem jestem jednak ponownie zmuszony do wyst\u0105pienia z szeregu. \u00c5\u00b9r\u00f3d\u0142em naszej najnowszej bol\u0105czki jest papieska pielgrzymka do kraj\u00f3w arabskich, a [&hellip;]","protected":false},"author":1,"featured_media":0,"comment_status":"closed","ping_status":"closed","sticky":false,"template":"","format":"standard","meta":{"_acf_changed":false,"_monsterinsights_skip_tracking":false,"_monsterinsights_sitenote_active":false,"_monsterinsights_sitenote_note":"","_monsterinsights_sitenote_category":0,"ngg_post_thumbnail":0,"footnotes":"","_wp_rev_ctl_limit":""},"categories":[3],"tags":[301,70,33],"acf":[],"_links":{"self":[{"href":"https:\/\/www.bibula.com\/index.php?rest_route=\/wp\/v2\/posts\/106553"}],"collection":[{"href":"https:\/\/www.bibula.com\/index.php?rest_route=\/wp\/v2\/posts"}],"about":[{"href":"https:\/\/www.bibula.com\/index.php?rest_route=\/wp\/v2\/types\/post"}],"author":[{"embeddable":true,"href":"https:\/\/www.bibula.com\/index.php?rest_route=\/wp\/v2\/users\/1"}],"replies":[{"embeddable":true,"href":"https:\/\/www.bibula.com\/index.php?rest_route=%2Fwp%2Fv2%2Fcomments&post=106553"}],"version-history":[{"count":0,"href":"https:\/\/www.bibula.com\/index.php?rest_route=\/wp\/v2\/posts\/106553\/revisions"}],"wp:attachment":[{"href":"https:\/\/www.bibula.com\/index.php?rest_route=%2Fwp%2Fv2%2Fmedia&parent=106553"}],"wp:term":[{"taxonomy":"category","embeddable":true,"href":"https:\/\/www.bibula.com\/index.php?rest_route=%2Fwp%2Fv2%2Fcategories&post=106553"},{"taxonomy":"post_tag","embeddable":true,"href":"https:\/\/www.bibula.com\/index.php?rest_route=%2Fwp%2Fv2%2Ftags&post=106553"}],"curies":[{"name":"wp","href":"https:\/\/api.w.org\/{rel}","templated":true}]}}