{"id":10653,"date":"2009-06-24T13:47:23","date_gmt":"2009-06-24T18:47:23","guid":{"rendered":"http:\/\/www.bibula.com\/?p=10653"},"modified":"2009-06-24T13:47:23","modified_gmt":"2009-06-24T18:47:23","slug":"ks-weksler-waszkinel-jedzie-do-izraela","status":"publish","type":"post","link":"https:\/\/www.bibula.com\/?p=10653","title":{"rendered":"Ks. Weksler-Waszkinel jedzie do Izraela"},"content":{"rendered":"<p><strong><span>Po trwaj\u0105cych wiele miesi\u0119cy staraniach Izrael przyzna\u0142 ksi\u0119dzu Romualdowi Weksler-Waszkinelowi prawo do dwuletniego pobytu. O tym, aby pozwolono mu dokona\u0107 tak zwanej alii, czyli \u201epowrotu do kraju przodk\u00f3w\u201d (co wi\u0105\u017ce si\u0119 z natychmiastowym przyznaniem mu izraelskiego obywatelstwa), nie ma jednak mowy. <\/span><\/strong><\/p>\r\n\r\n<p>Zgodnie z przepisami mog\u0105 to zrobi\u0107 tylko \u017bydzi, kt\u00f3rzy nie przyj\u0119li innej religii ni\u017c judaistyczna &#8211; opisuje na \u0142amach Rzeczpospolitej Piotr Zychowicz. <br \/>\r\n <br \/>\r\n&#8211; Zgoda na dwuletni pobyt to i tak ze strony Pa\u0144stwa Izrael du\u017ce ust\u0119pstwo wobec ksi\u0119dza. To efekt tego, \u017ce w jego sprawie interweniowa\u0142o wiele izraelskich osobisto\u015bci. Ma te\u017c za sob\u0105 ca\u0142e \u015brodowisko polskich \u017byd\u00f3w. Ksi\u0105dz jednak doskonale wiedzia\u0142, \u017ce jego pro\u015bba o uzyskanie obywatelstwa zostanie odrzucona &#8211; m\u00f3wi chc\u0105cy zachowa\u0107 anonimowo\u015b\u0107 przedstawiciel Agencji \u017bydowskiej, instytucji organizuj\u0105cej emigracj\u0119 \u017byd\u00f3w do Izraela. <br \/>\r\n <br \/>\r\nDlaczego Izrael nie chce przyznawa\u0107 obywatelstwa \u017bydom, kt\u00f3rzy przyj\u0119li chrze\u015bcija\u0144stwo? &#8211; dr\u0105\u017cy Zychowicz. &#8222;Podstawow\u0105 przyczyn\u0105 jest obawa przed dzia\u0142alno\u015bci\u0105 misyjn\u0105, przed tym, \u017ce mog\u0105 pr\u00f3bowa\u0107 nawraca\u0107 innych \u017byd\u00f3w. Nieoficjalnie m\u00f3wi si\u0119 r\u00f3wnie\u017c o \u201ewielu wiekach chrze\u015bcija\u0144skiego antyjudaizmu\u201d. Co ciekawe, opr\u00f3cz \u017byd\u00f3w, kt\u00f3rzy stali si\u0119 wyznawcami innych religii, alii nie mog\u0105 dokona\u0107 tylko przest\u0119pcy oraz osoby cierpi\u0105ce na wyj\u0105tkowo zaka\u017ane choroby&#8221; &#8211; czytamy. <br \/>\r\n <br \/>\r\n&#8211; Jestem bardzo wdzi\u0119czny Izraelowi za to, \u017ce przyjmie mnie na dwa lata. To b\u0119dzie dla mnie wielkie prze\u017cycie. B\u0119d\u0119 m\u00f3g\u0142 zamieszka\u0107 w kraju moich przodk\u00f3w. Pozna\u0107 \u017cydowskie obyczaje, kultur\u0119 i j\u0119zyk. Od razu po przyje\u017adzie rozpoczynam nauk\u0119 hebrajskiego! &#8211; deklaruje ksi\u0105dz Weksler-Waszkinel. Do Izraela zamierza wyjecha\u0107 na jesieni wraz z rozpocz\u0119ciem nowego roku akademickiego. <br \/>\r\n <br \/>\r\nKs. Weksler-Waszkinel w zesz\u0142ym roku przeszed\u0142 na emerytur\u0119. Wcze\u015bniej przez wiele lat wyk\u0142ada\u0142 na Katolickim Uniwersytecie Lubelskim i dzia\u0142a\u0142 na rzecz pojednania i dialogu katolicko-\u017cydowskiego. &#8211; I miejmy nadziej\u0119, \u017ce b\u0119dzie to robi\u0142 dalej. Tyle \u017ce w Izraelu &#8211; m\u00f3wi naczelny rabin RP Michael Schudrich, kt\u00f3ry pomaga ksi\u0119dzu w staraniach o obywatelstwo. &#8211; Pa\u0144stwo nie powinno mu robi\u0107 problem\u00f3w, poniewa\u017c o tym, \u017ce jest \u017bydem, dowiedzia\u0142 si\u0119 ju\u017c po tym, jak zosta\u0142 katolickim ksi\u0119dzem. Od pocz\u0105tku by\u0142 wychowywany jako katolik, nie ma wi\u0119c mowy o \u017cadnym nawr\u00f3ceniu &#8211; doda\u0142 rabin Schudrich. W \u201eprawie powrotu\u201d napisane jest bowiem, \u017ce emigrowa\u0107 do Izraela nie mog\u0105 osoby, kt\u00f3re \u201edobrowolnie zmieni\u0142y religi\u0119\u201d. <br \/>\r\n <br \/>\r\nKs. Weksler-Waszkinel urodzi\u0142 si\u0119 w 1943 roku na terenie getta w Starych \u015awi\u0119cianach na Wile\u0144szczy\u017anie. Jego matka przed wys\u0142aniem jej przez Niemc\u00f3w do obozu zag\u0142ady zd\u0105\u017cy\u0142a przekaza\u0107 dziecko Polce, pani Emilii Waszkinelowej. Ta na pocz\u0105tku ba\u0142a si\u0119 przyj\u0105\u0107 ch\u0142opca. \u201eWierzysz w Jezusa, kt\u00f3ry by\u0142 \u017bydem. W imi\u0119 tej wiary uratuj to \u017cydowskie dziecko, a ono kiedy\u015b zostanie katolickim ksi\u0119dzem\u201d &#8211; mia\u0142a powiedzie\u0107 \u017cydowska matka. I tak si\u0119 sta\u0142o. Romuald Waszkinel w 1966 roku otrzyma\u0142 \u015bwi\u0119cenia kap\u0142a\u0144skie. Przez d\u0142ugie lata nie wiedzia\u0142 nic o swoim pochodzeniu. Pani Emilia powiedzia\u0142a mu o tym, dopiero gdy mia\u0142 35 lat. Kolejne 14 lat zaj\u0119\u0142o mu ustalenie nazwisk biologicznych rodzic\u00f3w. Jakub Weksler zosta\u0142 prawdopodobnie zamordowany podczas marszu \u015bmierci z KL Stuthoff, a Batia Weksler zgin\u0119\u0142a w komorze gazowej w Sobiborze. Wraz z ni\u0105 zgin\u0105\u0142 kilkuletni brat przysz\u0142ego ksi\u0119dza Samuel. &#8211; To wszystko g\u0142\u0119boko mn\u0105 wstrz\u0105sn\u0119\u0142o. Wcze\u015bniej nie by\u0142em specjalnie dobrze nastawiony do \u017byd\u00f3w, by\u0107 mo\u017ce w\u0142a\u015bnie dlatego mama tak d\u0142ugo mi o niczym nie m\u00f3wi\u0142a. Wykszta\u0142cony w PRL przez wiele lat nie wiedzia\u0142em nawet, \u017ce by\u0142o co\u015b takiego jak Holokaust. M\u00f3j wyjazd do Izraela jest wi\u0119c powrotem \u017cydowskiego dziecka do domu. Co prawda troch\u0119 mi to zaj\u0119\u0142o, mam ju\u017c 66 lat, ale wierz\u0119, \u017ce tak mi jest pisane &#8211; podkre\u015bli\u0142 ks. Weksler-Waszkinel. <br \/>\r\n <br \/>\r\nKsi\u0105dz jeszcze nie ma konkretnych plan\u00f3w zwi\u0105zanych ze swoim wyjazdem do Izraela. Nie wyklucza, \u017ce zg\u0142osi si\u0119 do instytutu Yad Vashem, gdzie m\u00f3g\u0142by pracowa\u0107 jako wolontariusz. W swoje szeregi chcia\u0142aby go r\u00f3wnie\u017c przyj\u0105\u0107 tamtejsza wsp\u00f3lnota katolicka j\u0119zyka hebrajskiego. <br \/>\r\n <br \/>\r\n&#8211; Gdy z nim rozmawia\u0142em, powiedzia\u0142em mu, \u017ceby przed wyjazdem do Izraela nie sprzedawa\u0142 domu w Polsce. Obawiam si\u0119, \u017ce jego wyobra\u017cenia i nadzieje mog\u0105 w bolesny spos\u00f3b zderzy\u0107 si\u0119 z tutejsz\u0105 rzeczywisto\u015bci\u0105 &#8211; m\u00f3wi ks. Grzegorz Paw\u0142owski, kt\u00f3ry w Izraelu mieszka od lat 70. On r\u00f3wnie\u017c jest ocala\u0142ym z Holokaustu i on r\u00f3wnie\u017c nie m\u00f3g\u0142 skorzysta\u0107 z \u201eprawa powrotu\u201d. Podkre\u015bla, \u017ce wielu \u017byd\u00f3w jest nastawionych wrogo wobec os\u00f3b, kt\u00f3re nawr\u00f3ci\u0142y si\u0119 na katolicyzm, a szczeg\u00f3lnie wobec ksi\u0119\u017cy. W\u0142a\u015bnie dlatego poza ko\u015bcio\u0142em ks. Paw\u0142owski nie nosi koloratki. &#8211; No, c\u00f3\u017c. W Ko\u015bciele te\u017c nie wszyscy mnie tolerowali. Teraz to samo mo\u017ce spotka\u0107 mnie w Izraelu. By\u0107 mo\u017ce taki jest ju\u017c los cz\u0142owieka o takim \u017cyciorysie, jak m\u00f3j &#8211; m\u00f3wi ks. Weksler-Waszkinel.<\/p>\r\n\r\n<p><span>KAI (Rzeczpospolita)\/kab<\/span><\/p>","protected":false},"excerpt":{"rendered":"Po trwaj\u0105cych wiele miesi\u0119cy staraniach Izrael przyzna\u0142 ksi\u0119dzu Romualdowi Weksler-Waszkinelowi prawo do dwuletniego pobytu. O tym, aby pozwolono mu dokona\u0107 tak zwanej alii, czyli \u201epowrotu do kraju przodk\u00f3w\u201d (co wi\u0105\u017ce si\u0119 z natychmiastowym przyznaniem mu izraelskiego obywatelstwa), nie ma jednak mowy. Zgodnie z przepisami mog\u0105 to zrobi\u0107 tylko \u017bydzi, kt\u00f3rzy nie przyj\u0119li innej religii ni\u017c [&hellip;]","protected":false},"author":1,"featured_media":0,"comment_status":"closed","ping_status":"closed","sticky":false,"template":"","format":"standard","meta":{"_acf_changed":false,"_monsterinsights_skip_tracking":false,"_monsterinsights_sitenote_active":false,"_monsterinsights_sitenote_note":"","_monsterinsights_sitenote_category":0,"ngg_post_thumbnail":0,"footnotes":"","_wp_rev_ctl_limit":""},"categories":[5],"tags":[61,101,33],"acf":[],"_links":{"self":[{"href":"https:\/\/www.bibula.com\/index.php?rest_route=\/wp\/v2\/posts\/10653"}],"collection":[{"href":"https:\/\/www.bibula.com\/index.php?rest_route=\/wp\/v2\/posts"}],"about":[{"href":"https:\/\/www.bibula.com\/index.php?rest_route=\/wp\/v2\/types\/post"}],"author":[{"embeddable":true,"href":"https:\/\/www.bibula.com\/index.php?rest_route=\/wp\/v2\/users\/1"}],"replies":[{"embeddable":true,"href":"https:\/\/www.bibula.com\/index.php?rest_route=%2Fwp%2Fv2%2Fcomments&post=10653"}],"version-history":[{"count":0,"href":"https:\/\/www.bibula.com\/index.php?rest_route=\/wp\/v2\/posts\/10653\/revisions"}],"wp:attachment":[{"href":"https:\/\/www.bibula.com\/index.php?rest_route=%2Fwp%2Fv2%2Fmedia&parent=10653"}],"wp:term":[{"taxonomy":"category","embeddable":true,"href":"https:\/\/www.bibula.com\/index.php?rest_route=%2Fwp%2Fv2%2Fcategories&post=10653"},{"taxonomy":"post_tag","embeddable":true,"href":"https:\/\/www.bibula.com\/index.php?rest_route=%2Fwp%2Fv2%2Ftags&post=10653"}],"curies":[{"name":"wp","href":"https:\/\/api.w.org\/{rel}","templated":true}]}}