{"id":106489,"date":"2019-01-31T09:47:02","date_gmt":"2019-01-31T14:47:02","guid":{"rendered":"http:\/\/www.bibula.com\/?p=106489"},"modified":"2019-01-31T09:47:02","modified_gmt":"2019-01-31T14:47:02","slug":"wywiad-z-br-klausem","status":"publish","type":"post","link":"https:\/\/www.bibula.com\/?p=106489","title":{"rendered":"Wywiad z br. Klausem"},"content":{"rendered":"<p><strong>Brat uczestniczy\u0142 w apostolacie Bractwa w Polsce od samego pocz\u0105tku, co si\u0119 przez ten czas zmieni\u0142o? Jak Brat ocenia ten rozw\u00f3j?<\/strong><\/p>\r\n<p>Na samym pocz\u0105tku, kiedy jeszcze Msza \u015aw. odprawiana by\u0142a nieregularnie w jakiej\u015b sali w Warszawie, by\u0142o mo\u017ce ok. 30 wiernych.<\/p>\r\n<p>A teraz, kiedy patrz\u0119 na rozw\u00f3j apostolatu w Polsce, to naprawd\u0119 mo\u017cna tylko podzi\u0119kowa\u0107 za to Matce Bo\u017cej, a w sprawie wszystkich naszych budynk\u00f3w &#8211; \u015bw. J\u00f3zefowi, jako \u201eministrowi finans\u00f3w\u201d za b\u0142ogos\u0142awie\u0144stwa i pomoc podczas tych 25 lat.<\/p>\r\n<p><strong>Jakie funkcje pe\u0142ni\u0142 Brat w trakcie swojej d\u0142ugiej pos\u0142ugi w Polsce? Jakie pe\u0142ni Brat teraz?<\/strong><\/p>\r\n<p>Jeszcze przed wst\u0105pieniem do Bractwa uczy\u0142em si\u0119 stolarstwa i niezmiernie to lubi\u0119. Ale brat zakonny ma zawsze te same funkcje &#8211; s\u0142u\u017cy\u0107 Panu Bogu niezale\u017cnie od zewn\u0119trznej pracy. Je\u015bli chodzi o codzienn\u0105 prac\u0119, zajmowa\u0142em si\u0119 zawsze sprawami budowlanymi i zwi\u0105zanymi z tym sprawami finansowymi. Kr\u00f3tko m\u00f3wi\u0105c, by\u0142em tym, kt\u00f3ry wydawa\u0142\u2026 Teraz, od kiedy mamy wi\u0119cej ksi\u0119\u017cy, kt\u00f3rzy odpowiadaj\u0105 za prace biurowe i organizacyjne, mam wreszcie wi\u0119cej czasu na prac\u0119 r\u0119czn\u0105, nie papierkow\u0105.<\/p>\r\n<p><strong>Czego Brat spodziewa\u0142 si\u0119, przyje\u017cd\u017caj\u0105c do Polski?<\/strong><\/p>\r\n<p>Niczego specjalnego si\u0119 nie spodziewa\u0142em. Ucieszy\u0142em si\u0119 bardzo, kiedy dosta\u0142em propozycj\u0119, aby pomaga\u0107 w apostolacie w Polsce. Niekt\u00f3rzy m\u00f3wi\u0105, \u017ce Niemcy maj\u0105 cz\u0119sto ten \u201eDrang nach Osten\u201d, ale chyba nie o to chodzi\u0142o. Ju\u017c w roku 1978 by\u0142em zapisany na pielgrzymk\u0119 do Cz\u0119stochowy, ale w ostatnim momencie nie uda\u0142o si\u0119 (wtedy jeszcze nie!). Potem, od roku 1990 pomaga\u0142em w r\u00f3\u017cnych transportach pomocy humanitarnej dla Polak\u00f3w i Bia\u0142orusin\u00f3w.<\/p>\r\n<p><strong>Przez te 25 lat mia\u0142 Brat okazj\u0119 pozna\u0107 Polsk\u0119 i Polak\u00f3w. Co najbardziej Brat w nas polubi\u0142, a jakie polskie wady najbardziej Bratu doskwieraj\u0105?<\/strong><\/p>\r\n<p>Hmm\u2026 mo\u017ce to zabrzmi dziwnie, ale naprawd\u0119 bardzo lubi\u0119 \u201es\u0142owia\u0144sk\u0105 dusz\u0119\u201d, t\u0119 mentalno\u015b\u0107, go\u015bcinno\u015b\u0107 i ciep\u0142e serce Polak\u00f3w. Lubi\u0119 ich zdolno\u015bci, spontaniczne i proste rozwi\u0105zania praktyczne. Lubi\u0119 s\u0142owo \u201ekombinowa\u0107\u201d (w pozytywnym znaczeniu). Szkoda, \u017ce czasami wida\u0107 u niekt\u00f3rych brak wytrwa\u0142o\u015bci\u2026<\/p>\r\n<p><strong>Przez prawie ca\u0142y czas Brata obecno\u015bci w Polsce Bractwo zorganizowa\u0142o piesz\u0105 pielgrzymk\u0119 do Cz\u0119stochowy. Prosz\u0119, aby Brat opisa\u0142 nam, jak wygl\u0105da ta pielgrzymka z Brata perspektywy? Jak zmienia\u0142a si\u0119 ona przez lata? Mo\u017ce opowie nam Brat jakie\u015b \u015bmieszne historie z ni\u0105 zwi\u0105zane?<\/strong><\/p>\r\n<p>No tak, pielgrzymka! Wyj\u0105tkowe dni w sierpniu. Nie zawsze by\u0142o lekko. Najwi\u0119cej trudno\u015bci mia\u0142em przede wszystkim w pierwszych latach, kiedy s\u0142abo zna\u0142em j\u0119zyk polski. A trzeba by\u0142o wszystko zorganizowa\u0107 i kupowa\u0107, np. \u017cywno\u015b\u0107 dla pielgrzym\u00f3w. Przez ma\u0142e pomy\u0142ki w wymowie dochodzi\u0142o do r\u00f3\u017cnych nieporozumie\u0144, np. chcia\u0142em kupi\u0107 mi\u0119so mielone i dosta\u0142em owoc melon\u2026, albo potrzebna by\u0142a nowa k\u0142\u00f3dka, ale w sklepie us\u0142ysza\u0142em: \u201eProsz\u0119 brata, w naszym sklepie nie ma w\u00f3dki!\u201d.<\/p>\r\n<p>Te pierwsze pielgrzymki by\u0142y jednak najciekawsze, najbardziej oryginalne, troch\u0119 partyzanckie, je\u015bli chodzi o organizacj\u0119.<\/p>\r\n<p><strong>Brat od wielu ju\u017c lat pe\u0142ni pos\u0142ug\u0119 jako Brat zakonny, mo\u017ce opowie nam Brat, jak to by\u0142o z wst\u0105pieniem do nowicjatu? Co Brata do tego sk\u0142oni\u0142o? Kiedy Brat wst\u0105pi\u0142 i z kim? Jakie funkcje pe\u0142ni\u0142 Brat, zanim trafi\u0142 do Polski?<\/strong><\/p>\r\n<p>Do Bractwa trafi\u0142em przede wszystkim przez rekolekcje ignacja\u0144skie. Kto\u015b mnie zabra\u0142 na nie, chocia\u017c nie mia\u0142em poj\u0119cia, co mnie czeka\u2026 A po tych 5 dniach by\u0142o ju\u017c za p\u00f3\u017ano\u2026<\/p>\r\n<p>Najbardziej uderzy\u0142o mnie to, co jest fundamentem rekolekcji, mianowicie pytanie i odpowied\u017a: \u201eCzemu jeste\u015bmy na ziemi? &#8211; Aby kocha\u0107 Pana Boga, Jemu s\u0142u\u017cy\u0107, aby przez to zd\u0105\u017ca\u0107 do Nieba\u201d.<\/p>\r\n<p>To rozwi\u0105za\u0142o wszystkie moje \u017cyciowe plany.<\/p>\r\n<p>P\u00f3\u0142 roku po rekolekcjach wst\u0105pi\u0142em do Bractwa jako brat zakonny. By\u0142o to w roku 1978. W tym czasie otwierane by\u0142o nowe seminarium i miejsca nowicjatu dla braci w Niemczech, w Bawarii. By\u0142o nas czterech postulant\u00f3w, z kt\u00f3rych trzech znalaz\u0142o si\u0119 w nowicjacie. Po 17 latach s\u0142u\u017cby, g\u0142\u00f3wnie w samym seminarium w funkcji stolarza, ks. Karol ukrad\u0142 mnie do Polski.<\/p>\r\n<p><strong>Pierwsze lata apostolatu w Polsce musia\u0142y by\u0107 niezwykle trudne, ale i ciekawe, mo\u017ce zechce Brat nam opowiedzie\u0107 kilka co ciekawszych historii z tych pionierskich lat?<\/strong><\/p>\r\n<p>Mo\u017ce powiem, w jakich okoliczno\u015bciach znale\u017ali\u015bmy teren na przeorat przy ul. Garncarskiej. Pierwsze trzy lata mieszkali\u015bmy w wynajmowanym domu przy ul. \u0179wanowieckiej, niedaleko od dzisiejszego przeoratu. Ale by\u0142 to za ma\u0142y budynek do prowadzenia apostolatu, wi\u0119c szukali\u015bmy innego rozwi\u0105zania przez agencj\u0119 nieruchomo\u015bci. Pewnego dnia jechali\u015bmy z pani\u0105 z tej agencji, aby zobaczy\u0107 teren do sprzedania w Mi\u0119dzylesiu. Prowadzi\u0142a nas na puste pole obok lasu, bez \u017cadnych medi\u00f3w, \u017cadnej infrastruktury czy normalnej ulicy w pobli\u017cu. \u0179artobliwie zapyta\u0142em wtedy Ks. Karola, czy chce mo\u017ce sadzi\u0107 ziemniaki w przysz\u0142o\u015bci. A pani wreszcie zrozumia\u0142a, o co nam chodzi, i zaprowadzi\u0142a nas na ul.\u201d\u2020Garncarsk\u0105, gdzie znale\u017ali\u015bmy pasuj\u0105cy teren z domkiem, kt\u00f3ry w mi\u0119dzyczasie zosta\u0142 rozbudowany ze wszystkich czterech stron i w g\u00f3r\u0119. Pan B\u00f3g zawsze dzia\u0142a prostymi sposobami. A co do j\u0119zyka, w pierwszym roku pobytu chcieli\u015bmy kupi\u0107 faks. Akurat byli\u015bmy w Lublinie. Sprawdzali\u015bmy w r\u00f3\u017cnych sklepach, a prawie wsz\u0119dzie by\u0142o napisane \u201ekomis\u201d. Pytali\u015bmy, czy to dobra firma, m\u00f3wiono nam: \u201eTak, oczywi\u015bcie\u201d. No i kupili\u015bmy faks z firmy \u201ekomis\u201d. Bardzo dobrze dzia\u0142a\u0142. Dopiero p\u00f3\u017aniej zorientowali\u015bmy si\u0119, co znaczy \u201ekomis\u201d.<\/p>\r\n<p><strong>Jakie zadania w trakcie Brata pos\u0142ugi w naszym kraju ceni Brat szczeg\u00f3lnie? Co sprawi\u0142o Bratu najwi\u0119ksz\u0105 satysfakcj\u0119, a co okaza\u0142o si\u0119 najtrudniejsze?<\/strong><\/p>\r\n<p>Niew\u0105tpliwie pierwszym powa\u017cnym zadaniem by\u0142o zbudowanie szko\u0142y z ko\u015bcio\u0142em, tu na Garncarskiej. W tamtym czasie by\u0142o to wielkie osi\u0105gni\u0119cie i pomoc dla naszego apostolatu, a jednocze\u015bnie wielkie wyzwanie finansowe. Ale te\u017c nie wolno zapomina\u0107, \u017ce wspaniali wierni niema\u0142o nam pomagali! Z dzisiejszego punktu widzenia zrobiliby\u015bmy wiele rzeczy inaczej, ale, jak m\u00f3wi powiedzenie\u2026 m\u0105dry Polak po szkodzie!<\/p>\r\n<p>A najtrudniejsze sytuacje? Tego ju\u017c nie pami\u0119tam!<\/p>\r\n<p><strong>Czego \u017cyczy\u0142by nam Brat na kolejne lata walki o Tradycj\u0119 Katolick\u0105 w Polsce?<\/strong><\/p>\r\n<p>Niew\u0105tpliwie \u017cycz\u0119 przede wszystkim ufno\u015bci do Pana Boga i Matki Naj\u015bwi\u0119tszej, a tak\u017ce ufno\u015bci wobec naszych ksi\u0119\u017cy, mniej niepotrzebnego krytykowania wszystkiego, wytrwa\u0142o\u015bci w tej walce, brania w\u0142asnego \u017cycia w swoje r\u0119ce, zgodnie z Wol\u0105 Bo\u017c\u0105. Pan B\u00f3g nie jest skomplikowany, wystarczy Mu, \u017ce kochamy &#8211; w najprawdziwszym tego s\u0142owa znaczeniu!<\/p>","protected":false},"excerpt":{"rendered":"Brat uczestniczy\u0142 w apostolacie Bractwa w Polsce od samego pocz\u0105tku, co si\u0119 przez ten czas zmieni\u0142o? Jak Brat ocenia ten rozw\u00f3j? Na samym pocz\u0105tku, kiedy jeszcze Msza \u015aw. odprawiana by\u0142a nieregularnie w jakiej\u015b sali w Warszawie, by\u0142o mo\u017ce ok. 30 wiernych. A teraz, kiedy patrz\u0119 na rozw\u00f3j apostolatu w Polsce, to naprawd\u0119 mo\u017cna tylko podzi\u0119kowa\u0107 [&hellip;]","protected":false},"author":1,"featured_media":0,"comment_status":"closed","ping_status":"closed","sticky":false,"template":"","format":"standard","meta":{"_acf_changed":false,"_monsterinsights_skip_tracking":false,"_monsterinsights_sitenote_active":false,"_monsterinsights_sitenote_note":"","_monsterinsights_sitenote_category":0,"ngg_post_thumbnail":0,"footnotes":"","_wp_rev_ctl_limit":""},"categories":[6],"tags":[32,98,24],"acf":[],"_links":{"self":[{"href":"https:\/\/www.bibula.com\/index.php?rest_route=\/wp\/v2\/posts\/106489"}],"collection":[{"href":"https:\/\/www.bibula.com\/index.php?rest_route=\/wp\/v2\/posts"}],"about":[{"href":"https:\/\/www.bibula.com\/index.php?rest_route=\/wp\/v2\/types\/post"}],"author":[{"embeddable":true,"href":"https:\/\/www.bibula.com\/index.php?rest_route=\/wp\/v2\/users\/1"}],"replies":[{"embeddable":true,"href":"https:\/\/www.bibula.com\/index.php?rest_route=%2Fwp%2Fv2%2Fcomments&post=106489"}],"version-history":[{"count":0,"href":"https:\/\/www.bibula.com\/index.php?rest_route=\/wp\/v2\/posts\/106489\/revisions"}],"wp:attachment":[{"href":"https:\/\/www.bibula.com\/index.php?rest_route=%2Fwp%2Fv2%2Fmedia&parent=106489"}],"wp:term":[{"taxonomy":"category","embeddable":true,"href":"https:\/\/www.bibula.com\/index.php?rest_route=%2Fwp%2Fv2%2Fcategories&post=106489"},{"taxonomy":"post_tag","embeddable":true,"href":"https:\/\/www.bibula.com\/index.php?rest_route=%2Fwp%2Fv2%2Ftags&post=106489"}],"curies":[{"name":"wp","href":"https:\/\/api.w.org\/{rel}","templated":true}]}}