{"id":106412,"date":"2019-01-26T10:13:57","date_gmt":"2019-01-26T15:13:57","guid":{"rendered":"http:\/\/www.bibula.com\/?p=106412"},"modified":"2019-01-26T10:13:57","modified_gmt":"2019-01-26T15:13:57","slug":"dzien-islamu-w-kosciele-droga-do-synkretyzmu","status":"publish","type":"post","link":"https:\/\/www.bibula.com\/?p=106412","title":{"rendered":"Dzie\u0144 islamu w Ko\u015bciele \u2013 droga do synkretyzmu?"},"content":{"rendered":"<p><strong>\u201eChrze\u015bcijanie i muzu\u0142manie: od wsp\u00f3\u0142zawodnictwa do wsp\u00f3\u0142pracy\u201d &#8211; to eufemistyczne has\u0142o wybra\u0142a Rada Wsp\u00f3lna Katolik\u00f3w i Muzu\u0142man\u00f3w na tegoroczny Dzie\u0144 Islamu w Ko\u015bciele katolickim w Polsce. Cytowane s\u0142owa pochodz\u0105 z or\u0119dzia na zako\u0144czenie ubieg\u0142orocznego ramadanu, skierowanego do muzu\u0142man\u00f3w przez Papiesk\u0105 Rad\u0119 do spraw Dialogu Mi\u0119dzyreligijnego.<\/strong><\/p>\r\n<p>W ramach obchod\u00f3w, w sobot\u0119 26 stycznia uczestnicy mi\u0119dzy innymi odczytaj\u0105 swoje przes\u0142ania, b\u0119d\u0105 s\u0142ucha\u0107 \u201emuzyki Orientu\u201d, czyta\u0107 fragmenty Pisma \u015awi\u0119tego i Koranu, wsp\u00f3lnie si\u0119 modli\u0107, przygotuj\u0105 jedzenie dla ubogich.<\/p>\r\n<p>Wydarzenie wspiera swym autorytetem Konferencja Episkopatu Polski. Uczestnicy z obu stron podkre\u015blaj\u0105 potrzeb\u0119 poszukiwania wsp\u00f3lnych warto\u015bci, na przyk\u0142ad pokoju i pracy na rzecz og\u00f3lnego dobra. Cz\u0119sto odwo\u0142uj\u0105 si\u0119 do stwierdzenia, i\u017c zar\u00f3wno katolicy, jak i muzu\u0142manie wierz\u0105 w jednego Boga, pomijaj\u0105c raczej fakt, \u017ce nie do tego samego.<\/p>\r\n<p>Przedsi\u0119wzi\u0119cie, organizowane jest ju\u017c po raz dziewi\u0119tnasty. Od niemal dw\u00f3ch dekad Ko\u015bci\u00f3\u0142 w Polsce w pewnym sensie afirmuje wi\u0119c wyznanie nie tylko heretyckie, ale i z zasady wrogo nastawione do katolik\u00f3w, podobnie zreszt\u0105, jak i do innych \u201eniewiernych\u201d.<\/p>\r\n<p>Oczywi\u015bcie, w\u015br\u00f3d polskich muzu\u0142man\u00f3w nie brak \u017cyczliwych nam os\u00f3b, w pewnej mierze zasymilowanych. Mamy obchodzi\u0107 jednak dzie\u0144 ca\u0142ego islamu: tego, kt\u00f3rego najwa\u017cniejsza ksi\u0119ga nawo\u0142uje do zabijania \u201eniewiernych\u201d, wybitni wyznawcy nie kryj\u0105 zamiar\u00f3w podbicia Europy i wprowadzenia powszechnego szariatu, za\u015b zwyczajow\u0105 strategi\u0105 jest <em>takija<\/em>, czyli k\u0142amstwo dla cel\u00f3w religijnego kamufla\u017cu.<\/p>\r\n<p>Przez wieki chrze\u015bcija\u0144skie kraje Europy toczy\u0142y krwawe boje przeciwko islamskim najazdom. Ostatnie dziesi\u0119ciolecia przynios\u0142y jednak nam zdumiewaj\u0105ce widowisko. Wraz z coraz bardziej post\u0119puj\u0105c\u0105 apostazj\u0105, Stary Kontynent wyzby\u0142 si\u0119 odruch\u00f3w samozachowawczych i szerokim gestem otwiera bramy przed milionami muzu\u0142man\u00f3w, funduj\u0105c przybyszom dostatni pobyt.<\/p>\r\n<p>Ewolucji ulega r\u00f3wnie\u017c postawa hierarch\u00f3w Ko\u015bcio\u0142a wobec islamu. Proces ten przywo\u0142uje na my\u015bl modyfikacj\u0119 wizerunku jednego z najbardziej znanych \u015bwi\u0119tych. Przeszed\u0142 on d\u0142ug\u0105 drog\u0119 od rzeczywistej, historycznej postaci, a\u017c do na po\u0142y fikcyjnej kreacji cz\u0142owieka, \u201eprzemawiaj\u0105cego do ptaszk\u00f3w, rozmawiaj\u0105cego z wilkami i rado\u015bnie obejmuj\u0105cego wszystkich, kt\u00f3rych spotyka, \u0142\u0105cznie z su\u0142tanem, do kt\u00f3rego Franciszek (prawdziwy, a nie z opowiada\u0144 mitycznych) poszed\u0142 nie po to, by prowadzi\u0107 z nim dialog, lecz aby go nawr\u00f3ci\u0107, wyzywaj\u0105c go na ordalia w celu przekonania si\u0119, czy pot\u0119\u017cniejszy jest B\u00f3g Jezusa, czy B\u00f3g Mahometa\u201d (cyt. Vittorio Messori).<\/p>\r\n<p>Jednak herezja nie zniknie sama z siebie tylko dlatego, \u017ce wyrzucimy j\u0105 z ko\u015bcielnego s\u0142ownika (podobnie zreszt\u0105 jak i zabijanie nienarodzonych nie przestanie by\u0107 haniebnym procederem z powodu nazwania go \u201eterminacj\u0105 p\u0142odu\u201d albo \u201eprawem reprodukcyjnym\u201d). Dlatego wieloma katolikami wstrz\u0105sn\u0105\u0142 wr\u0119cz widok muzu\u0142manina wyg\u0142aszaj\u0105cego swoj\u0105 modlitw\u0119 podczas niedawnej Mszy pogrzebowej prezydenta Gda\u0144ska. Czy to prawdziwy efekt i cel \u201edialogu mi\u0119dzyreligijnego\u201d? Czy z Naj\u015bwi\u0119tszej Ofiary mo\u017cna uczyni\u0107 synkretyczn\u0105 \u201eakademi\u0119 ku czci\u201d z wyeksponowanym udzia\u0142em innowierc\u00f3w oraz jawnych wrog\u00f3w Ko\u015bcio\u0142a?<\/p>\r\n<p>Z tego samego powodu trzeba zn\u00f3w postawi\u0107 pytanie o sens i skutki obchodzenia przez katolik\u00f3w dnia fa\u0142szywej religii. Wielka musi by\u0107 ufno\u015b\u0107 czcigodnych pasterzy co do mocnej, ugruntowanej wiary syn\u00f3w i c\u00f3rek Ko\u015bcio\u0142a, czy jednak to nie zbyt karko\u0142omna pr\u00f3ba? Dzie\u0144 islamu w Ko\u015bciele katolickim jest jak Dzie\u0144 przechodzenia na czerwonym \u015bwietle &#8211; lepiej go nie organizowa\u0107.<\/p>\r\n<p><em><strong>Roman Moto\u0142a<\/strong><\/em><\/p>\r\n<p class=\"zrodlo\">Za: <a href=\"https:\/\/www.pch24.pl\/dzien-islamu-w-kosciele---droga-do-synkretyzmu-,65741,i.html\">PoloniaChristiana &#8211; pch24.pl (2019-01-26)<\/a><\/p>\r\n<h4>&nbsp;<\/h4>\r\n<hr style=\"background-color: #000000; border-width: 0; color: #000000; height: 2px; line-height: 0; text-align: center; width: 100%;\">\r\n<h4>&nbsp;<\/h4>","protected":false},"excerpt":{"rendered":"\u201eChrze\u015bcijanie i muzu\u0142manie: od wsp\u00f3\u0142zawodnictwa do wsp\u00f3\u0142pracy\u201d &#8211; to eufemistyczne has\u0142o wybra\u0142a Rada Wsp\u00f3lna Katolik\u00f3w i Muzu\u0142man\u00f3w na tegoroczny Dzie\u0144 Islamu w Ko\u015bciele katolickim w Polsce. Cytowane s\u0142owa pochodz\u0105 z or\u0119dzia na zako\u0144czenie ubieg\u0142orocznego ramadanu, skierowanego do muzu\u0142man\u00f3w przez Papiesk\u0105 Rad\u0119 do spraw Dialogu Mi\u0119dzyreligijnego. W ramach obchod\u00f3w, w sobot\u0119 26 stycznia uczestnicy mi\u0119dzy innymi [&hellip;]","protected":false},"author":1,"featured_media":0,"comment_status":"closed","ping_status":"closed","sticky":false,"template":"","format":"standard","meta":{"_acf_changed":false,"_monsterinsights_skip_tracking":false,"_monsterinsights_sitenote_active":false,"_monsterinsights_sitenote_note":"","_monsterinsights_sitenote_category":0,"ngg_post_thumbnail":0,"footnotes":"","_wp_rev_ctl_limit":""},"categories":[5],"tags":[70,98,33],"acf":[],"_links":{"self":[{"href":"https:\/\/www.bibula.com\/index.php?rest_route=\/wp\/v2\/posts\/106412"}],"collection":[{"href":"https:\/\/www.bibula.com\/index.php?rest_route=\/wp\/v2\/posts"}],"about":[{"href":"https:\/\/www.bibula.com\/index.php?rest_route=\/wp\/v2\/types\/post"}],"author":[{"embeddable":true,"href":"https:\/\/www.bibula.com\/index.php?rest_route=\/wp\/v2\/users\/1"}],"replies":[{"embeddable":true,"href":"https:\/\/www.bibula.com\/index.php?rest_route=%2Fwp%2Fv2%2Fcomments&post=106412"}],"version-history":[{"count":0,"href":"https:\/\/www.bibula.com\/index.php?rest_route=\/wp\/v2\/posts\/106412\/revisions"}],"wp:attachment":[{"href":"https:\/\/www.bibula.com\/index.php?rest_route=%2Fwp%2Fv2%2Fmedia&parent=106412"}],"wp:term":[{"taxonomy":"category","embeddable":true,"href":"https:\/\/www.bibula.com\/index.php?rest_route=%2Fwp%2Fv2%2Fcategories&post=106412"},{"taxonomy":"post_tag","embeddable":true,"href":"https:\/\/www.bibula.com\/index.php?rest_route=%2Fwp%2Fv2%2Ftags&post=106412"}],"curies":[{"name":"wp","href":"https:\/\/api.w.org\/{rel}","templated":true}]}}