{"id":106299,"date":"2019-01-17T09:53:20","date_gmt":"2019-01-17T14:53:20","guid":{"rendered":"http:\/\/www.bibula.com\/?p=106299"},"modified":"2019-01-17T09:53:20","modified_gmt":"2019-01-17T14:53:20","slug":"smierc-adamowicza-jest-celebrowana-jakby-zmarl-stalin-wszyscy-zobowiazani-plakac","status":"publish","type":"post","link":"https:\/\/www.bibula.com\/?p=106299","title":{"rendered":"\u015amier\u0107 Adamowicza jest celebrowana jakby zmar\u0142 Stalin &#8211; wszyscy zobowi\u0105zani p\u0142aka\u0107"},"content":{"rendered":"<p><strong><em>Adamowicz za \u017cycia nie by\u0142 \u015bwi\u0119ty. Cejrowski jedzie na ostro: \u201e\u015amier\u0107 Adamowicza jest celebrowana jakby zmar\u0142 Stalin\u201d<\/em><\/strong><\/p>\r\n<p>Wojciech Cejrowski, znany podr\u00f3\u017cnik b\u0119d\u0105cy na cenzurowanym w TVP za przypomnienie, \u017ce Jaros\u0142aw Kaczy\u0144ski jest odpowiedzialny za mordowanie nienarodzonych dzieci w Polsce, odni\u00f3s\u0142 si\u0119 do istnej celebracji \u015bmierci prezydenta Gda\u0144ska Paw\u0142a Adamowicza. Przypomina, \u017ce \u201eza \u017cycia \u015bwi\u0119ty nie by\u0142\u201d.<\/p>\r\n<p>&#8211; <em>Gdy Afga\u0144czyk ugodzi\u0142 no\u017cem ci\u0119\u017carn\u0105 Polk\u0119 zabijaj\u0105c jej dziecko, nie by\u0142o \u017ca\u0142oby, jest cisza. A \u015bmier\u0107 Adamowicza jest celebrowana jakby zmar\u0142 Stalin &#8211; wszyscy zobowi\u0105zani p\u0142aka\u0107. Adamowicz za \u017cycia nie by\u0142 \u015bwi\u0119ty, wi\u0119c czemu teraz robi si\u0119 z niego \u015bwi\u0119tego?<\/em> &#8211; pyta podr\u00f3\u017cnik na swoim blogu.<\/p>\r\n<p>&#8211; <em>Fakty takie, \u017ce Adamowicz by\u0142 okropnym typem jako prezydent Gda\u0144ska. Tocz\u0105 si\u0119 \u015bledztwa w jego sprawach i mam nadziej\u0119, \u017ce b\u0119d\u0105 doko\u0144czone. Od lat czytamy o uk\u0142adach, machlojach, o mieszkaniach, o k\u0142amstwach na temat tego ile ich ma i sk\u0105d si\u0119 wzi\u0119\u0142y\u2026 Ca\u0142a masa szlamu, a teraz nagle &#8222;wielce szanowny\u201d, bo go zad\u017agali?<\/em> &#8211; podkre\u015bla Cejrowski.<\/p>\r\n<p>Odni\u00f3s\u0142 si\u0119 tak\u017ce do sporu Owsiak-Piela. &#8211; <em>Owsiak zachowuje si\u0119 potwornie zwalaj\u0105c swoje winy na bezbronn\u0105 kobiet\u0119, kt\u00f3ra ulepi\u0142a jego figurk\u0119 z plasteliny<\/em> &#8211; oceni\u0142.<\/p>\r\n<p>&#8211; <em>To Owsiak, jako prezes fundacji, by\u0142 osobi\u015bcie odpowiedzialny za swoj\u0105 imprez\u0119, za jej zabezpieczenie przed no\u017cownikiem (impreza nie mia\u0142a wzmo\u017conej ochrony, bo nie by\u0142a zg\u0142oszona jako impreza masowa). Teraz Owsiak napuszcza i judzi swoich wyznawc\u00f3w na Barbar\u0119 Piel\u0119. Chwali gro\u017aby karalne i bluzgi kierowane pod Jej adresem. Co to ma by\u0107? Alibi dla Owsiaka, \u017ce nie zabezpieczy\u0142 odpowiednio swojej imprezy i zgin\u0105\u0142 cz\u0142owiek? Wina no\u017cownika i wina Owsiaka<\/em> &#8211; zauwa\u017ca Wojciech Cejrowski.<\/p>\r\n<p>[\u0179r\u00f3d\u0142o:] https:\/\/nczas.com\/2019\/01\/17\/adamowicz-za-zycia-nie-byl-swiety-cejrowski-jedzie-na-ostro-smierc-adamowicza-jest-celebrowana-jakby-zmarl-stalin\/<\/p>\r\n<p class=\"zrodlo\">Za: <a href=\"http:\/\/dakowski.pl\/index.php?option=com_content&amp;task=view&amp;id=24664&amp;Itemid=100\">Strona prof. Miros\u0142awa Dakowskiego (17.01.2019)<\/a><\/p>\r\n<h4>&nbsp;<\/h4>\r\n<hr style=\"background-color: #000000; border-width: 0; color: #000000; height: 2px; line-height: 0; text-align: center; width: 100%;\">\r\n<h4>&nbsp;<\/h4>","protected":false},"excerpt":{"rendered":"Adamowicz za \u017cycia nie by\u0142 \u015bwi\u0119ty. Cejrowski jedzie na ostro: \u201e\u015amier\u0107 Adamowicza jest celebrowana jakby zmar\u0142 Stalin\u201d Wojciech Cejrowski, znany podr\u00f3\u017cnik b\u0119d\u0105cy na cenzurowanym w TVP za przypomnienie, \u017ce Jaros\u0142aw Kaczy\u0144ski jest odpowiedzialny za mordowanie nienarodzonych dzieci w Polsce, odni\u00f3s\u0142 si\u0119 do istnej celebracji \u015bmierci prezydenta Gda\u0144ska Paw\u0142a Adamowicza. Przypomina, \u017ce \u201eza \u017cycia \u015bwi\u0119ty nie [&hellip;]","protected":false},"author":1,"featured_media":0,"comment_status":"closed","ping_status":"closed","sticky":false,"template":"","format":"standard","meta":{"_acf_changed":false,"_monsterinsights_skip_tracking":false,"_monsterinsights_sitenote_active":false,"_monsterinsights_sitenote_note":"","_monsterinsights_sitenote_category":0,"ngg_post_thumbnail":0,"footnotes":"","_wp_rev_ctl_limit":""},"categories":[8],"tags":[98,226,20],"acf":[],"_links":{"self":[{"href":"https:\/\/www.bibula.com\/index.php?rest_route=\/wp\/v2\/posts\/106299"}],"collection":[{"href":"https:\/\/www.bibula.com\/index.php?rest_route=\/wp\/v2\/posts"}],"about":[{"href":"https:\/\/www.bibula.com\/index.php?rest_route=\/wp\/v2\/types\/post"}],"author":[{"embeddable":true,"href":"https:\/\/www.bibula.com\/index.php?rest_route=\/wp\/v2\/users\/1"}],"replies":[{"embeddable":true,"href":"https:\/\/www.bibula.com\/index.php?rest_route=%2Fwp%2Fv2%2Fcomments&post=106299"}],"version-history":[{"count":0,"href":"https:\/\/www.bibula.com\/index.php?rest_route=\/wp\/v2\/posts\/106299\/revisions"}],"wp:attachment":[{"href":"https:\/\/www.bibula.com\/index.php?rest_route=%2Fwp%2Fv2%2Fmedia&parent=106299"}],"wp:term":[{"taxonomy":"category","embeddable":true,"href":"https:\/\/www.bibula.com\/index.php?rest_route=%2Fwp%2Fv2%2Fcategories&post=106299"},{"taxonomy":"post_tag","embeddable":true,"href":"https:\/\/www.bibula.com\/index.php?rest_route=%2Fwp%2Fv2%2Ftags&post=106299"}],"curies":[{"name":"wp","href":"https:\/\/api.w.org\/{rel}","templated":true}]}}