{"id":106277,"date":"2019-01-16T13:37:00","date_gmt":"2019-01-16T18:37:00","guid":{"rendered":"http:\/\/www.bibula.com\/?p=106277"},"modified":"2020-09-28T16:50:08","modified_gmt":"2020-09-28T20:50:08","slug":"owsiak-zgloszony-do-nobla","status":"publish","type":"post","link":"https:\/\/www.bibula.com\/?p=106277","title":{"rendered":"Owsiak zg\u0142oszony do Nobla"},"content":{"rendered":"<p><strong>INFO: Komitet Norweski przyj\u0105\u0142 nominacj\u0119 dla p. Jerzego Owsiaka do Pokojowej Nagrody Nobla 2019 &#8211; donosi wPolityce.pl.<\/strong><\/p>\r\n<p>Jak podaje portal, wniosek o jej przyznanie z\u0142o\u017cy\u0142 p. Rafa\u0142 Collins, dziennikarz TVN Turbo z pomoc\u0105 WCz. Andrzeja Kobylarza, pos\u0142a Kukiz\u201915. To ju\u017c trzecia pr\u00f3ba zg\u0142oszenia p. Owsiaka jako kandydata do pokojowego Nobla.<\/p>\r\n<p>\u0179r\u00f3d\u0142o: <a href=\"https:\/\/wpolityce.pl\/spoleczenstwo\/429732-jerzy-owsiak-z-nominacja-do-pokojowej-nagrody-nobla\">wPolityce.pl<\/a><\/p>\r\n<p>Opracowa\u0142: GK<\/p>\r\n<p class=\"zrodlo\">Za: <a href=\"http:\/\/korwin-mikke.pl\/polska\/zobacz\/owsiak_zgloszony_do_nobla\/176184\">Najwy\u017cszy Czas! (16-01-2019)<\/a><\/p>\r\n<h4>\u00a0<\/h4>\r\n<hr style=\"background-color: #000000; border-width: 0; color: #000000; height: 2px; line-height: 0; text-align: center; width: 100%;\" \/>\r\n<h4>\u00a0<\/h4>\r\n<h2>\u201eJurek\u201d Owsiak &#8211; pospolity bandzior i wychowawca bandzior\u00f3w namaszczony na ofiar\u0119 hejtu!<\/h2>\r\n<p><strong>W pojedynku Owsiaka z Matk\u0105 Kurk\u0105 jeden jest hejterem, a drugi anio\u0142kiem, bo taki jest system krzywych luster medialnych, kt\u00f3re pokazuj\u0105 fars\u0119 zamiast rzeczywisto\u015bci. Gdyby\u015bmy \u017cyli w normalniej rzeczywisto\u015bci i uczestniczyli w normalnym \u017cyciu publicznym, gdzie jedn\u0105 miar\u0105 mierzy si\u0119 czyny, to Jerzy Owsiak by\u0142yby uznany za pospolitego bandziora i wychowawc\u0119 bandzior\u00f3w. <\/strong><span id=\"ezoic-pub-ad-placeholder-107\" class=\"ezoic-adpicker-ad\"><\/span><\/p>\r\n<p>Niestety \u017cyjemy w rzeczywisto\u015bci, w kt\u00f3rej cz\u0142owiek z wyrokiem karnym za znies\u0142awienie i zniewa\u017cenie, trzema wyrokami za naruszenie d\u00f3br osobistych, wyrokiem za u\u017cywanie wulgaryzm\u00f3w w miejscu publicznym, dwoma kolejnymi procesami karnymi za zniewa\u017canie i 13 wyrokami stwierdzaj\u0105cymi naruszenie ustawy o dost\u0119pie do informacji publicznej, uchodzi za ofiar\u0119 hejtu. \u0179yjemy w rzeczywisto\u015bci, kt\u00f3ra pospolitego bandziora atakuj\u0105cego fizycznie dziennikarzy i ludzi, uznaje si\u0119 za wychowawc\u0119 dzieci i m\u0142odzie\u017cy. \u0179yjemy w sali krzywych luster i tu Jerzy Owsiak z 18 wyrokami stwierdzaj\u0105cymi naruszenie prawa, jest kandydatem do Pokojowej Nagrody Nobla.<\/p>\r\n<p><span id=\"ezoic-pub-ad-placeholder-122\" class=\"ezoic-adpicker-ad\"><\/span>Jest mi oboj\u0119tne, czy Owsiak za kas\u0119 dzieci zn\u00f3w zap\u0142aci swoim warszawskim kancelariom i p\u00f3jdzie z FAKTAMI do s\u0105du. W tej chwili nie walcz\u0119 ju\u017c o dokumenty finansowe i prawd\u0119 o WO\u015aP i nie licytuj\u0119 si\u0119 kto ma wi\u0119cej wyrok\u00f3w za przezywanie. Walcz\u0119 o swoj\u0105 rodzin\u0119, zaszczuwan\u0105 przez bandyckich wychowank\u00f3w Owsiaka i walcz\u0119 o to, aby Owsiak nie zaszczu\u0142 kolejnej ofiary. Co najmniej od 15 lat ten zawodowy hejter gnoi ludzi, u\u017cywaj\u0105c do tego pot\u0119\u017cnej machiny medialnej i prawnej, a sam zas\u0142ania si\u0119 dzie\u0107mi, serduszkami, autorytetami i wyznawcami sekty.<\/p>\r\n<p>Gdy przychodzi mu p\u0142aci\u0107 za swoje czyny potrafi sprzeda\u0107 w\u0142asn\u0105 \u017con\u0119 i przyjaci\u00f3\u0142, w obliczu tragedii ta\u0144czy, opowiada dowcipy i podaje numer konta, by potem uciec od odpowiedzialno\u015bci, przez rezygnacj\u0119 ze sto\u0142ka prezesa. Ostatni\u0105 ofiar\u0105 Owsiaka jest Pani Barbara Piela, kobieta nieprawdopodobnie gnojona publicznie, zostawiona samej sobie, bo i \u201eniepokorni\u201d nie maj\u0105 odwagi Jej broni\u0107. Plastelinow\u0105 satyr\u0119 Owsiak uzna\u0142 za &#8222;otwart\u0105 bram\u0119 Auschwitz&#8221;, nies\u0142usznie, bo nie z plasteliny, ale z zupe\u0142nie innej substancji jest ulepiony. Do\u015b\u0107 bandziorze!<span id=\"ezoic-pub-ad-placeholder-108\" class=\"ezoic-adpicker-ad\"><\/span><\/p>\r\n<p>Do\u015b\u0107 bandziorze, zanim twoje bandyckie szczucie wbije komu\u015b n\u00f3\u017c w serce. Taki jest Jerzy Owsiak i takim by\u0142 OD LAT!<\/p>\r\n<p><strong>1. 30 lipca 2003 roku Jerzy Owsiak atakuje sprzedawc\u0119, demoluje mu stoisko i niszczy 190 par okular\u00f3w. <\/strong><span id=\"ezoic-pub-ad-placeholder-109\" class=\"ezoic-adpicker-ad\"><\/span><\/p>\r\n<p>Prokuratura sk\u0142ada do s\u0105du akt oskar\u017cenia, Owsiak p\u0142aci pokrzywdzonemu i unika kary.<\/p>\r\n<p><a class=\"single-popup\" href=\"https:\/\/www.kontrowersje.net\/sites\/default\/files\/sad%20zary.png\"><img fetchpriority=\"high\" decoding=\"async\" class=\"aligncenter\" src=\"https:\/\/www.kontrowersje.net\/sites\/default\/files\/sad%20zary.png\" alt=\"sad zary.png\" width=\"593\" height=\"767\" \/><\/a><span id=\"ezoic-pub-ad-placeholder-121\" class=\"ezoic-adpicker-ad\"><\/span><\/p>\r\n<p><strong> 2. Prze\u0142om lipca i sierpnia 2003 roku Jerzy Owsiak wraz z ochroniarzami wywo\u017c\u0105 uczestnik\u00f3w imprezy \u201ePrzystanek Woodstock\u201d do lasu i stosuj\u0105 wobec nich gro\u017aby karalne.<\/strong><\/p>\r\n<p><span id=\"ezoic-pub-ad-placeholder-118\" class=\"ezoic-adpicker-ad\"><\/span>O sprawie niczego si\u0119 nie mo\u017cna dowiedzie\u0107, s\u0105d odmawia udzielenia informacji publicznej.<\/p>\r\n<p><a class=\"single-popup\" href=\"https:\/\/www.kontrowersje.net\/sites\/default\/files\/pobicie%20%C5%BCary.JPG\"><img decoding=\"async\" class=\"aligncenter\" src=\"https:\/\/www.kontrowersje.net\/sites\/default\/files\/pobicie%20%C5%BCary.JPG\" alt=\"pobicie \u017cary.JPG\" width=\"593\" height=\"353\" \/><\/a><\/p>\r\n<p><strong>3. 1 sierpnia 2003 roku Pobity uczestnik \u201ePrzystanku Woodstock\u201d i dziennikarz TVN.<\/strong><\/p>\r\n<p>Owsiak wyrzuca TVN z imprezy i szczuje uczestnik\u00f3w na TVN.<\/p>\r\n<p><em>Dziennikarz TVN 24 Artur Zakrzewski otrzyma\u0142 cios w klatk\u0119 piersiow\u0105 od ochroniarzy z &#8222;Przystanku Woodstock&#8221; w \u0179arach. P\u00f3\u017aniej z imprezy wyproszono ca\u0142\u0105 ekip\u0119 telewizji TVN. Zdarzenie mia\u0142o miejsce na niedost\u0119pnym dla publiczno\u015bci miejscu za scen\u0105. (\u2026) &#8222;Cz\u0119\u015b\u0107 namiotu uchyli\u0142a si\u0119 i zobaczyli\u015bmy jak ochroniarze bij\u0105 ch\u0142opaka. Uderzali go pa\u0142k\u0105 i kopali po ca\u0142ym ciele&#8221; &#8211; opowiada\u0142 Zakrzewski. <\/em><\/p>\r\n<p><em>P\u00f3\u017aniej do ekipy TVN 24 podbieg\u0142 Jurek Owsiak. &#8222;Zerwa\u0142 nam akredytacje i powiedzia\u0142, \u017ce z\u0142amali\u015bmy regulamin&#8221; &#8211; powiedzia\u0142 producent PAP TVN 24. Doda\u0142, \u017ce Owsiak nie reagowa\u0142 na \u017cadne pr\u00f3by porozumienia. &#8222;W ko\u0144cu krzykn\u0105\u0142 do nas: 'to m\u00f3j teren. Ja tu rz\u0105dz\u0119'&#8221; &#8211; przyzna\u0142 producent. <\/em><\/p>\r\n<p><em>Nast\u0119pnie ze sceny Owsiak krzykn\u0105\u0142 do prawie 400 tys. t\u0142umu, \u017ce TVN z\u0142ama\u0142 regulamin i jest tu &#8222;niepo\u017c\u0105dany&#8221;. Po tym o\u015bwiadczeniu do samochod\u00f3w ekipy TVN 24 podbiegali m\u0142odzi ludzie i wulgarnie wyzywali stoj\u0105ce tam osoby. <\/em><\/p>\r\n<p>\u0179r\u00f3d\u0142o: <a href=\"https:\/\/wiadomosci.wp.pl\/dziennikarz-uderzony-przez-ochroniarza-na-przystanku-woodstock-6036488455980161a\">https:\/\/wiadomo&#8230;<\/a><\/p>\r\n<p><strong>4. 17 listopada 2013 roku \u201eJurek\u201d Owsiak na spotkaniu z blogerami szczuje i kieruje gro\u017aby karalne pod adresem Matki Kurki.<\/strong><\/p>\r\n<p><em>To jest ta si\u0142a, ta rado\u015b\u0107, kt\u00f3ra pozwala blogerowi Matce Kurce powiedzie\u0107: pie&#8230;l si\u0119. <\/em><\/p>\r\n<p>I wtedy ten bloger m\u00f3wi: No tak, no przecie\u017c oni maj\u0105 s\u0105dy kupione, no to ja ju\u017c jestem skazany, ju\u017c mam w dup\u0119. Dobra, b\u0119dziesz mia\u0142 w dup\u0119.\u201d<\/p>\r\n<p>\u0179r\u00f3d\u0142o: <a href=\"http:\/\/web.archive.org\/web\/20140122171110\/http:\/www.tokfm.pl\/Tokfm\/1,103088,14970087,Owsiak_o_internautach__Mamy_klopocik_w_postaci_chamowy_.html\">http:\/\/web.arch&#8230;<\/a><\/p>\r\n<p>Zapis wideo zosta\u0142 usuni\u0119ty, S\u0105d Rejonowy w Z\u0142otoryi, sygn. akt IIK 220\/14 nie dopatrzy\u0142 si\u0119 w tych s\u0142owach zniewa\u017cenia, S\u0105d Okr\u0119gowy w Legnicy, sygn. akt I C 315\/15 nie dostrzeg\u0142 naruszenia d\u00f3br osobistych, za to te same s\u0105dy uzna\u0142y \u201ekr\u00f3la \u017cebrak\u00f3w\u201d za z\u0142amanie prawa w wy\u017cej wymienionym zakresie.<\/p>\r\n<p><strong>5. 7 lutego 2014 \u201eJurek\u201d Owsiak nazywa Matk\u0119 Kurk\u0119 wariatem ze Z\u0142otoryi i por\u00f3wnuje do zapachu kom\u00f3r Auschwitz. <\/strong><\/p>\r\n<p><em>Mo\u017ce potrzeba, \u017cebym si\u0119 wy\u0142\u0105czy\u0142 na czas chocia\u017cby trwania procesu, \u017ceby nikt nie kombinowa\u0142 i wymy\u015bla\u0142, \u017ce gdzie\u015b tam zbieram si\u0142y, \u017ceby co\u015b zamaza\u0107, \u017ceby co\u015b zrobi\u0107 innego, \u017ceby przygotowa\u0107 si\u0119 z jaka\u015b inn\u0105 wielk\u0105 moc\u0105 w sprawie wariata ze Z\u0142otoryi? <\/em><\/p>\r\n<p><em>To, co si\u0119 zakr\u0119ci\u0142o wok\u00f3\u0142 nas w ostatnim czasie, jest czym\u015b nieprawdopodobnym. Jest czym\u015b, co si\u0119 w mojej g\u0142owie nie mierzy z niczym realnym. Poniewa\u017c je\u017celi chc\u0119 to do czego\u015b por\u00f3wnywa\u0107, to niestety musz\u0119 to por\u00f3wna\u0107 do zapachu kom\u00f3r gazowych, do j\u0119zyka komunistycznego, nazistowskiego, do s\u0142\u00f3w, kt\u00f3re mog\u0142y pada\u0107 w Katyniu, mog\u0142y pada\u0107 w Auschwitz. <\/em><\/p>\r\n<p>\u0179r\u00f3d\u0142o: <a href=\"http:\/\/kreciola.tv\/video\/86115378\">http:\/\/kreciola&#8230;<\/a><\/p>\r\n<p>S\u0105d Rejonowy w Z\u0142otoryi, sygn. akt II K 220\/14, nie dopatrzy\u0142 si\u0119 w tych tre\u015bciach znies\u0142awienia, S\u0105d Okr\u0119gowy w Legnicy, sygn. akt I C 315\/15, nie stwierdzi\u0142 naruszenia d\u00f3br osobistych. Te same s\u0105dy uzna\u0142y \u201ekr\u00f3la \u017cebrak\u00f3w\u201d za zniewa\u017cenie i naruszenie d\u00f3br osobistych.<\/p>\r\n<p><strong>6. Od 7 do 9 lutego 2014 bandzior z serduszkiem WO\u015aP na swoim profilu FB kieruje gro\u017aby karalne. <\/strong><\/p>\r\n<p><a class=\"single-popup\" href=\"https:\/\/www.kontrowersje.net\/sites\/default\/files\/u7\/1375022_483059641798956_140302245_n.jpg\"><img decoding=\"async\" class=\"aligncenter\" src=\"https:\/\/www.kontrowersje.net\/sites\/default\/files\/u7\/1375022_483059641798956_140302245_n.jpg\" alt=\"1375022_483059641798956_140302245_n.jpg\" width=\"597\" height=\"326\" \/><\/a><\/p>\r\n<p>Tre\u015bci te wys\u0142a\u0142 dodatkowo na moj\u0105 skrzynk\u0119. Prokuratura umorzy\u0142a \u015bledztwo.<\/p>\r\n<p><a class=\"single-popup\" href=\"https:\/\/www.kontrowersje.net\/sites\/default\/files\/katoliki.JPG\"><img loading=\"lazy\" decoding=\"async\" class=\"aligncenter\" src=\"https:\/\/www.kontrowersje.net\/sites\/default\/files\/katoliki.JPG\" alt=\"katoliki.JPG\" width=\"594\" height=\"471\" \/><\/a><\/p>\r\n<p><strong>7. 14 pa\u017adziernika 2014 Jerzy Owsiak po tym jak zapomnia\u0142, \u017ce jest prezesem \u201eZ\u0142otego Melona\u201d i odm\u00f3wi\u0142 s\u0105dowi dostarczenia dokument\u00f3w, zniewa\u017ca i znies\u0142awia Matk\u0119 Kurk\u0119 za co zostaje skazany i przegrywa proces cywilny. <\/strong><\/p>\r\n<p>Owsiak zamie\u015bci\u0142 na swoim videoblogu nagranie (usuni\u0119te), w kt\u00f3rym rzuca\u0142 nast\u0119puj\u0105cymi bluzgami i k\u0142amstwami: \u201eg\u0142\u0119boko upo\u015bledzony nienawi\u015bci\u0105 cz\u0142owiek\u201d, \u201emamy do czynienia z bardzo chorym go\u015bciem\u201d, \u201enier\u00f3b\u201d, \u201emur\u201d (slangowe okre\u015blenie napastliwego pijaka, synonim \u201emenela\u201d). Ponadto sugerowa\u0142, \u017ce jestem utrzymankiem \u017cony, kt\u00f3r\u0105 traktuje jak sutener, \u201eukrywam dochody\u201d, jest \u017cyciowym nieudacznikiem, \u017cebrz\u0105cym pijakiem zaczepiaj\u0105cym ludzi. Za te s\u0142owa Owsiak zosta\u0142 uznany przest\u0119pc\u0105 winnym zniewa\u017cenia i znies\u0142awienia Matki Kurki, S\u0105d Okr\u0119gowy w Legnicy, sygn. akt IV Ka 52\/17, oraz naruszania d\u00f3br osobistych, S\u0105d Okr\u0119gowy w Warszawie, sygn. akt XXIV C 741\/17.<\/p>\r\n<p><strong>8. Od 12 listopada do 9 grudnia 2014 niejaki Rados\u0142aw I. vel \u201erineo\u201d, administrator strony Owsiaka <a href=\"http:\/\/kreciola.tv\/video\">http:\/\/kreciola&#8230;<\/a>, pomawia mnie i moj\u0105 \u0179on\u0119. <\/strong><\/p>\r\n<p>Za nieprawdopodobne brednie zarzucaj\u0105ce mnie i mojej \u0179onie przest\u0119pstwa oraz przest\u0119pstwa karno-skarbowe, administrator Owsiaka Rados\u0142aw I. vel \u201erineo\u201d zosta\u0142 prawomocnie uznany za winnego znies\u0142awienia, S\u0105d Rejonowy Wroc\u0142aw Fabryczna, sygn. akt XII K 234\/17.<\/p>\r\n<p><img loading=\"lazy\" decoding=\"async\" class=\"aligncenter\" src=\"https:\/\/www.kontrowersje.net\/sites\/default\/files\/i.JPG\" alt=\"i.JPG\" width=\"600\" height=\"123\" \/><\/p>\r\n<p>Administrator Owsiaka przegrywa tak\u017ce proces cywilny o naruszenie d\u00f3br osobistych, S\u0105d Okr\u0119gowy we Wroc\u0142awiu, sygn. akt. I C 2018\/17.<\/p>\r\n<p><strong>9. 12 grudnia 2014 roku Owsiak pe\u0142ni\u0105c funkcj\u0119 Prezesa Zarz\u0105du WO\u015aP wysy\u0142a do 1467 sztab\u00f3w list z licznymi pom\u00f3wieniami i zniewa\u017cenia Matki Kurki. <\/strong><\/p>\r\n<p>Owsiak unika odpowiedzialno\u015bci karnej, bo przed S\u0105dem Rejonowym w Z\u0142otoryi, sygn. akt II K 310\/15, denuncjuje swoj\u0105 \u017con\u0119 Lidi\u0119 Nied\u017awiedzk\u0105-Owsiak oraz koleg\u00f3w z zarz\u0105du: Piotra Burczy\u0144skiego i Bohdana Maruszewskiego, wskazuj\u0105c ich jako oskar\u017conych:<\/p>\r\n<p><em>Chcia\u0142em podkre\u015bli\u0107, \u017ce pod tym listem g\u0142\u00f3wnym ja si\u0119 nie podpisa\u0142em, by\u0142 to list sporz\u0105dzony przez zarz\u0105d fundacji. S\u0142owa przetoczone w tym oskar\u017ceniu powinny by\u0107 zaadresowane do zarz\u0105du. <\/em><\/p>\r\n<p><a class=\"single-popup\" href=\"https:\/\/www.kontrowersje.net\/sites\/default\/files\/kapu%C5%9B.JPG\"><img loading=\"lazy\" decoding=\"async\" class=\"aligncenter\" src=\"https:\/\/www.kontrowersje.net\/sites\/default\/files\/kapu%C5%9B.JPG\" alt=\"kapu\u015b.JPG\" width=\"599\" height=\"527\" \/><\/a><\/p>\r\n<p><strong>10. 8 stycznia 2015 Jerzy Owsiak szczuje swoje karczki z \u201ePokojowego Patrolu\u201d na Micha\u0142a Rachonia i si\u0142\u0105 usuwa dziennikarza z konferencji. <\/strong><\/p>\r\n<p><iframe src=\"https:\/\/www.youtube.com\/embed\/mzBaqXXOfrA\" width=\"350\" height=\"197\" frameborder=\"0\" allowfullscreen=\"allowfullscreen\" data-mce-fragment=\"1\"><\/iframe><\/p>\r\n<p>Wed\u0142ug informacji przekazanych mi przez Micha\u0142a Rachonia, prokuratura umorzy\u0142a post\u0119powanie, bo nie by\u0142a w stanie zidentyfikowa\u0107 sprawc\u00f3w.<\/p>\r\n<p><strong>11. 23 pa\u017adziernika 2017 Jerzy Owsiak zostaje uznany winnym u\u017cywania wulgaryzm\u00f3w w miejscu publicznym. <\/strong><\/p>\r\n<p>Po raz tysi\u0119czny Owsiak rzuca bluzgi ze sceny \u201ePrzystanku Woodstock\u201d i krzyczy: \u201ePierdoli\u0107 polityk\u00f3w, fa\u0142szywy kraj, fa\u0142szywa rzeczywisto\u015b\u0107 (&#8230;) Chc\u0119 ich zapyta\u0107 o jedno, czy wy macie kurwa serce do ludzi?&#8221;.<\/p>\r\n<p>Gdy us\u0142ysza\u0142 wyrok nie odwo\u0142a\u0142 si\u0119 i obieca\u0142 zmieni\u0107 j\u0119zyk, potem przez wiele miesi\u0119cy chodzi\u0142 na spotkania, r\u00f3wnie\u017c z dzie\u0107mi i kl\u0105\u0142 prowokacyjnie, powo\u0142uj\u0105c si\u0119 na wyrok S\u0105du Rejonowego w S\u0142ubicach, sygn. akt IIW 598\/17. W tej sprawie toczy\u0142o si\u0119 i toczy co najmniej 5 kolejnych post\u0119powa\u0144, notorycznie s\u0105dy i policja ratuj\u0105 ty\u0142ek Owsiakowi uznaj\u0105c, \u017ce galerie handlowe i domy kultury nie s\u0105 miejscami publicznymi.<\/p>\r\n<p><a class=\"single-popup\" href=\"https:\/\/www.kontrowersje.net\/sites\/default\/files\/s%C5%82ubice.png\"><img loading=\"lazy\" decoding=\"async\" class=\"aligncenter\" src=\"https:\/\/www.kontrowersje.net\/sites\/default\/files\/s%C5%82ubice.png\" alt=\"s\u0142ubice.png\" width=\"593\" height=\"838\" \/><\/a><\/p>\r\n<p><strong>12. 29 pa\u017adziernika 2018 roku, Jerzy Owsiak przegrywa proces z Krystyn\u0105 Paw\u0142owicz o naruszenie d\u00f3br osobistych za seksitowskie i wulgarne s\u0142owa wypowiedziane na Akademii Sztuk Przepiekanych\u201d. <\/strong><\/p>\r\n<p>Jest to jedyne szczucie w wykonaniu Owsiaka, kt\u00f3re spotka\u0142o si\u0119 z krytyk\u0105 zwolennik\u00f3w Owsiaka, ale tylko na sekund\u0119. \u201eDyrygent\u201d orkiestry przegra\u0142 proces cywilny, S\u0105d Okr\u0119gowy w Warszawie, sygn. akt XXIV C 997\/17. Zap\u0142aci\u0142 cywilnie i finansowo za s\u0142owa: \u201eNiech pani spr\u00f3buje seksu. Poczuje pani motyle w brzuchu, poczuje pani rozlu\u017anione plecy. Poczuje pani kwiat we w\u0142osach, a przez to w g\u0142owie te\u017c si\u0119 mo\u017ce pouk\u0142ada\u201d.<\/p>\r\n<p>W tej samej sprawie Owsiak ma wytoczony proces karny, S\u0105d Rejonowy Warszawa Mokot\u00f3w, sygn. akt VIII K 486\/17.<\/p>\r\n<p><strong>13. 29 listopada 2018 roku, Jerzy Owsiak przegrywa proces z Krystyn\u0105 Paw\u0142owicz o naruszenie d\u00f3br osobistych w zwi\u0105zku ze zorganizowaniem \u201ekonkursu\u201d na rozszyfrowanie i promowanie rynsztoku fan\u00f3w Owsiaka z FB: \u201eRuch Wypierdolenia Krystyny Paw\u0142owicz w Kosmos\u201d<\/strong><\/p>\r\n<p>Rynsztok wspierany przez Owsiaka wygl\u0105da tak<\/p>\r\n<p><img loading=\"lazy\" decoding=\"async\" class=\"aligncenter\" src=\"https:\/\/www.kontrowersje.net\/sites\/default\/files\/ruch.JPG\" alt=\"ruch.JPG\" width=\"593\" height=\"240\" \/><\/p>\r\n<p>Strona zawiera \u201etre\u015bci i form\u0119\u201d nie nadaj\u0105ce si\u0119 do cytowania, ale za to mo\u017cemy tam spotka\u0107 setki serduszek i zdj\u0119\u0107 Owsiaka: <a href=\"https:\/\/www.facebook.com\/pg\/Ruch-Wypierdolenia-Krystyny-Paw%C5%82owicz-w-Kosmos-485875641529398\/photos\/?ref=page_internal\">https:\/\/www.fac&#8230;<\/a><\/p>\r\n<p>W tej samej sprawie Owsiak ma wytoczony proces karny, S\u0105d Rejonowy Warszawa Mokot\u00f3w, sygn. akt VIII K 356\/18.<\/p>\r\n<p><strong>14. Ca\u0142a lista wyrok\u00f3w WSA Warszawa i NSA, stwierdzaj\u0105cych naruszenie ustawy o dost\u0119pno\u015bci do informacji publicznej, czego dopu\u015bci\u0142 si\u0119 prezes zarz\u0105du WO\u015aP Jerzy Owsiak.<\/strong><\/p>\r\n<p>1. II SAB\/Wa 987\/15 <a href=\"http:\/\/orzeczenia.nsa.gov.pl\/doc\/0FD81D8826\">http:\/\/orzeczen&#8230;<\/a><br \/>\r\n2. II SO\/Wa 43\/16 <a href=\"http:\/\/orzeczenia.nsa.gov.pl\/doc\/356FA62393\">http:\/\/orzeczen&#8230;<\/a><br \/>\r\n3. II SAB\/Wa 212\/16 <a href=\"http:\/\/orzeczenia.nsa.gov.pl\/doc\/FE26802218\">http:\/\/orzeczen&#8230;<\/a><br \/>\r\n4. II SAB\/Wa 557\/16 <a href=\"http:\/\/orzeczenia.nsa.gov.pl\/doc\/CA74F9BF80\">http:\/\/orzeczen&#8230;<\/a><br \/>\r\n5. II SAB\/Wa 722\/16 <a href=\"http:\/\/orzeczenia.nsa.gov.pl\/doc\/8919A76809\">http:\/\/orzeczen&#8230;<\/a><br \/>\r\n6. II SO\/Wa 1\/17 <a href=\"http:\/\/orzeczenia.nsa.gov.pl\/doc\/B70117E343\">http:\/\/orzeczen&#8230;<\/a><br \/>\r\n7. II SAB\/Wa 76\/17 <a href=\"http:\/\/orzeczenia.nsa.gov.pl\/doc\/A3A5E24A14\">http:\/\/orzeczen&#8230;<\/a><br \/>\r\n8. II SA\/Wa 558\/17 <a href=\"http:\/\/orzeczenia.nsa.gov.pl\/doc\/C65B8A917B\">http:\/\/orzeczen&#8230;<\/a><br \/>\r\n9. II SA\/Wa 410\/17 <a href=\"http:\/\/orzeczenia.nsa.gov.pl\/doc\/1D083EECBB\">http:\/\/orzeczen&#8230;<\/a><br \/>\r\n10. II SA\/Wa 456\/17 <a href=\"http:\/\/orzeczenia.nsa.gov.pl\/doc\/E2EE79A99C\">http:\/\/orzeczen&#8230;<\/a><br \/>\r\n11. I OZ 853\/16 <a href=\"http:\/\/orzeczenia.nsa.gov.pl\/doc\/9A50BBCFC2\">http:\/\/orzeczen&#8230;<\/a><br \/>\r\n12. I OZ 1647\/16 <a href=\"http:\/\/orzeczenia.nsa.gov.pl\/doc\/6124E9CD67\">http:\/\/orzeczen&#8230;<\/a> kara<br \/>\r\n13. I OZ 1097\/17 <a href=\"http:\/\/orzeczenia.nsa.gov.pl\/doc\/8A56D1526A\">http:\/\/orzeczen&#8230;<\/a> kara<\/p>\r\n<p>15. Na koniec \u201e\u017cyczenia\u201d jakie dostaj\u0119 na prywatn\u0105 skrzynk\u0119 i wypowiedzi publiczne wyznawc\u00f3w sekty WO\u015aP, z oficjalnej i moderowanej strony pospolitego bandziora Jerzego Owsiaka, kt\u00f3ry nigdy przeciw temu nie zaprotestowa\u0142, ale zawsze szczu\u0142 i podgrzewa\u0142 do szczucia.<\/p>\r\n<p><a class=\"single-popup\" href=\"https:\/\/www.kontrowersje.net\/sites\/default\/files\/hejt.png\"><img loading=\"lazy\" decoding=\"async\" class=\"aligncenter\" src=\"https:\/\/www.kontrowersje.net\/sites\/default\/files\/hejt.png\" alt=\"hejt.png\" width=\"596\" height=\"485\" \/><\/a><\/p>\r\n<p><img loading=\"lazy\" decoding=\"async\" class=\"aligncenter\" src=\"https:\/\/www.kontrowersje.net\/sites\/default\/files\/Dw0UfWGWsAE_acz.jpg\" alt=\"Dw0UfWGWsAE_acz.jpg\" width=\"597\" height=\"271\" \/><\/p>\r\n<p><img loading=\"lazy\" decoding=\"async\" class=\"aligncenter\" src=\"https:\/\/www.kontrowersje.net\/sites\/default\/files\/Dw2im40WkAIlL-D.jpg\" alt=\"Dw2im40WkAIlL-D.jpg\" width=\"594\" height=\"355\" \/><\/p>\r\n<p><img loading=\"lazy\" decoding=\"async\" class=\"aligncenter\" src=\"https:\/\/www.kontrowersje.net\/sites\/default\/files\/sekta.JPG\" alt=\"sekta.JPG\" width=\"586\" height=\"193\" \/><\/p>\r\n<p><img loading=\"lazy\" decoding=\"async\" class=\"aligncenter\" src=\"https:\/\/www.kontrowersje.net\/sites\/default\/files\/sekta2.JPG\" alt=\"sekta2.JPG\" width=\"597\" height=\"297\" \/><\/p>\r\n<p><a class=\"single-popup\" href=\"https:\/\/www.kontrowersje.net\/sites\/default\/files\/sekta%203.JPG\"><img loading=\"lazy\" decoding=\"async\" class=\"aligncenter\" src=\"https:\/\/www.kontrowersje.net\/sites\/default\/files\/sekta%203.JPG\" alt=\"sekta 3.JPG\" width=\"598\" height=\"167\" \/><\/a><\/p>\r\n<p><a class=\"single-popup\" href=\"https:\/\/www.kontrowersje.net\/sites\/default\/files\/sekta%203.JPG\"><img loading=\"lazy\" decoding=\"async\" class=\"aligncenter\" src=\"https:\/\/www.kontrowersje.net\/sites\/default\/files\/sekta%204.JPG\" alt=\"sekta 4.JPG\" width=\"595\" height=\"152\" \/><\/a><\/p>\r\n<div class=\"field field-name-field--r-d-o-foto- field-type-text field-label-inline clearfix\">\r\n<div class=\"field-label\">Za: <a href=\"https:\/\/www.kontrowersje.net\/jurek_owsiak_pospolity_bandzior_i_wychowawca_bandzior_w_namaszczony_na_ofiar_hejtu\">kontrowersje.net (Stycze\u0144 16, 2019)<\/a>\r\n<h4>\u00a0<\/h4>\r\n<hr style=\"background-color: #000000; border-width: 0; color: #000000; height: 2px; line-height: 0; text-align: center; width: 100%;\" \/>\r\n<h4>\u00a0<\/h4>\r\n<\/div>\r\n<\/div>","protected":false},"excerpt":{"rendered":"INFO: Komitet Norweski przyj\u0105\u0142 nominacj\u0119 dla p. Jerzego Owsiaka do Pokojowej Nagrody Nobla 2019 &#8211; donosi wPolityce.pl. Jak podaje portal, wniosek o jej przyznanie z\u0142o\u017cy\u0142 p. Rafa\u0142 Collins, dziennikarz TVN Turbo z pomoc\u0105 WCz. Andrzeja Kobylarza, pos\u0142a Kukiz\u201915. To ju\u017c trzecia pr\u00f3ba zg\u0142oszenia p. Owsiaka jako kandydata do pokojowego Nobla. \u0179r\u00f3d\u0142o: wPolityce.pl Opracowa\u0142: GK Za: [&hellip;]","protected":false},"author":1,"featured_media":0,"comment_status":"closed","ping_status":"closed","sticky":false,"template":"","format":"standard","meta":{"_acf_changed":false,"_monsterinsights_skip_tracking":false,"_monsterinsights_sitenote_active":false,"_monsterinsights_sitenote_note":"","_monsterinsights_sitenote_category":0,"ngg_post_thumbnail":0,"footnotes":"","_wp_rev_ctl_limit":""},"categories":[8],"tags":[98,226,20],"acf":[],"_links":{"self":[{"href":"https:\/\/www.bibula.com\/index.php?rest_route=\/wp\/v2\/posts\/106277"}],"collection":[{"href":"https:\/\/www.bibula.com\/index.php?rest_route=\/wp\/v2\/posts"}],"about":[{"href":"https:\/\/www.bibula.com\/index.php?rest_route=\/wp\/v2\/types\/post"}],"author":[{"embeddable":true,"href":"https:\/\/www.bibula.com\/index.php?rest_route=\/wp\/v2\/users\/1"}],"replies":[{"embeddable":true,"href":"https:\/\/www.bibula.com\/index.php?rest_route=%2Fwp%2Fv2%2Fcomments&post=106277"}],"version-history":[{"count":1,"href":"https:\/\/www.bibula.com\/index.php?rest_route=\/wp\/v2\/posts\/106277\/revisions"}],"predecessor-version":[{"id":118974,"href":"https:\/\/www.bibula.com\/index.php?rest_route=\/wp\/v2\/posts\/106277\/revisions\/118974"}],"wp:attachment":[{"href":"https:\/\/www.bibula.com\/index.php?rest_route=%2Fwp%2Fv2%2Fmedia&parent=106277"}],"wp:term":[{"taxonomy":"category","embeddable":true,"href":"https:\/\/www.bibula.com\/index.php?rest_route=%2Fwp%2Fv2%2Fcategories&post=106277"},{"taxonomy":"post_tag","embeddable":true,"href":"https:\/\/www.bibula.com\/index.php?rest_route=%2Fwp%2Fv2%2Ftags&post=106277"}],"curies":[{"name":"wp","href":"https:\/\/api.w.org\/{rel}","templated":true}]}}