{"id":106273,"date":"2019-01-16T11:46:55","date_gmt":"2019-01-16T16:46:55","guid":{"rendered":"http:\/\/www.bibula.com\/?p=106273"},"modified":"2019-01-16T11:47:09","modified_gmt":"2019-01-16T16:47:09","slug":"groza-ks-isakowiczowi-zaleskiemu-wszystkich-was-nalezy-pozabijac-i-spalic-wasze-swiatynie","status":"publish","type":"post","link":"https:\/\/www.bibula.com\/?p=106273","title":{"rendered":"Gro\u017c\u0105 ks. Isakowiczowi-Zaleskiemu: \u201eWszystkich was nale\u017cy pozabija\u0107 i spali\u0107 wasze \u015bwi\u0105tynie&#8221;"},"content":{"rendered":"<p><strong>Ks. Tadeusz Isakowicz-Zaleski opublikowa\u0142 na swoich profilu facebookowym list, w kt\u00f3rym nadawca w niewybredny spos\u00f3b nie tylko obra\u017ca samego kap\u0142ana, Ko\u015bci\u00f3\u0142 i katolick\u0105 wiar\u0119, ale wprost nawo\u0142uje do akt\u00f3w przemocy. \u201eCo b\u0119dzie jak on i jemu podobnie zamieni\u0105 pi\u00f3ro na n\u00f3\u017c\u201d? &#8211; pyta kap\u0142an.<\/strong><\/p>\r\n<p>\u201eTwoja (\u2026) religia to najgorsza choroba Polski. Jeste\u015bcie spadkobiercami najgorszych morderc\u00f3w w historii\u201d &#8211; &nbsp;w pe\u0142nym wulgaryzm\u00f3w li\u015bcie, autor obra\u017ca Ko\u015bci\u00f3\u0142, ksi\u0119\u017cy i wiar\u0119 katolick\u0105. Nie ko\u0144czy si\u0119 jednak na obra\u017caniu. \u201eWszystkich was nale\u017cy pozabija\u0107 i spali\u0107 wasze \u015bwi\u0105tynie\u201d &#8211; grozi autor.<\/p>\r\n<p>\u201eCi, co chc\u0105 walczy\u0107 z <em>mow\u0105 nienawi\u015bci<\/em>, niech zajm\u0105 si\u0119 i tym. List dosta\u0142em po dyskusji o filmie <em>Kler<\/em>\u201d &#8211; przedstawia sytuacj\u0119 ks. Isakowicz-Zaleski. \u201eProkuratur prowadzi spraw\u0119, ale autor pisze dalsze mejle. Co b\u0119dzie jak jemu podobni zamieni\u0105 pi\u00f3ro na n\u00f3\u017c? Prosz\u0119 poda\u0107 prezydentowi Rafa\u0142owi Trzaskowskiemu, bo mnie blokuje na portalach spo\u0142eczno\u015bciowych\u201d &#8211; dodaje.<\/p>\r\n<p>\u201eNienawi\u015b\u0107 ma niszczycielskie skutki. A wszystko zaczyna si\u0119 od s\u0142\u00f3w. Dlatego w warszawskich szko\u0142ach jeszcze przed feriami zostan\u0105 przeprowadzone lekcje na temat tego, jak reagowa\u0107 i przeciwdzia\u0142a\u0107 mowie nienawi\u015bci\u201d &#8211; argumentuje rozpocz\u0119cie walki z <em>mow\u0105 nienawi\u015bci <\/em>prezydent Warszawy, Rafa\u0142 Trzaskowski. Warto zada\u0107 pytanie, czy owa walka obejmie tak\u017ce wy\u015bmiewanych, poni\u017canych i obra\u017canych katolik\u00f3w? Przysz\u0142o\u015b\u0107 poka\u017ce.<\/p>\r\n<p>\u0179r\u00f3d\u0142o: Facebook.com<\/p>\r\n<p>PR<\/p>\r\n<p class=\"zrodlo\">Za: <a href=\"https:\/\/www.pch24.pl\/groza-ks--isakowiczowi-zaleskiemu--wszystkich-was-nalezy-pozabijac-i-spalic-wasze-swiatynie,65541,i.html\">PoloniaChristiana &#8211; pch24.pl (2019-01-16)<\/a><\/p>\r\n<h4>&nbsp;<\/h4>\r\n<hr style=\"background-color: #000000; border-width: 0; color: #000000; height: 2px; line-height: 0; text-align: center; width: 100%;\">\r\n<h4>&nbsp;<\/h4>\r\n<h2>Zagraniczne media wykorzystuj\u0105 \u015bmier\u0107 prezydenta Gda\u0144ska do atak\u00f3w na Polsk\u0119<\/h2>\r\n<p><strong>Tragedia, do kt\u00f3rej dosz\u0142o w niedziel\u0119 podczas lokalnego fina\u0142u Wielkiej Orkiestry \u015awi\u0105tecznej Pomocy sta\u0142a si\u0119 dla niekt\u00f3rych opiniotw\u00f3rczych \u015brodk\u00f3w przekazu, a tak\u017ce publikuj\u0105cych za granic\u0105 zwolennik\u00f3w opozycji przyczynkiem do atak\u00f3w na Polsk\u0119. <\/strong><\/p>\r\n<p>\u201eA wi\u0119c Polska ma swoje pierwsze motywowane politycznie morderstwo\u201d &#8211; napisa\u0142a po \u015bmierci Paw\u0142a Adamowicza Agata Pyzik, dziennikarz i krytyk kultury, kt\u00f3ra publikowa\u0142a w takich tytu\u0142ach jak \u201eThe Guardian\u201d,&nbsp;\u201eThe Wire\u201d i&nbsp;\u201eNew Statesman\u201d. Sw\u00f3j wpis na Twitterze autorka zamie\u015bci\u0142a w j\u0119zyku angielskim, jako komentarz do za\u0142\u0105czonego artyku\u0142u z \u201eGuardiana\u201d, po\u015bwi\u0119conego gda\u0144skiej tragedii. Doda\u0142a, \u017ce Adamowicz zosta\u0142 zasztyletowany przez \u201egangstera sympatyzuj\u0105cego ze skrajn\u0105 prawic\u0105\u201d. Sama gazeta w cz\u0119sto aktualizowanej informacji o wydarzeniu konsekwentnie podkre\u015bla, \u017ce chocia\u017c Adamowicz z racji swego stosunku do kwestii imigracji czy dewiacji seksualnych mia\u0142 na prawicy wrog\u00f3w, to nie ma dowod\u00f3w na to, \u017ce sprawc\u0105 jego \u015bmierci kierowa\u0142y motywy polityczne.&nbsp;<\/p>\r\n<p><blockquote class=\"twitter-tweet\" data-width=\"550\" data-dnt=\"true\"><p lang=\"en\" dir=\"ltr\">So Poland has the first ideological hate-motivated murder of a politician -Gdansk mayor Pawel Adamowicz, who was stabbed publicly yesterday by a far right-sympathising gangster, has just passed away; this is just terrible <a href=\"https:\/\/t.co\/9wjW25ym9y\">https:\/\/t.co\/9wjW25ym9y<\/a><\/p>&mdash; agata pyzik (@AgataPyzik) <a href=\"https:\/\/twitter.com\/AgataPyzik\/status\/1084809770459193345?ref_src=twsrc%5Etfw\">January 14, 2019<\/a><\/blockquote><script async src=\"https:\/\/platform.twitter.com\/widgets.js\" charset=\"utf-8\"><\/script><\/p>\r\n<p>Z kolei anonim ukrywaj\u0105cy si\u0119 pod pseudonimem Matt von Kashubei pr\u00f3bowa\u0142 zainteresowa\u0107 francusk\u0105 stacj\u0119 telewizyjn\u0105 swoim wpisem o \u201eultrakatolickiej, narodowo-socjalistycznej partii PiS\u201d, kt\u00f3ra rzekomo ma ponosi\u0107 odpowiedzialno\u015b\u0107 za \u015bmier\u0107 Adamowicza.&nbsp;<\/p>\r\n<p>https:\/\/twitter.com\/delestoile\/status\/1084932141115469824<\/p>\r\n<p>Autor portalu \u201eThe Washington Post\u201d w nag\u0142\u00f3wku swej poniedzia\u0142kowej relacji z Polski podkre\u015bli\u0142, \u017ce Pawe\u0142 Adamowicz jest \u201eop\u0142akiwany jako krytyk antysemityzmu\u201d. Tytu\u0142 odnosi si\u0119 do o\u015bwiadczenia prezydenta \u015awiatowego Kongresu \u017byd\u00f3w. Ronald Lauder opisa\u0142 zmar\u0142ego jako \u201eprawdziwego przyjaciela spo\u0142eczno\u015bci \u017cydowskiej, opowiadaj\u0105cego si\u0119 g\u0142o\u015bno i wyra\u017anie przeciwko antysemityzmowi w Polsce\u201d. W oczach lidera mi\u0119dzynarodowej organizacji, niedawny prezydent Gda\u0144ska by\u0142 \u201ewiod\u0105cym g\u0142osem opozycji wobec skrajnie prawicowego ekstremizmu oraz zwolennikiem r\u00f3wnych praw i bezpiecze\u0144stwa dla wszystkich obywateli Polski\u201d.<\/p>\r\n<p>Motyw nazistowskiej atmosfery panuj\u0105cej rzekomo w Polsce powraca tak\u017ce w dalszej cz\u0119\u015bci artyku\u0142u, w odniesieniu do informacji o ust\u0105pieniu dotychczasowego lidera fundacji WO\u015aP.<\/p>\r\n<p>\u201eOwsiak powiedzia\u0142, \u017ce od lat jest celem gr\u00f3\u017ab i nienawistnych komunikat\u00f3w, w tym ze strony niekt\u00f3rych prawicowych rz\u0105dz\u0105cych, ale nie otrzymuje ze strony policji \u017cadnej pomocy\u201d &#8211; pisze \u201eWashington Post\u201d. \u201ePowiedzia\u0142 na konferencji prasowej, \u017ce ostatnio poziom publicznej krytyki \u201esi\u0119ga poziomu nazistowskiego, faszystowskiego j\u0119zyka pogr\u00f3\u017cek\u201d &#8211; dodaje portal.<\/p>\r\n<p><img fetchpriority=\"high\" decoding=\"async\" src=\"https:\/\/www.pch24.pl\/files\/wpost.jpg\" alt=\"\" width=\"640\" height=\"408\"><\/p>\r\n<p>Podobny ton uwidoczni\u0142 si\u0119 r\u00f3wnie\u017c na P\u00f3\u0142wyspie Apeni\u0144skim. \u201eZak\u0142amane upolitycznianie \u015bmierci Paw\u0142a Adamowicza trwa. W\u0142oski dziennik <em>Corriere della Sera<\/em> krzyczy tytu\u0142ami: <em>Zabity w Gda\u0144sku prezydent z opozycji<\/em>. <em>Zbrodnia polityczna <\/em>; <em>M\u0142ody Wa\u0142\u0119sa:<\/em> \u2018<em>Jest ci\u0119\u017ckie powietrze<\/em>. <em>Pawe\u0142 by\u0142 europeist\u0105, ofiar\u0105 klimatu nienawi\u015bci\u201d<\/em> &#8211; napisa\u0142 na Twitterze mieszkaj\u0105cy w Rzymie jezuita, o. Dariusz Kowalczyk.<\/p>\r\n<p>\u201eW\u0142oskie lewicowo-liberalne, a tak\u017ce &#8211; niestety &#8211; katolickie, media inspirowane zapewne przez swych przyjaci\u00f3\u0142 z Polski, nie ustaj\u0105 w sugerowaniu <em>przyczyn<\/em> \u015bmierci Paw\u0142a Adamowicza. Dzi\u015b podkre\u015blaj\u0105, \u017ce zamordowany prezydent Gda\u0144ska by\u0142 otwarty na emigrant\u00f3w\u201d &#8211; doda\u0142 ojciec Kowalczyk SJ.<\/p>\r\n<p>\u0179r\u00f3d\u0142a: TheWashingtonPost.com, theguardian.com, Twitter.<\/p>\r\n<p>RoM<\/p>\r\n<p class=\"zrodlo\">Za: <a href=\"https:\/\/www.pch24.pl\/zagraniczne-media-wykorzystuja-smierc-prezydenta-gdanska-do-atakow-na-polske,65516,i.html\">PoloniaChristiana &#8211; pch24.pl (2019-01-15)<\/a><\/p>\r\n<h4>&nbsp;<\/h4>\r\n<hr style=\"background-color: #000000; border-width: 0; color: #000000; height: 2px; line-height: 0; text-align: center; width: 100%;\">\r\n<h4>&nbsp;<\/h4>","protected":false},"excerpt":{"rendered":"Ks. Tadeusz Isakowicz-Zaleski opublikowa\u0142 na swoich profilu facebookowym list, w kt\u00f3rym nadawca w niewybredny spos\u00f3b nie tylko obra\u017ca samego kap\u0142ana, Ko\u015bci\u00f3\u0142 i katolick\u0105 wiar\u0119, ale wprost nawo\u0142uje do akt\u00f3w przemocy. \u201eCo b\u0119dzie jak on i jemu podobnie zamieni\u0105 pi\u00f3ro na n\u00f3\u017c\u201d? &#8211; pyta kap\u0142an. \u201eTwoja (\u2026) religia to najgorsza choroba Polski. Jeste\u015bcie spadkobiercami najgorszych morderc\u00f3w [&hellip;]","protected":false},"author":1,"featured_media":0,"comment_status":"closed","ping_status":"closed","sticky":false,"template":"","format":"standard","meta":{"_acf_changed":false,"_monsterinsights_skip_tracking":false,"_monsterinsights_sitenote_active":false,"_monsterinsights_sitenote_note":"","_monsterinsights_sitenote_category":0,"ngg_post_thumbnail":0,"footnotes":"","_wp_rev_ctl_limit":""},"categories":[5],"tags":[132,65,114,98,159],"acf":[],"_links":{"self":[{"href":"https:\/\/www.bibula.com\/index.php?rest_route=\/wp\/v2\/posts\/106273"}],"collection":[{"href":"https:\/\/www.bibula.com\/index.php?rest_route=\/wp\/v2\/posts"}],"about":[{"href":"https:\/\/www.bibula.com\/index.php?rest_route=\/wp\/v2\/types\/post"}],"author":[{"embeddable":true,"href":"https:\/\/www.bibula.com\/index.php?rest_route=\/wp\/v2\/users\/1"}],"replies":[{"embeddable":true,"href":"https:\/\/www.bibula.com\/index.php?rest_route=%2Fwp%2Fv2%2Fcomments&post=106273"}],"version-history":[{"count":0,"href":"https:\/\/www.bibula.com\/index.php?rest_route=\/wp\/v2\/posts\/106273\/revisions"}],"wp:attachment":[{"href":"https:\/\/www.bibula.com\/index.php?rest_route=%2Fwp%2Fv2%2Fmedia&parent=106273"}],"wp:term":[{"taxonomy":"category","embeddable":true,"href":"https:\/\/www.bibula.com\/index.php?rest_route=%2Fwp%2Fv2%2Fcategories&post=106273"},{"taxonomy":"post_tag","embeddable":true,"href":"https:\/\/www.bibula.com\/index.php?rest_route=%2Fwp%2Fv2%2Ftags&post=106273"}],"curies":[{"name":"wp","href":"https:\/\/api.w.org\/{rel}","templated":true}]}}