{"id":106269,"date":"2019-01-16T11:33:46","date_gmt":"2019-01-16T16:33:46","guid":{"rendered":"http:\/\/www.bibula.com\/?p=106269"},"modified":"2019-01-16T13:38:58","modified_gmt":"2019-01-16T18:38:58","slug":"grzegorz-braun-o-grozbie-wojny-z-iranem-oraz-smierci-pawla-adamowicza","status":"publish","type":"post","link":"https:\/\/www.bibula.com\/?p=106269","title":{"rendered":"Grzegorz Braun o gro\u017abie wojny z Iranem oraz \u015bmierci Paw\u0142a Adamowicza"},"content":{"rendered":"<p><strong><em>Wicecesarz zarz\u0105dzi\u0142 u nas narad\u0119 wojenn\u0105<\/em> &#8211; powiedzia\u0142 Grzegorz Braun komentuj\u0105c na antenie telewizji wPolsce ameryka\u0144sk\u0105 konferencj\u0119 po\u015bwi\u0119con\u0105 kwestiom Bliskiego Wschodu. Odni\u00f3s\u0142 si\u0119 r\u00f3wnie\u017c do tragicznej \u015bmierci prezydenta Gda\u0144ska.<\/strong><\/p>\r\n<p>&#8211; <em>Zarz\u0105dzi\u0142 zagraniczny minister, sekretarz stanu, tutaj narad\u0119 wojenn\u0105<\/em> &#8211; stwierdzi\u0142 Grzegorz Braun o konferencji wywo\u0142uj\u0105cej napi\u0119cia na linii Polska-Iran. &#8211; <em>Jakie nar\u00f3d polski ma kwestie, nie m\u00f3wi\u0119 konfliktowe, ale w og\u00f3le sporne z narodem ira\u0144skim? \u0179adne. Mamy historyczne d\u0142ugi wdzi\u0119czno\u015bci wobec Iranu<\/em> &#8211; zauwa\u017cy\u0142 w rozmowie z Piotrem Bare\u0142kowskim.&nbsp;&nbsp;&nbsp;&nbsp;&nbsp;&nbsp;&nbsp;&nbsp;&nbsp;&nbsp;&nbsp;&nbsp;&nbsp;&nbsp;&nbsp;&nbsp;&nbsp;&nbsp;&nbsp;&nbsp;&nbsp;&nbsp;&nbsp;&nbsp;&nbsp;&nbsp;&nbsp;&nbsp;&nbsp;&nbsp;&nbsp;&nbsp;&nbsp;&nbsp;&nbsp;&nbsp;&nbsp;&nbsp;&nbsp;&nbsp;&nbsp;&nbsp;&nbsp;&nbsp;&nbsp;&nbsp;&nbsp;&nbsp;&nbsp;&nbsp;&nbsp;&nbsp;&nbsp;&nbsp;&nbsp;&nbsp;&nbsp;&nbsp;&nbsp;<\/p>\r\n<p>&#8211; <em>Mnie obieca\u0142 ten g\u0142\u00f3wny bandzior, \u017ce tutaj rzekomo nie pozwoli mnie skrzywdzi\u0107 tym z s\u0105siedniej ulicy, to ja czuj\u0119 si\u0119 zobowi\u0105zany razem z nim wzi\u0105\u0107 udzia\u0142 w skoku na&nbsp;pobliski zieleniak <\/em>&#8211; metaforycznie opisa\u0142 stosunki Polski i USA Grzegorz Braun dodaj\u0105c, \u017ce nie chce, by nar\u00f3d polski by\u0142 wpl\u0105tywany w wojn\u0119 na Bliskim Wschodzie. Zdaniem zaanga\u017cowanego spo\u0142ecznie re\u017cysera i publicysty, taki potencjalny konflikt \u201enie ma nic wsp\u00f3lnego z polskim interesem narodowym i z polsk\u0105 racj\u0105 stanu\u201d, za\u015b na warszawskiej konferencji \u201ePolska b\u0119dzie wyst\u0119powa\u0142a w charakterze g\u0142\u00f3wnego lokaja\u201d.<\/p>\r\n<p>Zdaniem Brauna, spotkanie b\u0119dzie mie\u0107 charakter narady wojskowej, tymczasem \u201ew polskim Kodeksie karnym jest ca\u0142y rozdzia\u0142 o tym, \u017ce udzia\u0142 w planowaniu wojny napastniczej jest przest\u0119pstwem\u201d &#8211; przypomnia\u0142. &#8211; <em>W ostatnich dniach podano do wiadomo\u015bci publicznej, \u017ce Bia\u0142y Dom zleci\u0142 \u201ezielonym\u201d w Pentagonie przygotowanie skonkretyzowanych plan\u00f3w wojny z Iranem. C\u00f3\u017c to jest innego, jak nie planowanie wojny napastniczej<\/em>?- pyta\u0142.<\/p>\r\n<p>&#8211; <em>My nie jeste\u015bmy krajem neutralnym<\/em> &#8211; powiedzia\u0142 Grzegorz Braun, wyra\u017caj\u0105c \u017cal z powodu braku neutralno\u015bci. &#8211; <em>My jeste\u015bmy ziemi\u0105 niczyj\u0105 zarz\u0105dzan\u0105 przez lokajsk\u0105 ekip\u0119, kt\u00f3ra dowiaduje si\u0119 z telewizora, \u017ce wicecesarz zarz\u0105dzi\u0142 u nas narad\u0119 wojenn\u0105<\/em> &#8211; doda\u0142.<\/p>\r\n<p>&#8211; <em>\u0179enuje mnie ten fakt, \u017ce warszawscy lokaje w pa\u0142acu prezydenckim, w siedzibie Urz\u0119du Rady Ministr\u00f3w, przyjmuj\u0105 do aprobuj\u0105cej wiadomo\u015bci to czego si\u0119 z Fox News dowiedzieli, \u017ce w Waszyngtonie postanowiono. (\u2026) Nasz minister b\u0119dzie podawa\u0142 kanapki<\/em> &#8211; stwierdzi\u0142 Braun w telewizji wPolsce. &#8211; <em>Nie chc\u0119 i\u015b\u0107 na cudz\u0105 wojn\u0119 razem z moim narodem i co wi\u0119cej, nie chc\u0119 ha\u0144by w rodzaju ha\u0144by roku 1968, kiedy to Wojciech Jaruzelski poprowadzi\u0142 &#8211; b\u0105d\u017a co b\u0105d\u017a &#8211; urodzonych w polskich domach \u017co\u0142nierzy do napa\u015bci na s\u0105siednie narody: czeski i s\u0142owacki<\/em> &#8211; powiedzia\u0142. Odni\u00f3s\u0142 si\u0119 tak\u017ce do tematu, kt\u00f3rym w ostatnich dniach \u017cyje ca\u0142y kraj.<\/p>\r\n<p>&#8211; <em>\u015awie\u0107 Panie nad jego dusz\u0105<\/em> &#8211; powiedzia\u0142 Grzegorz Braun o tragicznie zmar\u0142ym prezydencie Gda\u0144ska. &#8211; <em>Tragedia, straszna rzecz, rodzina, dzieci. To z jednej strony i ka\u017cdy kto w tej sytuacji b\u0119dzie si\u0119 zdobywa\u0142 na jakie\u015b polityczne komentarze, ten od razu si\u0119 przedstawi publiczno\u015bci jako cz\u0142owiek nieludzki<\/em> &#8211; stwierdzi\u0142. &#8211; <em>Ale ja ju\u017c etatowo przyjmuj\u0119 na siebie t\u0119 rol\u0119<\/em> &#8211; doda\u0142.<\/p>\r\n<p>&#8211; <em>Pan Adamowicz ju\u017c jest na s\u0105dzie Bo\u017cym, (\u2026) natomiast \u017ca\u0142uj\u0119, \u017ce z tego powodu ju\u017c nigdy nie stanie przed s\u0105dem ludzkim<\/em> &#8211; stwierdzi\u0142 Grzegorz Braun zauwa\u017caj\u0105c, \u017ce Pawe\u0142 Adamowicz m\u00f3g\u0142by by\u0107 \u015bwiadkiem w wielu sprawach dotycz\u0105cych polskiego \u017cycia publicznego. Odni\u00f3s\u0142 si\u0119 tak\u017ce do sprawy kary \u015bmierci &#8211; temat podnoszony jest ostatnio w\u0142a\u015bnie w kontek\u015bcie zbrodni dokonanej na prezydencie Gda\u0144ska.<\/p>\r\n<p>&#8211; <em>Moje programowo artyku\u0142owane przekonania to mi\u0119dzy innymi jest przekonanie, \u017ce Kodeks karny bez kary \u015bmierci dla morderc\u00f3w nie ma sensu<\/em> &#8211; powiedzia\u0142 Braun. Z wypowiedzi re\u017cysera wynika r\u00f3wnie\u017c, \u017ce kwestia zamordowania prezydenta Gda\u0144ska powinna by\u0107 bardzo szczeg\u00f3\u0142owo analizowana tak\u017ce pod k\u0105tem dokonania na nim egzekucji.&nbsp; &#8211; <em>Ja moim okiem re\u017cysera widz\u0119, \u017ce je\u017celi to jest zbieg okoliczno\u015bci, no to o bardzo silnych walorach dramaturgicznych, scenariuszowych, wr\u0119cz filmowych. Pan r\u00f3wnie\u017c ma to oko, pan to widzi. M\u00f3wi\u0105c otwartym tekstem: scenariusz egzekucji jest r\u00f3wnie prawdopodobny. Scenariusz publicznej egzekucji w spos\u00f3b tak zaaran\u017cowany, \u017ceby nie budzi\u0142o to \u017cadnych w\u0105tpliwo\u015bci i natychmiast zamyka\u0142o \u015bledztwo: mamy sprawc\u0119, mamy narz\u0119dzie zbrodni<\/em> &#8211; powiedzia\u0142 w telewizji wPolsce Grzegorz Braun. Jego zdaniem Pawe\u0142 Adamowicz jako aktywny polityk \u201eznalaz\u0142 si\u0119 w sytuacjach, w kt\u00f3rych sta\u0142 si\u0119 depozytariuszem wiedzy, kt\u00f3ra niejednego mog\u0142aby przyprawi\u0107 o nag\u0142y zgon\u201d. &#8211; <em>My\u015bl\u0119, \u017ce prokuratura powinna ten w\u0105tek r\u00f3wnie\u017c bada\u0107<\/em> &#8211; doda\u0142.<\/p>\r\n<p>\u0179r\u00f3d\u0142o: wPolsce<\/p>\r\n<p>MW\u0142<\/p>\r\n<p>Ca\u0142o\u015b\u0107 materia\u0142u dost\u0119pna tutaj:<\/p>\r\n<p><iframe id=\"198441313\" src=\"https:\/\/www.youtube.com\/embed\/A-98Yszf-t8?enablejsapi=1&amp;origin=https%3A%2F%2Fwww.pch24.pl\" allowfullscreen=\"allowfullscreen\" data-gtm-yt-inspected-10013869_50=\"true\" data-mce-fragment=\"1\" width=\"600\" height=\"336\"><\/iframe><\/p>\r\n<h4>&nbsp;<\/h4>\r\n<hr style=\"background-color: #000000; border-width: 0; color: #000000; height: 2px; line-height: 0; text-align: center; width: 100%;\">\r\n<h4>&nbsp;<\/h4>\r\n<h2>Nieoficjalnie: Iran ogranicza Polakom dost\u0119p do wiz! To efekt konferencji USA w Warszawie?<\/h2>\r\n<p><strong>W internecie pojawiaj\u0105 si\u0119 doniesienia, \u017ce Iran tymczasowo ograniczy\u0142 wydawanie wiz dla Polak\u00f3w. Wszystko wskazuje na to, \u017ce &#8211; je\u015bli doniesienia si\u0119 potwierdz\u0105 &#8211; jest to reakcja na zaplanowan\u0105 na luty konferencj\u0119 o Bliskim Wschodzie. Polska organizuje j\u0105 w Warszawie razem ze Stanami Zjednoczonymi, a Teheran obawia si\u0119 antyira\u0144skiego wyd\u017awi\u0119ku spotkania.<\/strong><\/p>\r\n<p>Nie potwierdzono, jak d\u0142ugo potrwaj\u0105 domniemane ograniczenia w ruchu wizowym. Jak podaje bran\u017cowy portal fly4free.pl, wizy do Iranu mo\u017cna uzyska\u0107 na 3 sposoby. Pierwszy z nich to rejestracja w systemie elektronicznym i odbi\u00f3r wizy w ambasadzie, za\u015b druga polega na rejestracji w systemie elektronicznym oraz odebranie jej na lotnisku. Pierwszy spos\u00f3b nie wchodzi obecnie w gr\u0119, a z drugim lepiej si\u0119 wstrzyma\u0107 &#8211; twierdzi portal.<\/p>\r\n<p>Pozostaje zatem trzecia, bardziej ryzykowna opcja: za\u0142atwienie wizy po przylocie do Iranu. Tak zwane wizy <em>on arrival<\/em> s\u0105, wed\u0142ug portalu, wydawane, ale nale\u017cy liczy\u0107 si\u0119 z ryzykiem odmowy.<\/p>\r\n<p>Jednak dziennikarz i analityk Witold Repetowicz napisa\u0142 we wtorek na Twitterze, \u017ce polscy obywatele licz\u0105cy na otrzymanie wizy ju\u017c w Iranie \u201enajprawdopodobniej\u201d jej nie otrzymaj\u0105. W efekcie pozostanie im&#8230; powr\u00f3t do kraju.<\/p>\r\n<p>Polskie w\u0142adze planuj\u0105 13 i 14 lutego zorganizowa\u0107 w Warszawie razem z USA konferencj\u0119 dotycz\u0105c\u0105 bezpiecze\u0144stwa na Bliskim Wschodzie. Teheran twierdzi, \u017ce b\u0119dzie ona mie\u0107 wyd\u017awi\u0119k antyira\u0144ski.<\/p>\r\n<p>W zwi\u0105zku z tym w Teheranie dosz\u0142o do spotkania polskiego i ira\u0144skiego przedstawiciela dyplomacji. Charg\u00c3\u00a9 d\u2019affaires Rzeczypospolitej w Iranie rozmawia\u0142 z przedstawicielem tamtejszego MSZ. Ponadto Teheran odwo\u0142a\u0142 zaplanowany na luty Tydzie\u0144 Polskiego Filmu.<\/p>\r\n<p>\u0179r\u00f3d\u0142a: fly4free.pl \/ twitter.com \/ pch24.pl \/ wiadomosci.wp.pl<\/p>\r\n<p>mjend<\/p>\r\n<p class=\"zrodlo\">Za: <a href=\"https:\/\/www.pch24.pl\/nieoficjalnie--iran-ogranicza-polakom-dostep-do-wiz--to-efekt-konferencji-usa-w-warszawie-,65540,i.html\">PoloniaChristiana &#8211; pch24.pl (2019-01-16)<\/a><\/p>\r\n<h4>&nbsp;<\/h4>\r\n<hr style=\"background-color: #000000; border-width: 0; color: #000000; height: 2px; line-height: 0; text-align: center; width: 100%;\">\r\n<h4>&nbsp;<\/h4>\r\n<h2>Kto tu jest gospodarzem? USA zwo\u0142uj\u0105 konferencj\u0119 ws Iranu w&nbsp;Polsce.<\/h2>\r\n<p><strong>Sekretarz stanu USA Mike Pompeo og\u0142osi\u0142 w pi\u0105tek, \u017ce w po\u0142owie lutego w Polsce odb\u0119dzie si\u0119 mi\u0119dzynarodowa konferencja na temat sytuacji ma Bliskim Wschodzie, w szczeg\u00f3lno\u015bci w Iranie.<\/strong><\/p>\r\n<p><em>[Z tego co m\u00f3wi\u0105 \u017ali ludzie &#8211; ale kto by im tam wierzy\u0142! &#8211; USA zdecydowa\u0142y o ulokowaniu konferencji w Polsce bez uprzedniego powiadomienia gospodarzy i uzyskania ich cho\u0107by formalnej zgody &#8211; admin]<\/em><\/p>\r\n<p><span id=\"more-73978\"><\/span>Oznacza to jednoznacznie, \u017ce polskie w\u0142adze przy\u0142\u0105czaj\u0105 si\u0119 do dw\u00f3ch, nader kontrowersyjnych inicjatyw administracji Donalda Trumpa.<\/p>\r\n<p>A mianowicie: jest to <strong>zerwanie umowy o rozbrojeniu atomowym z Iranem<\/strong> i <strong>wycofanie si\u0119 ameryka\u0144skich wojsk z Syrii.<\/strong><\/p>\r\n<p>O tym redaktor Leonid Sigan rozmawia z niezale\u017cnym pos\u0142em na Sejm Januszem Sanockim.<\/p>\r\n<p style=\"padding-left: 30px;\"><strong>Jak Pan zapatruje si\u0119 na ten pomys\u0142? Czy nie jest to ruch, kt\u00f3ry dla Polski niesie istotne ryzyko?<\/strong><\/p>\r\n<p style=\"padding-left: 30px;\">&#8211; Tak, na pewno to niesie dla Polski pewne ryzyko. Poza tym jest to dla mnie ca\u0142kowicie niezrozumia\u0142a polityka, bo my ma Bliskim Wschodzie nie mamy \u017cadnych interes\u00f3w, \u017cadnego szybu naftowego tam nie mamy. Nie wiem, jakie interesy mog\u0142yby sk\u0142oni\u0107 Polsk\u0119 do zaanga\u017cowania si\u0119 po kt\u00f3rej\u015b ze stron konfliktu.<\/p>\r\n<p style=\"padding-left: 30px;\">Natomiast organizacja u siebie konferencji, kt\u00f3ra jest wymierzona w Iran, co zreszt\u0105 dyplomacja ira\u0144ska ju\u017c stwierdzi\u0142a, jest, moim zdaniem, niezrozumia\u0142ym zupe\u0142nie krokiem. Nie wiem, z czego polskie w\u0142adze czerpi\u0105 inspiracje do takich dzia\u0142a\u0144. Jest to dla mnie kompletnie niezrozumia\u0142e, tak samo, jak dla wielu Polak\u00f3w, z wielu przecie\u017c rozmawiam. Zw\u0142aszcza, \u017ce z Iranem zawsze mieli\u015bmy dobre relacje, z czas\u00f3w wojny, gdy nasze dzieci ewakuowane razem z armi\u0105 Andersa przebywa\u0142y w Iranie. Pa\u0144stwo, kt\u00f3re kiedy\u015b powa\u017cnie traktowano, nie powinno takich krok\u00f3w robi\u0107\u2026.<\/p>\r\n<p style=\"padding-left: 30px;\"><em>[Kupie g\u00f3wna nie zale\u017cy, by j\u0105 powa\u017cnie traktowano, bo kupie g\u00f3wna ju\u017c na niczym nie zale\u017cy &#8211; admin]<\/em><\/p>\r\n<p style=\"padding-left: 30px;\"><strong>Dziennikarz Gazety Prawnej swoj\u0105 opini\u0119 na poruszony temat zaopatrzy\u0142 w tytu\u0142: \u201ePompeo ustawi\u0142 Polsk\u0119 w roli kelnera\u201d. Przecie\u017c do kompromituj\u0105cej gafy wok\u00f3\u0142 tej konferencji dosz\u0142o w momencie jej og\u0142oszenia. Sekretarz stanu Pompeo poda\u0142 informacj\u0119 o niej nie wspominaj\u0105c nawet, \u017ce wsp\u00f3\u0142organizatorem jest polski rz\u0105d. Wi\u0119c USA b\u0119d\u0105 nie u siebie, lecz w Polsce, gospodarzem tego wydarzenia?<\/strong><\/p>\r\n<p style=\"padding-left: 30px;\">&#8211; Bardzo to jest smutne. Powiem szczerze, ja \u017cyj\u0119 dostatecznie d\u0142ugo, \u017ceby pami\u0119ta\u0107 czasy PRL-u, relacji polsko-radzieckich. Pami\u0119tam Leonida Bre\u017cniewa: jak Leonid Bre\u017cniew wys\u0142a\u0142 wojska do Afganistanu, to Polska w to nie by\u0142a wci\u0105gni\u0119ta. By\u0142o to ludzkie pa\u0144stwo, jak si\u0119 dzisiaj okazuje. Natomiast dzi\u015b traktowanie Polski w taki spos\u00f3b, fakt, \u017ce nasze w\u0142adze na to pozwalaj\u0105, jest dla mnie czym\u015b absolutnie ha\u0144bi\u0105cym.<\/p>\r\n<p style=\"padding-left: 30px;\"><strong>No, konferencja odb\u0119dzie si\u0105 na dwa miesi\u0105ce przed og\u0142oszeniem przez Pentagon decyzji o wzmocnieniu ameryka\u0144skiej obecno\u015bci wojskowej w Polsce. Wi\u0119c, mimowolnie nasuwa si\u0119 my\u015bl, czy wyb\u00f3r Polski jest jak\u0105\u015b cen\u0105 za Fort Trump?<\/strong><\/p>\r\n<p style=\"padding-left: 30px;\">&#8211; Za wszystko trzeba p\u0142aci\u0107. W \u015brodowym dzienniku \u201eRzeczpospolita\u201d ukaza\u0142 si\u0119 artyku\u0142 jednego z publicyst\u00f3w na temat wypowiedzi pana Kornela Morawieckiego, kt\u00f3ry zakwestionowa\u0142 obecno\u015b\u0107 wojsk ameryka\u0144skich i stwierdzi\u0142, \u017ce, jako patriota walczy\u0142 niegdy\u015b przeciwko obecno\u015bci wojsk radzieckich w Polsce.<\/p>\r\n<p style=\"padding-left: 30px;\">Ja mog\u0119 ca\u0142kowicie pod tym si\u0119 podpisa\u0107, poniewa\u017c w czasach PRL te\u017c uwa\u017cali\u015bmy, \u017ce obecno\u015b\u0107 obcych wojsk na terytorium pa\u0144stwa jest oznak\u0105 braku suwerenno\u015bci. To jest pochodna pewnej polityki, kt\u00f3r\u0105 Polska prowadzi. Polskie w\u0142adze wybra\u0142y tak\u0105 rol\u0119, \u017ce Rosj\u0119 ustawi\u0142y w roli \u015bmiertelnego zagro\u017cenia, jakiego\u015b absolutnego z\u0142a. Prowadzimy swoj\u0105 wojn\u0119 informacyjn\u0105.<\/p>\r\n<p style=\"padding-left: 30px;\">W\u0142a\u015bnie napisa\u0142em polemik\u0119 z artyku\u0142em \u201eRzeczpospolitej\u201d. Wys\u0142a\u0142em j\u0105 dzi\u015b, domagaj\u0105c si\u0119 pewnej powa\u017cnej debaty narodowej na ten temat, czy nasza polityka jest s\u0142uszna, bo dziennikarz \u201eRzeczypospolitej\u201d pisze, \u017ce nie trzeba nikogo przekonywa\u0107, i\u017c Rosja prowadzi wojn\u0119 informacyjn\u0105. A my nie prowadzimy takiej wojny informacyjnej?<\/p>\r\n<p style=\"padding-left: 30px;\">Ja obserwuje polskie media z racji moich zainteresowa\u0144, z punktu widzenia funkcji spo\u0142ecznych. Ja nie pami\u0119tam \u017cadnej pozytywnej informacji na temat wydarze\u0144 w Rosji. Nie pami\u0119tam nawet oboj\u0119tnych informacji o tym, co si\u0119 dzieje w Moskwie, co si\u0119 dzieje w kulturze rosyjskiej, w gospodarce &#8211; nic. A wszystkie te wielkie wydarzenia, jak, na przyk\u0142ad, Olimpiada w Soczi, to w polskiej telewizji pokazywano jakie\u015b dwa kible, zmontowane gdzie\u015b. Po prostu Rosj\u0119, naszego s\u0105siada, pokazuje si\u0119 przez karykatur\u0119. W zwi\u0105zku z tym rozs\u0105dek nakazywa\u0142by uk\u0142ada\u0107 te relacje w spos\u00f3b zr\u00f3wnowa\u017cony, a nie wyst\u0119powa\u0107 w roli wroga.<\/p>\r\n<p style=\"padding-left: 30px;\">Owszem, s\u0105 wydarzenia na Ukrainie, ale my znowu ca\u0142kiem jednostronnie przedstawiamy sytuacj\u0119 tutaj: nie m\u00f3wimy wcale o rosyjskiej ludno\u015bci na wschodniej Ukrainie, o tym, \u017ce pierwsz\u0105 rzecz\u0105, jak\u0105 Poroszenko zrobi\u0142 po Majdanie, by\u0142o cofni\u0119cie ustawy o r\u00f3wnouprawnieniu j\u0119zyk\u00f3w, o tym, jak si\u0119 czuj\u0105 tam W\u0119grzy. My o tym w og\u00f3le nie m\u00f3wimy, tylko jednostronnie walimy w Rosj\u0119. Chocia\u017c wielu ludzi \u201d\u201d a w\u015br\u00f3d moich znajomych jest mn\u00f3stwo ludzi m\u0142odych \u201d\u201d naprawd\u0119 ma ca\u0142kiem odmienne zdanie na temat tego, co si\u0119 dzieje i na Ukrainie, i w stosunku do Rosji. <em>[Gdzie oni? &#8211; admin]<\/em><\/p>\r\n<p style=\"padding-left: 30px;\">Jedyne, co mog\u0119 zrobi\u0107, to apelowa\u0107 do Rosjan, \u017ceby nie odpowiadali tym samym, bo trzeba przeczeka\u0107 ten okres, gdy\u017c mo\u017ce co\u015b si\u0119 zmieni. Efektem tej wrogo\u015bci jest to, \u017ce my po prostu zabiegamy w roli \u017cebraka u Amerykan\u00f3w o to, \u017ceby swoje wojsko tu ustawili, jakoby mia\u0142o to nas broni\u0107.<\/p>\r\n<p style=\"padding-left: 30px;\">Po pierwsze, jest to oznak\u0105 niesuwerenno\u015bci, po drugie, trzeba za to b\u0119dzie p\u0142aci\u0107, bo to nic za darmo nie ma na tym Bo\u017cym \u015bwiecie \u201d\u201d powiedzia\u0142 niezale\u017cny pose\u0142 na Sejm Janusz Sanocki.<\/p>\r\n<p><em><a href=\"https:\/\/pl.sputniknews.com\/opinie\/201901149586305-miejsce-polski-na-konferencji-w-sprawie-bliskiego-wschodu-sputnik-polska\/\" target=\"_blank\" rel=\"noopener\">https:\/\/pl.sputniknews.com<\/a><\/em><\/p>\r\n<p class=\"zrodlo\">Za: <a href=\"https:\/\/marucha.wordpress.com\/2019\/01\/16\/kto-tu-jest-gospodarzem-usa-zwoluja-konferencje-ws-iranu-w-polsce\/\">Dziennik gajowego Maruchy (2019-01-16)<\/a><\/p>\r\n<h4>&nbsp;<\/h4>\r\n<hr style=\"background-color: #000000; border-width: 0; color: #000000; height: 2px; line-height: 0; text-align: center; width: 100%;\">\r\n<h4>&nbsp;<\/h4>\r\n<h2>Polacy nie pojad\u0105 ju\u017c do Iranu. Pa\u0144stwo ajatollah\u00f3w wstrzyma\u0142o wydawanie wiz dla Polak\u00f3w. W odwecie za konferencj\u0119<\/h2>\r\n<p><strong>Iran wstrzyma\u0142 wydawanie wiz dla Polak\u00f3w. To dzia\u0142anie odwetowe za organizowanie konferencji dotycz\u0105cej Bliskiego Wschodu w Warszawie. <\/strong><\/p>\r\n<p>O wstrzymaniu wydawania wiz turystycznych dla Polak\u00f3w przez ira\u0144skie w\u0142adze poinformowa\u0142o Radio Zet. Podr\u00f3\u017cuj\u0105cy do Iranu powinni uwa\u017ca\u0107, bo podobna sytuacja mo\u017ce dotyczy\u0107 wiz lotniskowych wydawanych na miejscu.<\/p>\r\n<p><img fetchpriority=\"high\" decoding=\"async\" class=\"entry-thumb aligncenter\" title=\"iran_minister_spraw_zagranicznych\" src=\"https:\/\/nczas.com\/wp-content\/uploads\/2018\/05\/iran_minister_spraw_zagranicznych.jpg\" alt=\"Minister Spraw Zagranicznych Iranu Muhammad D\u017cawad Zarif. Foto: yt\" width=\"590\" height=\"394\"><\/p>\r\n<div style=\"text-align: center;\"><em>Minister Spraw Zagranicznych Iranu Muhammad D\u017cawad Zarif. Foto: yt<\/em>\r\n<p style=\"text-align: left;\">Informacja nie zosta\u0142a potwierdzona. Ani ira\u0144ski ani polski MSZ nie zaj\u0119\u0142y oficjalnego stanowiska w tej sprawie.<\/p>\r\n<p style=\"text-align: left;\">Jest to kolejne z dzia\u0142a\u0144 odwetowych wobec Polski po tym, gdy og\u0142oszono wsp\u00f3ln\u0105 w USA organizacj\u0119 spotkania ministr\u00f3w spraw zagranicznych w sprawie budowania pokoju i bezpiecze\u0144stwa na Bliskim Wschodzie. Wcze\u015bniej Iran odwo\u0142a\u0142 zaplanowany na luty Tydzie\u0144 Polskiego Filmu.<\/p>\r\n<p style=\"text-align: left;\">Teheran wezwa\u0142 w niedziel\u0119 charge d\u2019affaires ambasady Polski w Teheranie. Organizacj\u0119 spotkania okre\u015blono jako \u201eakt wrogo\u015bci\u201d wobec Iranu. Zapowiedziano tak\u017ce, \u017ce Polska musi si\u0119 liczy\u0107 z dzia\u0142aniami odwetowymi.<\/p>\r\n<p style=\"text-align: left;\">\u0179r\u00f3d\u0142o: Radio Zet<\/p>\r\n<p class=\"zrodlo\" style=\"text-align: left;\">Za: <a href=\"https:\/\/nczas.com\/2019\/01\/16\/polacy-nie-pojada-juz-do-iranu-panstwo-ajatollahow-wstrzymalo-wydawanie-wiz-dla-polakow-w-odwecie-za-konferencje\/\">Najwy\u017cszy Czas! (<time class=\"entry-date updated td-module-date\" datetime=\"2019-01-16T17:49:27+00:00\">16\/01\/2019)<\/time><\/a><\/p>\r\n<h4>&nbsp;<\/h4>\r\n<hr style=\"background-color: #000000; border-width: 0; color: #000000; height: 2px; line-height: 0; text-align: center; width: 100%;\">\r\n<h4>&nbsp;<\/h4>\r\n<\/div>","protected":false},"excerpt":{"rendered":"Wicecesarz zarz\u0105dzi\u0142 u nas narad\u0119 wojenn\u0105 &#8211; powiedzia\u0142 Grzegorz Braun komentuj\u0105c na antenie telewizji wPolsce ameryka\u0144sk\u0105 konferencj\u0119 po\u015bwi\u0119con\u0105 kwestiom Bliskiego Wschodu. Odni\u00f3s\u0142 si\u0119 r\u00f3wnie\u017c do tragicznej \u015bmierci prezydenta Gda\u0144ska. &#8211; Zarz\u0105dzi\u0142 zagraniczny minister, sekretarz stanu, tutaj narad\u0119 wojenn\u0105 &#8211; stwierdzi\u0142 Grzegorz Braun o konferencji wywo\u0142uj\u0105cej napi\u0119cia na linii Polska-Iran. &#8211; Jakie nar\u00f3d polski ma kwestie, [&hellip;]","protected":false},"author":1,"featured_media":0,"comment_status":"closed","ping_status":"closed","sticky":false,"template":"","format":"standard","meta":{"_acf_changed":false,"_monsterinsights_skip_tracking":false,"_monsterinsights_sitenote_active":false,"_monsterinsights_sitenote_note":"","_monsterinsights_sitenote_category":0,"ngg_post_thumbnail":0,"footnotes":"","_wp_rev_ctl_limit":""},"categories":[8],"tags":[88,98,53,221],"acf":[],"_links":{"self":[{"href":"https:\/\/www.bibula.com\/index.php?rest_route=\/wp\/v2\/posts\/106269"}],"collection":[{"href":"https:\/\/www.bibula.com\/index.php?rest_route=\/wp\/v2\/posts"}],"about":[{"href":"https:\/\/www.bibula.com\/index.php?rest_route=\/wp\/v2\/types\/post"}],"author":[{"embeddable":true,"href":"https:\/\/www.bibula.com\/index.php?rest_route=\/wp\/v2\/users\/1"}],"replies":[{"embeddable":true,"href":"https:\/\/www.bibula.com\/index.php?rest_route=%2Fwp%2Fv2%2Fcomments&post=106269"}],"version-history":[{"count":0,"href":"https:\/\/www.bibula.com\/index.php?rest_route=\/wp\/v2\/posts\/106269\/revisions"}],"wp:attachment":[{"href":"https:\/\/www.bibula.com\/index.php?rest_route=%2Fwp%2Fv2%2Fmedia&parent=106269"}],"wp:term":[{"taxonomy":"category","embeddable":true,"href":"https:\/\/www.bibula.com\/index.php?rest_route=%2Fwp%2Fv2%2Fcategories&post=106269"},{"taxonomy":"post_tag","embeddable":true,"href":"https:\/\/www.bibula.com\/index.php?rest_route=%2Fwp%2Fv2%2Ftags&post=106269"}],"curies":[{"name":"wp","href":"https:\/\/api.w.org\/{rel}","templated":true}]}}