{"id":106267,"date":"2019-01-16T09:45:37","date_gmt":"2019-01-16T14:45:37","guid":{"rendered":"http:\/\/www.bibula.com\/?p=106267"},"modified":"2019-01-16T10:04:06","modified_gmt":"2019-01-16T15:04:06","slug":"zabojstwo-prezydenta-adamowicza","status":"publish","type":"post","link":"https:\/\/www.bibula.com\/?p=106267","title":{"rendered":"Zab\u00f3jstwo prezydenta Adamowicza."},"content":{"rendered":"<p><strong>Mam kilka uwag zwi\u0105zanych z tym tragicznym wydarzeniem, ale dziel\u0119 si\u0119 nimi bez przyjemno\u015bci i z obawami.<\/strong><\/p>\r\n<p>Rzecz w tym, \u017ce mog\u0105 by\u0107 one odebrane jako &#8230; niechrze\u015bcija\u0144skie, zw\u0142aszcza przez osoby bywaj\u0105ce w ko\u015bciele trzy razy w \u017cyciu (na swoim chrzcie, \u015blubie i pogrzebie).<\/p>\r\n<p>Kolejno\u015b\u0107 poni\u017cszych uwag jest do\u015b\u0107 przypadkowa.<\/p>\r\n<p>1.W KK modlimy si\u0119 o zachowanie ka\u017cdego z nas od nag\u0142ej i niespodziewanej \u015bmierci, bo ta nie pozwala na dobre przygotowanie si\u0119 do niej oraz na uporzadkowanie tego, co zostawiamy po sobie. \u015amier\u0107 p. Adamowicza by\u0142a niewatpliwie przedwczesna i niepotrzebna.<\/p>\r\n<p>2.Na dawnych nagrobkach spotyka si\u0119 \u0142acinsk\u0105 inskrypcj\u0119 \u201ehodie mihi, cras tibi (sic transit gloria mundi)\u201d &#8211; dzi\u015b moja kolej, jutro twoja (tak przemija chwa\u0142a \u015bwiata). Ka\u017cdy z nas mo\u017ce pa\u015b\u0107 ofiar\u0105 bandyty czy szale\u0144ca.<\/p>\r\n<ol start=\"3\">\r\n\t<li>Godn\u0105 rzecz\u0105 jest przekaza\u0107 rodzinie zmar\u0142ego kondolencje i wsparcie, cho\u0107 wysy\u0142anie po wdow\u0119 rz\u0105dowego samolotu do Londynu jest krety\u0144skim pijarem &#8211; akurat w tej sprawie ani PiS ani PO nie musz\u0105 niczego udowadnia\u0107, bo jak s\u0142usznie napisa\u0142 jeden&nbsp; Koleg\u00f3w: to kronika kryminalna, a nie polityka.<\/li>\r\n\t<li>Spraw\u0105 dla katolika wa\u017cniejsz\u0105 jest msza \u015bwieta i modlitwa za dusz\u0119 zmar\u0142ego, kt\u00f3ry w tym przypadku mo\u017ce jej szczeg\u00f3lnie potrzebowa\u0107. \u015a.p. prezydent Adamowicz by\u0142 bowiem za \u017cycia k\u0142amc\u0105 niemog\u0105cym doliczy\u0107 si\u0119 w\u0142asnych mieszka\u0144, jako wieloletni prezydent by\u0142 promotorem dewiacji seksualnych, za\u015b jego lojalno\u015b\u0107 wobec pa\u0144stwa polskiego by\u0142a najdelikatniej to ujmuj\u0105c w\u0105tpliwa. Niech dobry Pan B\u00f3g przyjmie go w poczet zbawionych, ale nie stawiajmy na piedesta\u0142 osoby na to niczym niezas\u0142uguj\u0105cej.<\/li>\r\n<\/ol>\r\n<p>5.Na przedwczesnej \u015bmierci prezydenta Adamowicza lansuj\u0105 si\u0119 teraz r\u00f3\u017cne kanalie i kreatury, np. co mia\u0142 na my\u015bli folksdojcz Tusk m\u00f3wi\u0105c na wiecu w Gda\u0144sku (dla niego pewnie Freie Stadt Danzig): &#8222;Chc\u0119 ci dzisiaj, kochany Pawle obieca\u0107 w imieniu nas wszystkich &#8211; gda\u0144szczan, Polak\u00f3w i Europejczyk\u00f3w &#8211; \u017ce dla Ciebie i dla nas wszystkich obronimy nasz Gda\u0144sk, nasz\u0105 Polsk\u0119 i nasz\u0105 Europ\u0119 przed nienawi\u015bci\u0105 i pogard\u0105&#8221;? Obiecywa\u0107 to on mo\u017ce w imieniu swoich oficer\u00f3w prowdz\u0105cych z BND oraz swojej patronki Adolfiny. A co do nienawi\u015bci i pogardy, to ja akurat znakomicie pami\u0119tam, jak bronili\u015bcie przed ni\u0105 starsze osoby chc\u0105ce pomodli\u0107 si\u0119 za ofiary katastrofy smole\u0144skiej na Krakowskim Przedmie\u015bciu. Jednoczesnie minister Brudzi\u0144ski dosta\u0142 sraczki i aresztowa\u0142 kilku niezr\u00f3wnowa\u017conych internaut\u00f3w za gro\u017aby karalne. My\u015bl\u0119 \u017ce w kwietniu tego roku, szczeg\u00f3lnie w okolicy rocznicy urodzin wybitnego przyw\u00f3dcy narodu niemieckiego, polskie s\u0142u\u017cby zostan\u0105 postawione w stan gotowo\u015bci i wsp\u00f3lnie z Mossadem i naszymi le\u015bnikami b\u0119d\u0105 przeczesywa\u0107 lasy na okoliczno\u015b\u0107 niezg\u0142oszonych piknik\u00f3w.<\/p>\r\n<p>6.Przez Polsk\u0119 przetaczaj\u0105 si\u0119 teraz \u2018spontaniczne\u201d marsze przeciwko przemocy i nienawi\u015bci (a faszyzm to rybka?) &#8211; gdyby nie zima, to mo\u017cnaby zaimplementowa\u0107 francuski zwyczaj malowania kredkami po asfalcie. A kto sieje t\u0119 przemoc i nienawi\u015b\u0107 &#8211; a tego to ju\u017c dowiedz\u0105 si\u0119 Pa\u0144stwo z Wyborczej i TVN-u. No c\u00f3\u017c, obrzezano nam m\u00f3zgi i tak ju\u017c chyba pozostanie. Polacy s\u0105 &#8211; jak to wida\u0107 cho\u0107by po WO\u015aP &#8211; jednym z najbardziej wytresowanych i potulnych narod\u00f3w w Europie, a tymczasem polskoj\u0119zyczne media wci\u0105\u017c ch\u0142ostaja nas batem za rzekom\u0105 anarchi\u0119 i swawol\u0119 (tak samo jak z rzekomym polskim nacjonalizmem: najwi\u0119ksi &#8211; bo najg\u0142upsi &#8211; euroentuzja\u015bci, nacjonalizmu jak na lekarstwo, ale od \u0107wier\u0107wiecza wmawia nam si\u0119, \u017ce najwi\u0119kszym polskim grzechem jest &#8230; nacjonalizm w\u0142a\u015bnie).<\/p>\r\n<p>7.G\u0142os w sprawie zabra\u0142 r\u00f3wnie\u017c \u015awiatowy Kongres \u017byd\u00f3w ustami wybitnego przedstawiciela przemys\u0142u holokaustycznego, \u201efilantropa\u201d Ronalda Laudera, syna Estee Lauder (a propos jakby kto\u015b nie wiedzia\u0142, jakich kosmetyk\u00f3w unika\u0107):<\/p>\r\n<p>\u201e<span style=\"text-decoration: underline;\"><a href=\"https:\/\/kresy.pl\/wydarzenia\/nie-dla-nacjonalizmu-i-faszyzmu-manifestacja-przeciwko-narodowcom-w-gdansku-foto-video\/\">Prezydent Adamowicz by\u0142 wiod\u0105cym g\u0142osem sprzeciwu wobec skrajnie prawicowego ekstremizmu<\/a>&nbsp;<\/span>i or\u0119downikiem r\u00f3wnych praw i bezpiecze\u0144stwa dla wszystkich obywateli Polski. By\u0142 prawdziwym przyjacielem spo\u0142eczno\u015bci \u017cydowskiej, g\u0142o\u015bno i wyra\u017anie wypowiadaj\u0105c si\u0119 przeciwko antysemityzmowi w Polsce\u201d<\/p>\r\n<p>Szkoda, \u017ce nie by\u0142 prawdziwym przyjacielem spo\u0142eczno\u015bci polskiej i nigdy wyra\u017anie si\u0119 nie wypowiada\u0142 przeciw antypolonizmowi w Izraelu.<\/p>\r\n<p>Czekaj\u0105c na potepienie nienawi\u015bci, pogardy i polskiego antysemityzmu przez papie\u017ca Franciszka ( bo chyba jeszcze tylko jego brakuje do kolekcji), polecam:<\/p>\r\n<p><a href=\"http:\/\/www.zapalowski.eu\/index.php?option=com_content&amp;view=article&amp;id=4529:morderca-to-morderca&amp;catid=20:moim-zdaniem&amp;Itemid=54\"><span style=\"text-decoration: underline;\">A.Zapa\u0142owski: Morderca to morderca.<\/span><\/a><\/p>\r\n<p><strong><em>MacGregor<\/em><\/strong><\/p>","protected":false},"excerpt":{"rendered":"Mam kilka uwag zwi\u0105zanych z tym tragicznym wydarzeniem, ale dziel\u0119 si\u0119 nimi bez przyjemno\u015bci i z obawami. Rzecz w tym, \u017ce mog\u0105 by\u0107 one odebrane jako &#8230; niechrze\u015bcija\u0144skie, zw\u0142aszcza przez osoby bywaj\u0105ce w ko\u015bciele trzy razy w \u017cyciu (na swoim chrzcie, \u015blubie i pogrzebie). Kolejno\u015b\u0107 poni\u017cszych uwag jest do\u015b\u0107 przypadkowa. 1.W KK modlimy si\u0119 o [&hellip;]","protected":false},"author":1,"featured_media":0,"comment_status":"closed","ping_status":"closed","sticky":false,"template":"","format":"standard","meta":{"_acf_changed":false,"_monsterinsights_skip_tracking":false,"_monsterinsights_sitenote_active":false,"_monsterinsights_sitenote_note":"","_monsterinsights_sitenote_category":0,"ngg_post_thumbnail":0,"footnotes":"","_wp_rev_ctl_limit":""},"categories":[8],"tags":[98],"acf":[],"_links":{"self":[{"href":"https:\/\/www.bibula.com\/index.php?rest_route=\/wp\/v2\/posts\/106267"}],"collection":[{"href":"https:\/\/www.bibula.com\/index.php?rest_route=\/wp\/v2\/posts"}],"about":[{"href":"https:\/\/www.bibula.com\/index.php?rest_route=\/wp\/v2\/types\/post"}],"author":[{"embeddable":true,"href":"https:\/\/www.bibula.com\/index.php?rest_route=\/wp\/v2\/users\/1"}],"replies":[{"embeddable":true,"href":"https:\/\/www.bibula.com\/index.php?rest_route=%2Fwp%2Fv2%2Fcomments&post=106267"}],"version-history":[{"count":0,"href":"https:\/\/www.bibula.com\/index.php?rest_route=\/wp\/v2\/posts\/106267\/revisions"}],"wp:attachment":[{"href":"https:\/\/www.bibula.com\/index.php?rest_route=%2Fwp%2Fv2%2Fmedia&parent=106267"}],"wp:term":[{"taxonomy":"category","embeddable":true,"href":"https:\/\/www.bibula.com\/index.php?rest_route=%2Fwp%2Fv2%2Fcategories&post=106267"},{"taxonomy":"post_tag","embeddable":true,"href":"https:\/\/www.bibula.com\/index.php?rest_route=%2Fwp%2Fv2%2Ftags&post=106267"}],"curies":[{"name":"wp","href":"https:\/\/api.w.org\/{rel}","templated":true}]}}