{"id":106262,"date":"2019-01-16T09:50:23","date_gmt":"2019-01-16T14:50:23","guid":{"rendered":"http:\/\/www.bibula.com\/?p=106262"},"modified":"2021-03-29T15:39:08","modified_gmt":"2021-03-29T19:39:08","slug":"budyn-ktory-nie-byl-aniolem","status":"publish","type":"post","link":"https:\/\/www.bibula.com\/?p=106262","title":{"rendered":"\u201eBudy\u0144&#8221;, kt\u00f3ry nie by\u0142 anio\u0142em"},"content":{"rendered":"<p>Zmar\u0142y wczoraj prezydent Gda\u0144ska Pawe\u0142 Adamowicz nale\u017ca\u0142 do grona najbardziej kontrowersyjnych polskich samorz\u0105dowc\u00f3w, mog\u0105cych jednak liczy\u0107 na parasol ochronny ze strony&nbsp; lewicowo-liberalnych medi\u00f3w szeroko poj\u0119tego mainstream\u2019u. Trwaj\u0105ca w\u0142a\u015bnie hagiografia jego postaci nie powinna wi\u0119c przys\u0142ania\u0107 faktu, i\u017c ci\u0105gn\u0119\u0142y si\u0119 za nim liczne oskar\u017cenia, dotycz\u0105ce zw\u0142aszcza posiadanego przez niego maj\u0105tku, z kt\u00f3rego nie potrafi\u0142 si\u0119 zreszt\u0105 wyt\u0142umaczy\u0107. Ponadto Adamowicz nale\u017ca\u0142 do czo\u0142\u00f3wki \u201epost\u0119powych\u201d polityk\u00f3w w naszym kraju, opowiadaj\u0105cych si\u0119 mi\u0119dzy innymi za nara\u017ceniem mieszka\u0144c\u00f3w w\u0142asnego miasta na niebezpiecze\u0144stwa zwi\u0105zane z nap\u0142ywem przybysz\u00f3w spoza Europy.<\/p>\r\n<p><img fetchpriority=\"high\" decoding=\"async\" class=\"aligncenter\" src=\"http:\/\/www.autonom.pl\/wp-content\/uploads\/adamowicz-olt.jpg\" alt=\"\" width=\"596\" height=\"417\"><\/p>\r\n<p>Polacy s\u0105&nbsp; mistrzami w wymy\u015blaniu dosy\u0107 osobliwych zasad i powiedze\u0144, na czele z nomen omen nie\u015bmiertelnym \u201eo zmar\u0142ych dobrze, albo wcale\u201d. Oczywi\u015bcie zasada ta jest traktowana wybi\u00f3rczo, g\u0142\u00f3wnie w zale\u017cno\u015bci od reprezentowanych przez dane osoby pogl\u0105d\u00f3w politycznych. Przedstawiciele lewicowo-liberalnej strony sporu z pian\u0105 na ustach reaguj\u0105 wi\u0119c obecnie na wszelk\u0105 krytyk\u0119 osoby Adamowicza, podczas gdy nieszczeg\u00f3lnie stosuj\u0105 t\u0119 zasad\u0119 chocia\u017cby wzgl\u0119dem prezydenta Lecha Kaczy\u0144skiego. Sk\u0105din\u0105d nienajlepszy prezydent po swojej \u015bmierci doczeka\u0142 si\u0119 nie tylko masy prze\u015bmiewczych mem\u00f3w, ale r\u00f3wnie\u017c os\u0142awionej i zarazem skandalicznej reklamy \u201eZimnego Lecha\u201d, zainstalowanej naprzeciwko krakowskiego Wawelu.<\/p>\r\n<p>Dodatkowo tu\u017c po ka\u017cdej z tragedii przynajmniej przez kilka dni nast\u0119puje moralne wzmo\u017cenie, manifestowane g\u0142\u00f3wnie przez wezwania do jedno\u015bci i \u201ewalki z nienawi\u015bci\u0105\u201d. Uwa\u017cni obserwatorzy polskiego \u017cycia spo\u0142ecznego wiedz\u0105 oczywi\u015bcie doskonale, i\u017c ju\u017c za miesi\u0105c ka\u017cdy powr\u00f3ci do ok\u0142adania si\u0119 po g\u0142owie, a trwaj\u0105ce w\u0142a\u015bnie marsze \u201eprzeciwko nienawi\u015bci\u201d pozostan\u0105 jedynie wspomnieniem utrwalonym na licznych fotografiach. Za rok, w rocznic\u0119 \u015bmierci prezydenta Gda\u0144ska, wielu publicyst\u00f3w b\u0119dzie si\u0119 wi\u0119c zastanawia\u0142o, gdzie podzia\u0142a si\u0119 \u201ewyj\u0105tkowa atmosfera tamtych dni\u201d.<\/p>\r\n<p><strong>Podejrzany maj\u0105tek<\/strong><\/p>\r\n<p>Nikt nie b\u0119dzie oczywi\u015bcie wtedy pami\u0119ta\u0142, \u017ce standardy debaty o wydarzeniach z Gda\u0144ska wyznaczy\u0142 bo\u017cyszcze lewicowych libera\u0142\u00f3w, czyli Jerzy Owsiak. Ust\u0119puj\u0105cy w\u0142a\u015bnie szef Wielkiej Orkiestry \u015awi\u0105tecznej Pomocy zaledwie par\u0119 minut po ataku znalaz\u0142 wi\u0119c winnych, rozpoczynaj\u0105c polityczn\u0105 gr\u0119 wok\u00f3\u0142 \u015bmierci Adamowicza. Zdaniem Owsiaka za atak chorego psychicznie no\u017cownika odpowiada fakt, i\u017c \u201ew&nbsp;tym kraju tak si\u0119 zakr\u0119cili\u015bmy od&nbsp;3 lat\u201d, bo \u201eto jest momentami dziki kraj\u201d, a sama krytyka WO\u015aP nasuwa \u201enazistowskie\u201d skojarzenia. Dzie\u0144 p\u00f3\u017aniej dy\u017curny dobroczy\u0144ca kraju zorganizowa\u0142 z kolei kuriozaln\u0105 konferencj\u0119, trwaj\u0105c\u0105 w czasie pojawienia si\u0119 doniesie\u0144 o \u015bmierci Adamowicza, podczas kt\u00f3rej da\u0142 kolejny upust swoim obsesjom. Owsiak bajdurzy\u0142 wi\u0119c, i\u017c krytyka jego osoby zahacza o \u201efaszyzm i nazizm\u201d, wpl\u0105tuj\u0105c w swoj\u0105 narracj\u0119 ubieg\u0142otygodniowy odcinek serii \u201ePlastusie\u201d w TVP Info, kt\u00f3ry krytykowa\u0142 jego dzia\u0142alno\u015b\u0107, co spowodowa\u0142 oczywi\u015bcie, \u017ce ust\u0119puj\u0105cy szef WO\u015aP \u201epoczu\u0142 si\u0119 jak w Auschwitz\u201d.<\/p>\r\n<p>Zachowanie Owsiaka i jego linia obrony przed wszelk\u0105 krytyk\u0105 b\u0119d\u0105 oczywi\u015bcie wykorzystywane tak\u017ce przez stronnik\u00f3w Adamowicza. Ju\u017c teraz mo\u017cna zaobserwowa\u0107 tendencj\u0119 do gloryfikowania jego osoby, jako uczciwego i w gruncie rzeczy wspania\u0142ego samorz\u0105dowca. S\u0142uchaj\u0105c wczoraj Radia Gda\u0144sk i pojawiaj\u0105cych si\u0119 na jego antenie wspomnie\u0144 o tej kontrowersyjnej personie mo\u017cna by\u0142o odnie\u015b\u0107 wra\u017cenie, i\u017c przez ponad dwadzie\u015bcia lat Gda\u0144skiem rz\u0105dzi\u0142o uciele\u015bnienie anio\u0142a, kt\u00f3ry kocha\u0142 mieszka\u0144c\u00f3w swojego miasta i zawsze dzia\u0142a\u0142 w ich interesie, nie b\u0119d\u0105c zainteresowanym w\u0142asnymi korzy\u015bciami. To oczywi\u015bcie ca\u0142kowicie k\u0142amliwa narracja, maj\u0105ca przykry\u0107 ci\u0105\u017c\u0105ce nad Adamowiczem powa\u017cne oskar\u017cenia dotycz\u0105ce niewiadomego pochodzenia jego maj\u0105tku.<\/p>\r\n<p>Trzeba bowiem pami\u0119ta\u0107, \u017ce nie\u017cyj\u0105cy ju\u017c prezydent Gda\u0144ska by\u0142 cho\u0107by jednym z bohater\u00f3w afery Amber Gold. Do dzisiaj \u201ez\u0142o\u015bliwcy\u201d przypominaj\u0105 wi\u0119c jego zdj\u0119cie, kiedy wraz z grup\u0105 urz\u0119dnik\u00f3w i polityk\u00f3w ci\u0105gnie za sob\u0105 samolot grupy OLT Express, nale\u017c\u0105cej do wielokrotnie skazanego za oszustwa szefa Amber Gold. Adamowicz z tego powodu by\u0142 wzywany mi\u0119dzy innymi przed oblicze sejmowej komisji po\u015bwi\u0119conej tej aferze, a podczas swojego przes\u0142uchania zaprzecza\u0142, aby w og\u00f3le mia\u0142 wiedz\u0119 na temat podejrzanej piramidy finansowej. Jego zeznania by\u0142y jednak oczywist\u0105 nieprawd\u0105, poniewa\u017c inicjatywa Marcina P. na jego pro\u015bb\u0119 wsp\u00f3\u0142finansowa\u0142a \u017cenuj\u0105cy sk\u0105din\u0105d film o \u201eWa\u0142\u0119sa. Cz\u0142owiek z nadziei\u201d, za\u015b sam Adamowicz publicznie zachwala\u0142 w 2012 roku innowacyjno\u015b\u0107 os\u0142awionej firmy.<\/p>\r\n<p>Czy nie\u017cyj\u0105cy polityk m\u00f3g\u0142 liczy\u0107 na korzy\u015bci finansowe ze strony Amber Gold? Tego na razie nie wyja\u015bniono, podobnie jak wszystkich spraw zwi\u0105zanych z maj\u0105tkiem przez niego posiadanym. Ju\u017c w 2015 roku Centralne Biuro Antykorupcyjne zaj\u0119\u0142o si\u0119 wi\u0119c jego o\u015bwiadczeniami maj\u0105tkowymi z lat 2010-2013, w kt\u00f3rych mia\u0142 zatai\u0107 wa\u017cne informacje dotycz\u0105ce liczby swoich mieszka\u0144 i zgromadzonych oszcz\u0119dno\u015bci. Adamowicz nie poinformowa\u0142 wi\u0119c, \u017ce naby\u0142 dzia\u0142k\u0119 oraz dwa kolejne mieszkania, cho\u0107 posiada\u0142 ich ju\u017c pi\u0119\u0107. Ponadto samorz\u0105dowcowi zarzucano, i\u017c&nbsp;doprowadzi\u0142 do zmiany planu zagospodarowania przestrzennego w Gda\u0144sku-Jelitkowie, dzi\u0119ki czemu powsta\u0107 mog\u0142o osiedle mieszkaniowe na kt\u00f3rym otrzyma\u0142 wraz z rodzin\u0105 trzy mieszkania na preferencyjnych warunkach. Ponadto Adamowicz podawa\u0142 nieprawdziwe informacje dotycz\u0105ce posiadanych przez siebie \u015brodk\u00f3w pieni\u0119\u017cnych, natomiast po zainteresowaniu liczb\u0105 nale\u017c\u0105cych do niego obiekt\u00f3w zacz\u0105\u0142 przekazywa\u0107 je rodzinie. Ostatecznie wraz ze swoj\u0105 famili\u0105 odmawia\u0142 sk\u0142adania wyja\u015bnie\u0144 w tej sprawie.<\/p>\r\n<p><strong>Przyjaciel deweloper\u00f3w<\/strong><\/p>\r\n<p>Sprawa wspomnianych lokali na osiedlu w Gda\u0144sku-Jelitkowie jasno pokazuje, \u017ce Adamowicz m\u00f3g\u0142 wsp\u00f3\u0142pracowa\u0107 z deweloperami, aby w zamian otrzymywa\u0107 okre\u015blone korzy\u015bci maj\u0105tkowe. Polityka prowadzona przez niego w czasie jego prezydentury by\u0142a zreszt\u0105 bardzo przyjazna przedstawicielom tego rodzaju biznesu, kt\u00f3rzy nie mogli jednak liczy\u0107 na r\u00f3wnie mi\u0142e traktowanie ze strony \u015bledczych. Z tego powodu w sierpniu ubieg\u0142ego roku CBA &#8211; na wniosek delegatury Prokuratury Krajowej we Wroc\u0142awiu &#8211; zatrzyma\u0142a dw\u00f3ch deweloper\u00f3w, kt\u00f3rzy us\u0142yszeli zarzut korumpowania Adamowicza. Obaj mieli przekaza\u0107 mu w sumie 400 tysi\u0119cy z\u0142otych, w\u0142a\u015bnie w formie upust\u00f3w na wspomniane ju\u017c trzy mieszkania znajduj\u0105ce si\u0119 na osiedlu \u201eNeptun Park\u201d. Transakcja ta mia\u0142a zosta\u0107 przeprowadzona zreszt\u0105 jeszcze przed korzystnymi dla deweloper\u00f3w rozwi\u0105zaniami prawnymi, czyli w 2005 roku.<\/p>\r\n<p>Adamowicz nie dzia\u0142a\u0142 jedynie w interesie deweloper\u00f3w, lecz sam zacz\u0105\u0142 inwestowa\u0107 w ten biznes. W\u0142a\u015bnie z tego powodu by\u0142 on udzia\u0142owcem firmy Robyg S.A., posiadaj\u0105c w niej udzia\u0142y o warto\u015bci oko\u0142o 37 tysi\u0119cy z\u0142otych, kt\u00f3rych pozby\u0142 si\u0119 jeszcze przed ujawnieniem informacji o zakupie przez ni\u0105 atrakcyjnych dzia\u0142ek, znajduj\u0105cych si\u0119 w atrakcyjnych lokalizacjach niedaleko centrum Gda\u0144ska. By\u0142y ju\u017c w\u00f3wczas polityk Platformy Obywatelskiej nie mia\u0142 sobie przy tym nic do zarzucenia, twierdz\u0105c wr\u0119cz, \u017ce posiadanie przez niego udzia\u0142\u00f3w u deweloper\u00f3w\u2026&nbsp;nie ma wp\u0142ywu na dzia\u0142alno\u015b\u0107 tego czy innego inwestora. Wszelkie w\u0105tpliwo\u015bci dotycz\u0105ce podobnych powi\u0105za\u0144 popularny \u201eBudy\u0144\u201d rozwiewa\u0142 inwektywami, zarzucaj\u0105c swoim krytykom \u201eczepianie si\u0119\u201d i niezrozumienie wolno\u015bci inwestowania, co jego zdaniem by\u0142o \u201ebrzydkim przyk\u0142adem mentalnego zbli\u017cania si\u0119 do wschodu, a nie zachodu\u201d.<\/p>\r\n<p>W tym kontek\u015bcie za dobry \u017cart mo\u017cna by\u0142o uzna\u0107 s\u0142owa Adamowicza, gdy zapowiedzia\u0142 on przeciwdzia\u0142anie podpisanej w sierpniu ubieg\u0142ego roku przez prezydenta Andrzeja Dud\u0119 ustawie \u201eLex deweloper\u201d. Prezydent Gda\u0144ska m\u00f3wi\u0142 wi\u0119c wiele o konieczno\u015bci powstrzymania \u201echaosu inwestycyjnego\u201d, kt\u00f3ry mo\u017ce by\u0107 efektem nowego prawa, lecz najwyra\u017aniej w przyp\u0142ywie emocji zapomnia\u0142 o skutkach w\u0142asnej dzia\u0142alno\u015bci. Od dawna Adamowiczowi zarzucano stworzenie \u201erepubliki deweloper\u00f3w\u201d, zwi\u0105zanej nie tylko ze wspomnianymi osobistymi korzy\u015bciami jakie m\u00f3g\u0142 uzyska\u0107 poprzez podj\u0119te przez siebie decyzje. Jej funkcjonowanie opiera\u0142o si\u0119, jak w wielu innych miastach rz\u0105dzonych przez libera\u0142\u00f3w, o zabudowywanie kolejnych teren\u00f3w zielonych, w tym r\u00f3wnie\u017c otuliny Tr\u00f3jmiejskiego Parku Krajobrazowego. Dodatkowo ca\u0142a masa inwestycji, pokroju przypominaj\u0105cego swoim wygl\u0105dem wi\u0119zienie Teatru Szekspirowskiego, wp\u0142yn\u0119\u0142y negatywnie na wygl\u0105d gda\u0144skiej star\u00f3wki.<\/p>\r\n<p>\u201eWielki spo\u0142ecznik\u201d, jakim wed\u0142ug trwaj\u0105cej w\u0142a\u015bnie medialnej kampanii mia\u0142 by\u0107 Adamowicz, nie by\u0142 jednak szczeg\u00f3lnie wyrozumia\u0142y dla mieszka\u0144c\u00f3w swojego miasta. Dopiero na jesieni w zamian za poparcie jednego z miejskich komitet\u00f3w zapowiedzia\u0142 zmian\u0119 warunk\u00f3w eksmisji lokator\u00f3w, kt\u00f3rych wcze\u015bniej bardzo ch\u0119tnie wysiedla\u0142. W 2012 roku z tego powodu zmar\u0142 zreszt\u0105 mieszkaniec Gda\u0144ska Wojciech D\u0105browski, prowadz\u0105cy przez dwa miesi\u0105ce strajk g\u0142odowy naprzeciwko Urz\u0119du Miasta. D\u0105browski nie zosta\u0142 jednak wys\u0142uchany przez Adamowicza, kt\u00f3ry wraz z innymi osobami wyrzuconymi z mieszka\u0144 komunalnych by\u0142 zreszt\u0105 pogardliwie traktowany przez \u201eBudynia\u201d i jego otoczenie. Swoj\u0105 dzia\u0142alno\u015bci\u0105 prowadzon\u0105 w imieniu deweloper\u00f3w samorz\u0105dowiec narazi\u0142 si\u0119 zreszt\u0105 miejscowym \u201eobro\u0144com praw cz\u0142owieka\u201d, poniewa\u017c eksmitowa\u0142 on z Jelitkowa r\u00f3wnie\u017c grup\u0119 Cygan\u00f3w, za\u015b dzia\u0142k\u0119 kt\u00f3r\u0105 zajmowali trzy dni p\u00f3\u017aniej sprzedano inwestorowi z bran\u017cy budowlanej.<\/p>\r\n<p><strong>W awangardzie \u201epost\u0119pu\u201d<\/strong><\/p>\r\n<p>Og\u00f3\u0142em Adamowicz stara\u0142 si\u0119 jednak kreowa\u0107 na przedstawiciela post\u0119pu, a jak zwykle w takim wypadku bywa, obcokrajowcy mogli liczy\u0107 na du\u017co lepsze warunki od eksmitowanych przez \u201eBudynia\u201d polskich mieszka\u0144c\u00f3w Gda\u0144ska. W po\u0142owie lipca 2017 roku zapowiedzia\u0142 on wi\u0119c przyj\u0119cie przez jego miasta grupy \u201euchod\u017ac\u00f3w\u201d, natomiast o fundusze na ten cel mia\u0142 zwr\u00f3ci\u0107 si\u0119 do Unii Europejskiej. Adamowicz uczyni\u0142 to w trakcie konferencji odbywaj\u0105cej si\u0119 w Europejskim Centrum Solidarno\u015bci w Gda\u0144sku, w kt\u00f3rym grupa os\u00f3b z nim na czele podpisa\u0142a deklaracj\u0119 wzywaj\u0105c\u0105 Bruksel\u0119 do udzielenia pomocy finansowej dla miast chc\u0105cych na w\u0142asn\u0105 r\u0119k\u0119 przyj\u0105\u0107 przybyszy z Bliskiego Wschodu. Tak wyczulony na kwesti\u0119 praworz\u0105dno\u015bci i konstytucji samorz\u0105dowiec nie omieszka\u0142 w\u00f3wczas nawo\u0142ywa\u0107 de facto do z\u0142amania prawa, poniewa\u017c za polityk\u0119 migracyjn\u0105 Polski zgodnie z przepisami odpowiada rz\u0105d.<\/p>\r\n<p>Adamowicz przy\u0142\u0105czy\u0142 si\u0119 tym samym do innych prezydent\u00f3w skupionych w&nbsp;Unii Metropolii Polskich, kt\u00f3rzy w ramach deklaracji o&nbsp;wsp\u00f3\u0142dzia\u0142aniu \u201ew obszarze migracji wewn\u0119trznych i&nbsp;zewn\u0119trznych\u201d zapowiadali podj\u0119cie dzia\u0142a\u0144 stoj\u0105cych w sprzeczno\u015bci z panuj\u0105cymi nastrojami spo\u0142ecznymi. Nie\u017cyj\u0105cy ju\u017c samorz\u0105dowiec, wsp\u00f3lnie z takimi tuzami jak prezydent Wroc\u0142awia Rafa\u0142 Dutkiewicz czy w\u0142odarz Poznania Jacek Ja\u015bkowiak, powo\u0142ywa\u0142 si\u0119 przy tym na wy\u015bwiechtane formu\u0142ki o Polsce, kt\u00f3ra przez wieki \u201eby\u0142a krajem wieloetnicznym i&nbsp;wielokulturowym, przyjmuj\u0105cym nowych przybysz\u00f3w, go\u015bcinnym dla ludzi innych narodowo\u015bci, ras czy religii\u201d.<\/p>\r\n<p>Zapewne z tych powod\u00f3w \u201eBudy\u0144\u201d wraz z innymi liberalnymi w\u0142odarzami najwi\u0119kszych miast, by\u0142 gor\u0105cym zwolennikiem \u201eobrony praw\u201d mniejszo\u015bci seksualnych. Z tego powodu homoseksuali\u015bci po jego \u015bmierci informowali o odej\u015bciu \u201enaszego sojusznika\u201d, b\u0119d\u0105cego drugim prezydentem miasta, kt\u00f3ry zdecydowa\u0142 si\u0119 na wzi\u0119cie udzia\u0142u w tzw. Marszu R\u00f3wno\u015bci, a w ubieg\u0142ym roku obj\u0105\u0142 manifestacj\u0119 dewiant\u00f3w swoim oficjalnym patronatem. Adamowicz dokona\u0142 przy tym nowej interpretacji nauki chrze\u015bcija\u0144skiej, bowiem w swoim przem\u00f3wieniu twierdzi\u0142, i\u017c \u201ezepsuty i zboczony jest ten, kto sieje nienawi\u015b\u0107 i zwraca si\u0119 do drugiego cz\u0142owieka z wrogo\u015bci\u0105\u201d, gdy tymczasem \u201echrze\u015bcija\u0144stwo \u0142\u0105czy, nie dzieli (\u2026) mi\u0142o\u015b\u0107 mo\u017ce tylko \u0142\u0105czy\u0107\u201d.<\/p>\r\n<p>Oczywi\u015bcie tolerancja dla odmiennych pogl\u0105d\u00f3w by\u0142a u jednego z najbardziej znanych samorz\u0105dowc\u00f3w mocno wybi\u00f3rcza. Adamowicz da\u0142 temu wyraz w kwietniu ubieg\u0142ego roku, kiedy z\u0142o\u017cy\u0142 do s\u0105du wniosek o zakazanie dzia\u0142alno\u015bci legalnie zarejestrowanemu Obozowi Narodowo-Radykalnemu. Argumentem gda\u0144skiego w\u0142odarza by\u0142y oczywi\u015bcie znane do znudzenia brednie dotycz\u0105ce nienawi\u015bci na tle rasowym i narodowo\u015bciowym, o kt\u00f3rych przypomnia\u0142 on sobie po odbywaj\u0105cej si\u0119 w stolicy Pomorza tradycyjnej demonstracji upami\u0119tniaj\u0105cej utworzenie ONR-u. Standardowe zg\u0142oszenie tego typu wydarzenia przez osob\u0119 prywatn\u0105, uzna\u0142 on z kolei za \u201epr\u00f3b\u0119 wprowadzenia w b\u0142\u0105d w\u0142adz miejskich\u201d.<\/p>\r\n<p><strong>Uwa\u017caj\u0105c na represje <\/strong><\/p>\r\n<p>Ju\u017c teraz wida\u0107, \u017ce wezwania do zjednoczenia si\u0119 Polak\u00f3w w obliczu tragedii nie przynios\u0105 wi\u0119kszych rezultat\u00f3w, o co jak wspomniano ju\u017c wcze\u015bniej zadba\u0142y zreszt\u0105 czo\u0142owe postacie ideowego obozu wsp\u00f3\u0142tworzonego r\u00f3wnie\u017c przez Adamowicza. To oczywi\u015bcie dobra informacja, poniewa\u017c wszelkie podobne inicjatywy s\u0105 zwyczajnie sztuczne, nie m\u00f3wi\u0105c ju\u017c o ich mocno tr\u0105c\u0105cym hipokryzj\u0105 charakterze. Wiadomo ju\u017c bowiem, \u017ce zwolennicy \u201eBudynia\u201d ju\u017c wydali wyrok w tej sprawie, nie czekaj\u0105c nawet na ustalenia dotycz\u0105ce niepoczytalno\u015bci sprawcy tego brutalnego mordu. Winne jest wi\u0119c oczywi\u015bcie Prawo i Sprawiedliwo\u015b\u0107, a tak\u017ce M\u0142odzie\u017c Wszechpolska, kt\u00f3ra \u201eo\u015bmieli\u0142a si\u0119\u201d przed dwoma laty protestowa\u0107 przeciwko pro-imigracyjnym zapowiedziom Adamowicza. Ci ludzie w swojej masie s\u0105 ograniczonymi intelektualnie fanatykami, nie m\u00f3wi\u0105c ju\u017c o ich bij\u0105cej po oczach hipokryzji.<\/p>\r\n<p>Pojawia si\u0119 jednak pytanie, na ile PiS ulegnie histerii w jak\u0105 wpad\u0142y os\u0142awione lemingi, a kt\u00f3ra nakr\u0119cana jest dodatkowo przez media i zapewne odbije si\u0119 te\u017c na przekonaniach os\u00f3b nie maj\u0105cych wyrobionych politycznie pogl\u0105d\u00f3w. W tym miejscu nie trzeba bowiem przekonywa\u0107, i\u017c og\u00f3lne wzmo\u017cenie dotycz\u0105ce \u201emowy nienawi\u015bci\u201d b\u0119dzie wykorzystane przez przeciwnik\u00f3w idei lewicowo-liberalnych, kt\u00f3rzy atakuj\u0105 s\u0142owotokiem hase\u0142 o tolerancji i poszanowaniu innych kultur, aby nast\u0119pnie zamyka\u0107 usta swoim politycznym oponentom. Wydarzenia z niedzieli ju\u017c zreszt\u0105 sta\u0142y si\u0119 wygodnym uzasadnieniem dla prania m\u00f3zg\u00f3w najm\u0142odszych Polak\u00f3w, jakie w kwestiach wielokulturowo\u015bci chce przeprowadzi\u0107 nowy prezydent Wroc\u0142awia.<\/p>\r\n<p>Nale\u017cy wi\u0119c oprze\u0107 si\u0119 jakimkolwiek pr\u00f3bom uczynienia z \u201eBudynia\u201d politycznego m\u0119czennika, poniewa\u017c ju\u017c wiadomo, \u017ce jego morderca cierpia\u0142 na zaburzenia psychiczne i by\u0142 pospolitym przest\u0119pc\u0105. Zab\u00f3jstwo Adamowicza nie mo\u017ce te\u017c przys\u0142oni\u0107 opisanej wy\u017cej ciemnej strony jego \u017cyciorysu, o kt\u00f3rej jeszcze podczas nie tak dawnej kampanii samorz\u0105dowej m\u00f3wili op\u0142akuj\u0105cy go obecnie politycy Platformy Obywatelskiej i jej sojusznik\u00f3w. Prawie trzydzie\u015bci lat funkcjonowania III Rzeczpospolitej, b\u0119d\u0105cej pa\u0144stwem z tektury, nie wzi\u0119\u0142o si\u0119 bowiem znik\u0105d, a najwi\u0119kszy udzia\u0142 w degradacji Polski maj\u0105 zw\u0142aszcza politycy przez lata kurczowo trzymaj\u0105cy si\u0119 swoich stanowisk.<\/p>\r\n<p><strong><em>M<\/em><\/strong><\/p>","protected":false},"excerpt":{"rendered":"Zmar\u0142y wczoraj prezydent Gda\u0144ska Pawe\u0142 Adamowicz nale\u017ca\u0142 do grona najbardziej kontrowersyjnych polskich samorz\u0105dowc\u00f3w, mog\u0105cych jednak liczy\u0107 na parasol ochronny ze strony&nbsp; lewicowo-liberalnych medi\u00f3w szeroko poj\u0119tego mainstream\u2019u. Trwaj\u0105ca w\u0142a\u015bnie hagiografia jego postaci nie powinna wi\u0119c przys\u0142ania\u0107 faktu, i\u017c ci\u0105gn\u0119\u0142y si\u0119 za nim liczne oskar\u017cenia, dotycz\u0105ce zw\u0142aszcza posiadanego przez niego maj\u0105tku, z kt\u00f3rego nie potrafi\u0142 si\u0119 zreszt\u0105 [&hellip;]","protected":false},"author":1,"featured_media":0,"comment_status":"closed","ping_status":"closed","sticky":false,"template":"","format":"standard","meta":{"_acf_changed":false,"_monsterinsights_skip_tracking":false,"_monsterinsights_sitenote_active":false,"_monsterinsights_sitenote_note":"","_monsterinsights_sitenote_category":0,"ngg_post_thumbnail":0,"footnotes":"","_wp_rev_ctl_limit":""},"categories":[9],"tags":[114,98,226,20],"acf":[],"_links":{"self":[{"href":"https:\/\/www.bibula.com\/index.php?rest_route=\/wp\/v2\/posts\/106262"}],"collection":[{"href":"https:\/\/www.bibula.com\/index.php?rest_route=\/wp\/v2\/posts"}],"about":[{"href":"https:\/\/www.bibula.com\/index.php?rest_route=\/wp\/v2\/types\/post"}],"author":[{"embeddable":true,"href":"https:\/\/www.bibula.com\/index.php?rest_route=\/wp\/v2\/users\/1"}],"replies":[{"embeddable":true,"href":"https:\/\/www.bibula.com\/index.php?rest_route=%2Fwp%2Fv2%2Fcomments&post=106262"}],"version-history":[{"count":1,"href":"https:\/\/www.bibula.com\/index.php?rest_route=\/wp\/v2\/posts\/106262\/revisions"}],"predecessor-version":[{"id":123943,"href":"https:\/\/www.bibula.com\/index.php?rest_route=\/wp\/v2\/posts\/106262\/revisions\/123943"}],"wp:attachment":[{"href":"https:\/\/www.bibula.com\/index.php?rest_route=%2Fwp%2Fv2%2Fmedia&parent=106262"}],"wp:term":[{"taxonomy":"category","embeddable":true,"href":"https:\/\/www.bibula.com\/index.php?rest_route=%2Fwp%2Fv2%2Fcategories&post=106262"},{"taxonomy":"post_tag","embeddable":true,"href":"https:\/\/www.bibula.com\/index.php?rest_route=%2Fwp%2Fv2%2Ftags&post=106262"}],"curies":[{"name":"wp","href":"https:\/\/api.w.org\/{rel}","templated":true}]}}