{"id":106256,"date":"2019-01-16T09:40:18","date_gmt":"2019-01-16T14:40:18","guid":{"rendered":"http:\/\/www.bibula.com\/?p=106256"},"modified":"2019-01-16T09:40:18","modified_gmt":"2019-01-16T14:40:18","slug":"pawel-adamowicz-zostanie-pochowany-w-gdanskiej-bazylice-mariackiej","status":"publish","type":"post","link":"https:\/\/www.bibula.com\/?p=106256","title":{"rendered":"Pawe\u0142 Adamowicz zostanie pochowany w gda\u0144skiej Bazylice Mariackiej"},"content":{"rendered":"<p><strong>Pogrzeb zamordowanego 13 stycznia prezydenta Gda\u0144ska Paw\u0142a Adamowicza odb\u0119dzie si\u0119 w sobot\u0119 19 stycznia. Eucharystia, kt\u00f3rej b\u0119dzie przewodniczy\u0142 metropolita gda\u0144ski abp S\u0142awoj Leszek G\u0142\u00f3d\u017a rozpocznie si\u0119 o godz. 12.00. Cia\u0142o zmar\u0142ego zostanie z\u0142o\u017cone w Bazylice Mariackiej.&nbsp;&nbsp;<\/strong><\/p>\r\n<p>O przebiegu uroczysto\u015bci pogrzebowych poinformowa\u0142a wiceprezydent Gda\u0144ska Aleksandra Dulkiewicz. Organizatorem uroczysto\u015bci pogrzebowych b\u0119dzie miasto Gda\u0144sk przy udziale rodziny.&nbsp;&nbsp;<\/p>\r\n<p>W sobot\u0119 19 stycznia o godz. 12.00 zostanie odprawiona Msza \u015awi\u0119ta pogrzebowa,&nbsp;odprawiona pod przewodnictwem metropolity gda\u0144skiego abp. S\u0142awoja Leszka G\u0142\u00f3dzia. Zgodnie z tradycj\u0105, kt\u00f3ra panowa\u0142a w protestanckim Gda\u0144sku i odpowiadaj\u0105c na pro\u015bby rodziny, a tak\u017ce, jak czytamy w depeszy KAI &#8222;z inicjatywy metropolity gda\u0144skiego i wielu g\u0142os\u00f3w, kt\u00f3re w tych dniach by\u0142y kierowane do w\u0142adz ko\u015bcielnych, prezydent Adamowicz zostanie pochowany w Bazylice Mariackiej&#8221;.&nbsp;<\/p>\r\n<p>\u0179r\u00f3d\u0142o: KAI<\/p>\r\n<p>TK<\/p>\r\n<p class=\"zrodlo\">Za: <a href=\"https:\/\/www.pch24.pl\/pawel-adamowicz-zostanie-pochowany-w-gdanskiej-bazylice-mariackiej,65533,i.html\">PoloniaChristiana &#8211; pch24.pl (2019-01-16)<\/a><\/p>\r\n<blockquote>\r\n<p>[<strong>Wybrane wypowiedzi internaut\u00f3w pod w\/w tekstem na stronie \u017ar\u00f3d\u0142owej:<\/strong>]<\/p>\r\n<p>Czy on swiety? Powiazania, uklady, szemrane ukladziki, itp. Robienie z denata swietego a z owsika nobliste to dwie pieczenie na jednym ogniu. Czyli kto wspiera gender i seksualizacje dzieci zostanie swietym&#8230; pochowanym w katedrze.<br>\r\n<em>Co za spektakl?<\/em><br>\r\n<br>\r\nmo\u017ce niech podadz\u0105 od razu termin beatyfikacji, co by cz\u0142owiek wolne w robocie m\u00f3g\u0142 zarezerwowa\u0107&#8230;<br>\r\n<em>jj<\/em><br>\r\n<br>\r\nWyra\u017ana przesada. Z ca\u0142ym szacunkiem dla tragicznie zmar\u0142ego P. Adamowicza, to jednak by\u0142 zwolennikiem gender, LGBT itd., a tu poch\u00f3wek w bazylice Mariackiej, jak jaki\u015b biskup! Co\u015b chyba tutaj nie gra. Kolejny nieczytelny znak ze strony w\u0142adz ko\u015bcielnych.<br>\r\n<em>Nick<\/em><br>\r\n<br>\r\n&#8222;Zgodnie z tradycj\u0105, kt\u00f3ra panowa\u0142a w protestanckim Gda\u0144sku&#8230;.&#8221; ooo, ciekawe jakie jeszcze inne tradycje b\u0119d\u0105 zaszczepiane w KK?<br>\r\n<em>probin<\/em><br>\r\n<br>\r\nFacet zgin\u0105\u0142 i fakt, \u017ce tragicznie &#8211; daj mu Bo\u017ce przebaczenie i Niebo. Natomiast co do grzebania go w Bazylice, wydaje mi si\u0119, \u017ce to gruba przesada, zw\u0142aszcza, \u017ce za \u017cycia raczej nie g\u0142osi\u0142 bogobojnych pogl\u0105d\u00f3w. Nie wystarczy zwyk\u0142y cmentarz z po\u015bwi\u0119con\u0105 ziemi\u0105??? I w dodatku metropolita gda\u0144ski jest &#8222;za&#8221;&#8230; O co tu chodzi???<br>\r\n<em>dgg<\/em><br>\r\n<br>\r\nGrzebanie w katedrze katolickiej cia\u0142a cz\u0142owieka, kt\u00f3ry popiera\u0142 publicznie zabijanie nienarodzonych (zatem podpada\u0142 pod ekskomunik\u0119), mocno zahacza o profanacj\u0119. Przypomn\u0119 \u017ce gwa\u0142towna \u015bmier\u0107 nie powoduje, \u017ce \u017cyciorys zamordowanego staje si\u0119 jak za dotkni\u0119ciem czarodziejskiej r\u00f3\u017cd\u017cki kryszta\u0142owo czysty.<br>\r\n<em>Hanys<\/em><br>\r\n<br>\r\nProsz\u0119 o wyt\u0142umaczenie: co ma do tego poch\u00f3wku protestancka tradycja Gda\u0144ska?<br>\r\n<em>Mat<\/em><br>\r\n<br>\r\n<\/p>\r\n<\/blockquote>\r\n<hr style=\"background-color: #000000; border-width: 0; color: #000000; height: 2px; line-height: 0; text-align: center; width: 100%;\">\r\n<h4>&nbsp;<\/h4>","protected":false},"excerpt":{"rendered":"Pogrzeb zamordowanego 13 stycznia prezydenta Gda\u0144ska Paw\u0142a Adamowicza odb\u0119dzie si\u0119 w sobot\u0119 19 stycznia. Eucharystia, kt\u00f3rej b\u0119dzie przewodniczy\u0142 metropolita gda\u0144ski abp S\u0142awoj Leszek G\u0142\u00f3d\u017a rozpocznie si\u0119 o godz. 12.00. Cia\u0142o zmar\u0142ego zostanie z\u0142o\u017cone w Bazylice Mariackiej.&nbsp;&nbsp; O przebiegu uroczysto\u015bci pogrzebowych poinformowa\u0142a wiceprezydent Gda\u0144ska Aleksandra Dulkiewicz. Organizatorem uroczysto\u015bci pogrzebowych b\u0119dzie miasto Gda\u0144sk przy udziale rodziny.&nbsp;&nbsp; W [&hellip;]","protected":false},"author":1,"featured_media":0,"comment_status":"closed","ping_status":"closed","sticky":false,"template":"","format":"standard","meta":{"_acf_changed":false,"_monsterinsights_skip_tracking":false,"_monsterinsights_sitenote_active":false,"_monsterinsights_sitenote_note":"","_monsterinsights_sitenote_category":0,"ngg_post_thumbnail":0,"footnotes":"","_wp_rev_ctl_limit":""},"categories":[5],"tags":[98,33],"acf":[],"_links":{"self":[{"href":"https:\/\/www.bibula.com\/index.php?rest_route=\/wp\/v2\/posts\/106256"}],"collection":[{"href":"https:\/\/www.bibula.com\/index.php?rest_route=\/wp\/v2\/posts"}],"about":[{"href":"https:\/\/www.bibula.com\/index.php?rest_route=\/wp\/v2\/types\/post"}],"author":[{"embeddable":true,"href":"https:\/\/www.bibula.com\/index.php?rest_route=\/wp\/v2\/users\/1"}],"replies":[{"embeddable":true,"href":"https:\/\/www.bibula.com\/index.php?rest_route=%2Fwp%2Fv2%2Fcomments&post=106256"}],"version-history":[{"count":0,"href":"https:\/\/www.bibula.com\/index.php?rest_route=\/wp\/v2\/posts\/106256\/revisions"}],"wp:attachment":[{"href":"https:\/\/www.bibula.com\/index.php?rest_route=%2Fwp%2Fv2%2Fmedia&parent=106256"}],"wp:term":[{"taxonomy":"category","embeddable":true,"href":"https:\/\/www.bibula.com\/index.php?rest_route=%2Fwp%2Fv2%2Fcategories&post=106256"},{"taxonomy":"post_tag","embeddable":true,"href":"https:\/\/www.bibula.com\/index.php?rest_route=%2Fwp%2Fv2%2Ftags&post=106256"}],"curies":[{"name":"wp","href":"https:\/\/api.w.org\/{rel}","templated":true}]}}