{"id":106243,"date":"2019-01-15T19:42:03","date_gmt":"2019-01-16T00:42:03","guid":{"rendered":"http:\/\/www.bibula.com\/?p=106243"},"modified":"2019-01-15T19:42:03","modified_gmt":"2019-01-16T00:42:03","slug":"prof-bartyzel-po-zabojstwie-sp-pawla-adamowicza","status":"publish","type":"post","link":"https:\/\/www.bibula.com\/?p=106243","title":{"rendered":"Prof. Bartyzel: Po zab\u00f3jstwie \u015bp. Paw\u0142a Adamowicza"},"content":{"rendered":"<p>Z najwy\u017csz\u0105 niech\u0119ci\u0105 i ja zabieram g\u0142os w sprawie mordu na \u015bp. Pawle Adamowiczu. S\u0105dz\u0119 jednak, \u017ce trzeba powiedzie\u0107 rzeczy nast\u0119puj\u0105ce:<\/p>\r\n<p>1. Tragicznie zmar\u0142emu&nbsp;nale\u017cy si\u0119 nasza modlitwa o mi\u0142osierdzie Boskie dla niego i jego zbawienie, zw\u0142aszcza, \u017ce nie mia\u0142 mo\u017cliwo\u015bci odbycia przed nag\u0142\u0105 i niespodziewan\u0105 \u015bmierci\u0105 spowiedzi, za\u015b jego rodzinie i bliskim &#8211; wyrazy wsp\u00f3\u0142czucia.<\/p>\r\n<p>2. Odej\u015bcie z tego \u015bwiata w takich okoliczno\u015bciach i w kwiecie wieku budzi\u0107 musi \u017cal i gniew, a majestat \u015bmierci wymaga szacunku i pow\u015bci\u0105gliwo\u015bci, niemniej nie usprawiedliwia to apoteozowania z\u0142a, kt\u00f3re zmar\u0142y czyni\u0142, zw\u0142aszcza, \u017ce mia\u0142o ono skutki i wymiar publiczny.<\/p>\r\n<p>3. Zaw\u00f3d polityka zawsze by\u0142, jest i b\u0119dzie zawodem podwy\u017cszonego ryzyka, poniewa\u017c &#8222;bycie na \u015bwieczniku&#8221; jak piorunochron \u015bci\u0105ga na siebie z\u0142o\u015b\u0107, a zw\u0142aszcza zawi\u015b\u0107 ludzk\u0105; jednakowo\u017c ryzyko to, w porz\u0105dku wy\u017cszej, nie zawsze dla nas zrozumia\u0142ej, sprawiedliwo\u015bci stanowi ekwiwalent przywilej\u00f3w, honor\u00f3w i zaszczyt\u00f3w zwi\u0105zanych ze sprawowaniem rz\u0105d\u00f3w, czyli tym co pospolicie nazywa si\u0119 &#8222;rent\u0105 w\u0142adzy&#8221;.<\/p>\r\n<p>4. Mord na prezydencie Gda\u0144ska by\u0142 indywidualnym aktem pospolitego zbrodniarza, w dodatku chorego psychicznie. Pr\u00f3by nadawania mu znamion &#8222;mordu politycznego&#8221; oraz obci\u0105\u017cania kogokolwiek moraln\u0105 i polityczn\u0105 odpowiedzialno\u015bci\u0105 za jego dokonanie s\u0105 nikczemno\u015bci\u0105 zas\u0142uguj\u0105c\u0105 na bezwarunkowe pot\u0119pienie i tylko eskaluj\u0105 klimat wojny domowej, w kt\u00f3rej od lat pogr\u0105\u017caj\u0105 nasz\u0105 ojczyzn\u0119 dwie partyjniackie sitwy, w istocie niewiele si\u0119 od siebie r\u00f3\u017cni\u0105ce.<\/p>\r\n<p>5. Do odpowiedzialno\u015bci prawnej, opr\u00f3cz bezpo\u015bredniego sprawcy, winien zosta\u0107 poci\u0105gni\u0119ty organizator imprezy winien skandalicznego braku jej zabezpieczenia.<\/p>\r\n<p><strong><em>Prof. Jacek Bartyzel<\/em><\/strong><\/p>","protected":false},"excerpt":{"rendered":"Z najwy\u017csz\u0105 niech\u0119ci\u0105 i ja zabieram g\u0142os w sprawie mordu na \u015bp. Pawle Adamowiczu. S\u0105dz\u0119 jednak, \u017ce trzeba powiedzie\u0107 rzeczy nast\u0119puj\u0105ce: 1. Tragicznie zmar\u0142emu&nbsp;nale\u017cy si\u0119 nasza modlitwa o mi\u0142osierdzie Boskie dla niego i jego zbawienie, zw\u0142aszcza, \u017ce nie mia\u0142 mo\u017cliwo\u015bci odbycia przed nag\u0142\u0105 i niespodziewan\u0105 \u015bmierci\u0105 spowiedzi, za\u015b jego rodzinie i bliskim &#8211; wyrazy wsp\u00f3\u0142czucia. [&hellip;]","protected":false},"author":1,"featured_media":0,"comment_status":"closed","ping_status":"closed","sticky":false,"template":"","format":"standard","meta":{"_acf_changed":false,"_monsterinsights_skip_tracking":false,"_monsterinsights_sitenote_active":false,"_monsterinsights_sitenote_note":"","_monsterinsights_sitenote_category":0,"ngg_post_thumbnail":0,"footnotes":"","_wp_rev_ctl_limit":""},"categories":[9],"tags":[35,98],"acf":[],"_links":{"self":[{"href":"https:\/\/www.bibula.com\/index.php?rest_route=\/wp\/v2\/posts\/106243"}],"collection":[{"href":"https:\/\/www.bibula.com\/index.php?rest_route=\/wp\/v2\/posts"}],"about":[{"href":"https:\/\/www.bibula.com\/index.php?rest_route=\/wp\/v2\/types\/post"}],"author":[{"embeddable":true,"href":"https:\/\/www.bibula.com\/index.php?rest_route=\/wp\/v2\/users\/1"}],"replies":[{"embeddable":true,"href":"https:\/\/www.bibula.com\/index.php?rest_route=%2Fwp%2Fv2%2Fcomments&post=106243"}],"version-history":[{"count":0,"href":"https:\/\/www.bibula.com\/index.php?rest_route=\/wp\/v2\/posts\/106243\/revisions"}],"wp:attachment":[{"href":"https:\/\/www.bibula.com\/index.php?rest_route=%2Fwp%2Fv2%2Fmedia&parent=106243"}],"wp:term":[{"taxonomy":"category","embeddable":true,"href":"https:\/\/www.bibula.com\/index.php?rest_route=%2Fwp%2Fv2%2Fcategories&post=106243"},{"taxonomy":"post_tag","embeddable":true,"href":"https:\/\/www.bibula.com\/index.php?rest_route=%2Fwp%2Fv2%2Ftags&post=106243"}],"curies":[{"name":"wp","href":"https:\/\/api.w.org\/{rel}","templated":true}]}}