{"id":106230,"date":"2019-01-15T10:39:50","date_gmt":"2019-01-15T15:39:50","guid":{"rendered":"http:\/\/www.bibula.com\/?p=106230"},"modified":"2019-01-15T10:39:50","modified_gmt":"2019-01-15T15:39:50","slug":"co-zakrywa-listek-figowy-stanislaw-michalkiewicz","status":"publish","type":"post","link":"https:\/\/www.bibula.com\/?p=106230","title":{"rendered":"Co zakrywa listek figowy? &#8211; <em>Stanis\u0142aw Michalkiewicz<\/em>"},"content":{"rendered":"<p>Trudno powiedzie\u0107, kiedy to si\u0119 zacz\u0119\u0142o. Czy w roku 1994, czy mo\u017ce wcze\u015bniej? W roku 1990 \u015brodowiska \u017cydowskie w Ameryce zacz\u0119\u0142y oskar\u017ca\u0107 nar\u00f3d polski, \u017ce w obliczu holokaustu zachowa\u0142 si\u0119 \u201e<i>biernie<\/i>\u201d. By\u0142o to dziwaczne, bo oskar\u017cyciele nie m\u00f3wili, co \u201e<i>nar\u00f3d polski<\/i>\u201d powinien by\u0142 zrobi\u0107, \u017ceby nie zas\u0142u\u017cy\u0107 sobie na taka ocen\u0119. To\u0107 i \u017cydowski nar\u00f3d w obliczu holokaustu zachowa\u0142 si\u0119 biernie, bo stron\u0105 aktywn\u0105 byli przecie\u017c Niemcy, to znaczy &#8211; jacy tam znowu \u201e<i>Niemcy<\/i>\u201d! Niemcy by\u0142y przecie\u017c pierwszym krajem okupowanym przez \u201e<i>nazist\u00f3w<\/i>\u201d, wi\u0119c i oni zachowali si\u0119 \u201e<i>biernie<\/i>\u201d bo stron\u0105 aktywn\u0105 byli \u017ali \u201e<i>nazi\u015bci<\/i>\u201d. Jak nie wiadomo, o co chodzi, tak i w tym przypadku chodzi\u0142o o pieni\u0105dze i ju\u017c w roku 1994 o\u015bmiu wybitnych ameryka\u0144skich polityk\u00f3w napisa\u0142o list do \u00f3wczesnego sekretarza stanu Warrena Christopchera, \u017ceby Departament Stanu ostrzeg\u0142 pa\u0144stwa Europy \u015arodkowej, \u017ce je\u015bli nie zado\u015b\u0107uczyni\u0105 maj\u0105tkowym roszczeniom \u017cydowskim, to stosunki USA z tymi pa\u0144stwami si\u0119 pogorsz\u0105. Tekst tego listu jakimi\u015b sekretnymi drogami \u201e<i>przeciek\u0142<\/i>\u201d do \u201e<i>prasy mi\u0119dzynarodowej<\/i>\u201d, wi\u0119c bardzo mo\u017cliwe, \u017ce za ca\u0142\u0105 operacj\u0105 sta\u0142 \u017cydowski przemys\u0142 holokaustu. Pa\u0144stwa \u015brodkowoeuropejskie, w\u015br\u00f3d nich r\u00f3wnie\u017c Polska, uleg\u0142y temu szanta\u017cowi, ale to szanta\u017cyst\u00f3w tylko rozzuchwali\u0142o. W rezultacie Polska zacz\u0119\u0142a konsultowa\u0107 z \u017bydami swoje ustawodawstwo. W 1998 roku do ustawy o Instytucie Pami\u0119ci Narodowej w\u0142\u0105czony zosta\u0142 art. 55, przewiduj\u0105cy karalno\u015b\u0107 tzw. \u201e<i>k\u0142amstwa o\u015bwi\u0119cimskiego<\/i>\u201d, a wi\u0119c ka\u017cdej pr\u00f3by publicznego podwa\u017cania zatwierdzonej do wierzenia wersji historii II wojny \u015bwiatowej, a oboz\u00f3w koncentracyjnych w szczeg\u00f3lno\u015bci. Warto przypomnie\u0107, \u017ce w 1998 roku rz\u0105d w Polsce tworzy\u0142a koalicja Akcji Wyborczej Solidarno\u015b\u0107 i Unii Wolno\u015bci, nie bez powodu uwa\u017canej za \u201e<i>parti\u0119 zagranicy<\/i>\u201d, mi\u0119dzy innymi z uwagi na wp\u0142ywy \u017cydowskie. Kiedy w roku 2018 Polska &#8211; zreszt\u0105 konsultuj\u0105c ten zamiar z ambasadoress\u0105 Izraela &#8211; spr\u00f3bowa\u0142a u\u017cy\u0107 tego samego narz\u0119dzia do ochrony w\u0142asnej reputacji, \u017bydzi podnie\u015bli klangor a\u017c pod niebiosa, Departament Stanu ostrzeg\u0142 Polsk\u0119, \u017ce jak si\u0119 nie opami\u0119ta, to \u201e<i>narazi na szwank swoje interesy strategiczne<\/i>\u201d, wi\u0119c rz\u0105d \u201e<i>dobrej zmiany<\/i>\u201d z podwini\u0119tym ogonem si\u0119 z tej nowelizacji wycofa\u0142. A jeszcze wcze\u015bniej, bo w roku 2006, \u00f3wczesny ambasador Izraela w Warszawie Dawid Peleng og\u0142osi\u0142, \u017ce Izrael b\u0119dzie \u201e<i>bojkotowa\u0142<\/i>\u201d Romana Giertycha, kt\u00f3ry w rz\u0105dzie premiera Jaros\u0142awa Kaczy\u0144skiego by\u0142 ministrem edukacji. W rezultacie Roman Giertych zosta\u0142 \u201e<i>przyjacielem Izraela<\/i>\u201d, co sprawi\u0142o, \u017ce obecnie nie tylko dobrze mu si\u0119 powodzi, ale w dodatku za\u017cywa reputacji autorytetu moralnego.<\/p>\r\n<p>Przypadek Romana Giertycha by\u0142 pierwsz\u0105 tak ostentacyjn\u0105 ingerencj\u0105 \u017cydowsk\u0105 w sfer\u0119 tak zwanych \u201e<i>spraw wewn\u0119trznych<\/i>\u201d w Polsce. Niestety nie ostatni\u0105 &#8211; bo polskie w\u0142adze pa\u0144stwowe wobec takich zachowa\u0144 strony \u017cydowskiej wykazuj\u0105 zdumiewaj\u0105c\u0105 nie\u015bmia\u0142o\u015b\u0107. No i mamy kolejn\u0105 powt\u00f3rk\u0119, zwi\u0105zn\u0105 z nominacj\u0105 na stanowisko wiceministra cyfryzacji pos\u0142a Adama Andruszkiewicza. Przeciwko tej decyzji wypowiedzia\u0142 si\u0119 przewodnicz\u0105cy Ligi Antydefamacyjnej Abraham Foxman, a ze specjalnym o\u015bwiadczeniem wyst\u0105pi\u0142 te\u017c Komitet \u017byd\u00f3w Ameryka\u0144skich, kt\u00f3ry wyrazi\u0142 swoje \u201e<i>zaniepokojenie<\/i>\u201d t\u0105 nominacj\u0105. W tej sytuacji tylko patrze\u0107, jak ameryka\u0144ski Departament Stanu znowu zabierze g\u0142os i wezwie Polsk\u0119 do opami\u0119tania &#8211; podobnie jak to by\u0142o zar\u00f3wno w sprawie nowelizacji ustawy o IPN, jak i w sprawie \u015bledztwa, jakie prokuratura wszcze\u0142a wobec TVN w celu wyja\u015bnienia, czy uroczysto\u015b\u0107 obchod\u00f3w urodzin Hitlera w lasach ko\u0142o Wodzis\u0142awia \u015al\u0105skiego nie zosta\u0142a aby zainscenizowana przez funkcjonariuszy tej stacji. Je\u015bli to jeszcze nie nast\u0105pi\u0142o, to by\u0107 mo\u017ce ze wzgl\u0119du na sytuacj\u0119 w samych Stanach Zjednoczonych, gdzie ju\u017c oko\u0142o miliona funkcjonariuszy rz\u0105dowych zosta\u0142o odes\u0142anych na bezp\u0142atne urlopy. Ale kiedy to zamieszanie si\u0119 sko\u0144czy, to Departament Stanu na pewno si\u0119 odezwie, skoro przeciwko nominacji pos\u0142a Andruszkiewicza zosta\u0142y poruszone takie Moce. Cieawe, co wtedy zxrobi pan premier Morawiecki. To znaczy wiadomo, co zrobi; to, co mu rozka\u017ce zrobi\u0107 Naczelnik Pa\u0144stwa, czyli Jaros\u0142aw Kaczy\u0144ski. A co mu rozka\u017ce zrobi\u0107?<\/p>\r\n<p>\u0179eby odpowiedzie\u0107 na to pytanie, trzeba wyja\u015bni\u0107, dlaczego w\u0142a\u015bciwie pan pose\u0142 Andruszkiewicz zosta\u0142 wiceministrem cyfryzacji. Chyba nie ze wzgl\u0119du na swoje zalety fachowe, bo jest on absolwentem stosunk\u00f3w mi\u0119dzynarodowych uniwersytetu w Bia\u0142ymstoku. Nie jestem te\u017c pewien, czy ze wzgl\u0119du na sw\u00f3j polityczny potencja\u0142, bo pose\u0142 Andruszkiewicz wprawdzie by\u0142 w ruchu narodowym, ale ju\u017c tam nie jest, podobnie jak w wielu innych organizacjach politycznych, przez kt\u00f3re w mi\u0119dzyczasie przew\u0119drowa\u0142. Zatem je\u015bli nominacja pos\u0142a Andruszkiewicza mia\u0142aby by\u0107 pr\u00f3b\u0105 otwarcia si\u0119 Prawa i Sprawiedliwo\u015bci na \u015brodowiska, kt\u00f3re w roku wyborczym PiS chcia\u0142oby pozyska\u0107, to by\u0142aby to pr\u00f3ba nieudana. Pose\u0142 Winnicki oceni\u0142 pos\u0142a Andruszkiewicza bardzo krytycznie, wyra\u017caj\u0105\u0107 nawet \u017cal, \u017ce wyszed\u0142 on ze \u015brodowiska narodowego. Skoro nawet my, biedni felietoni\u015bci, to wiemy, to by\u0142oby niegrzecznie przypuszcza\u0107, \u017ce nie wie tego pan prezes Jaros\u0142aw Kaczy\u0144ski. A skoro wie i do tej nominacji przynajmniej dopu\u015bci\u0142, je\u015bli w og\u00f3le jej nie wymy\u015bli\u0142, no to musia\u0142y go przekona\u0107 jakie\u015b argumenty.<\/p>\r\n<p>Jeste\u015bmy skazani na domys\u0142y, ale je\u015bli ju\u017c jeste\u015bmy skazani, to nie \u017ca\u0142ujmy sobie i si\u0119 domy\u015blajmy. Ja na przyk\u0142ad si\u0119 domy\u015blam, \u017ce nominacja pos\u0142a Andruszkiewicza mia\u0142a na celu wywo\u0142anie \u017cydowskiej krytyki, kt\u00f3ra z kolei wywo\u0142a reakcj\u0119 Departamentu Stanu USA. Pod ameryka\u0144skim naciskiem rz\u0105d \u201e<i>dobrej zmiany<\/i>\u201d b\u0119dzie musia\u0142 ust\u0105pi\u0107, ale oczywiscie nie od razu, tylko po odegraniu przedstawienia desperackiej obrony pos\u0142a Andruszkiewicza. Takie widowisko z pewno\u015bci\u0105 usposobi \u017cyczliwie do PiS wiele os\u00f3b, a nawet wiele \u015brodowisk, kt\u00f3re b\u0119d\u0105 mia\u0142y okazj\u0119 zobaczenia na w\u0142asne oczy, jak PiS m\u0119\u017cnie staje w obronie suwerenno\u015bci Polski. Oczywi\u015bcie w ko\u0144cu b\u0119dzie musia\u0142 ulec, ale r\u00f3wnie\u017c ta pora\u017cka mo\u017ce przysporzy\u0107 PiS-owi sympatii, bo Polacy raczej wsp\u00f3\u0142czuj\u0105 politykom, kt\u00f3rzy musieli ulec przemocy. W tej sytuacji pan pose\u0142 Adam Andruszkiewicz mo\u017ce pe\u0142ni\u0107 rol\u0119 listka figowego, kt\u00f3ry mia\u0142by przykry\u0107 jakie\u015b wstydliwe zak\u0105tki PiS &#8211; na przyk\u0142ad &#8211; milcz\u0105c\u0105 zgod\u0119 na realizacj\u0119 roszcze\u0144 \u017cydowskich wobec Polski. Nominacja, a nast\u0119pnie odwo\u0142anie pana Andruszkiewicza ten listek figowy str\u0105ci &#8211; ale wiadomo, \u017ce nie ma wi\u0119kszego rozczarowania nad to, kiedy po ods\u0142oni\u0119ciu listka figowego zobaczy si\u0119 pod nim fig\u0119.<\/p>\r\n<p><strong><em>Stanis\u0142aw Michalkiewicz<\/em><\/strong><\/p>\r\n<p>Felieton &nbsp;<b>\u2022<\/b>&nbsp; serwis \u201ePrawy.pl\u201d (prawy.pl) &nbsp;<b>\u2022<\/b>&nbsp; 15 stycznia 2019<\/p>","protected":false},"excerpt":{"rendered":"Trudno powiedzie\u0107, kiedy to si\u0119 zacz\u0119\u0142o. Czy w roku 1994, czy mo\u017ce wcze\u015bniej? W roku 1990 \u015brodowiska \u017cydowskie w Ameryce zacz\u0119\u0142y oskar\u017ca\u0107 nar\u00f3d polski, \u017ce w obliczu holokaustu zachowa\u0142 si\u0119 \u201ebiernie\u201d. By\u0142o to dziwaczne, bo oskar\u017cyciele nie m\u00f3wili, co \u201enar\u00f3d polski\u201d powinien by\u0142 zrobi\u0107, \u017ceby nie zas\u0142u\u017cy\u0107 sobie na taka ocen\u0119. To\u0107 i \u017cydowski nar\u00f3d [&hellip;]","protected":false},"author":1,"featured_media":0,"comment_status":"closed","ping_status":"closed","sticky":false,"template":"","format":"standard","meta":{"_acf_changed":false,"_monsterinsights_skip_tracking":false,"_monsterinsights_sitenote_active":false,"_monsterinsights_sitenote_note":"","_monsterinsights_sitenote_category":0,"ngg_post_thumbnail":0,"footnotes":"","_wp_rev_ctl_limit":""},"categories":[9],"tags":[65,22,98,53,37,34],"acf":[],"_links":{"self":[{"href":"https:\/\/www.bibula.com\/index.php?rest_route=\/wp\/v2\/posts\/106230"}],"collection":[{"href":"https:\/\/www.bibula.com\/index.php?rest_route=\/wp\/v2\/posts"}],"about":[{"href":"https:\/\/www.bibula.com\/index.php?rest_route=\/wp\/v2\/types\/post"}],"author":[{"embeddable":true,"href":"https:\/\/www.bibula.com\/index.php?rest_route=\/wp\/v2\/users\/1"}],"replies":[{"embeddable":true,"href":"https:\/\/www.bibula.com\/index.php?rest_route=%2Fwp%2Fv2%2Fcomments&post=106230"}],"version-history":[{"count":0,"href":"https:\/\/www.bibula.com\/index.php?rest_route=\/wp\/v2\/posts\/106230\/revisions"}],"wp:attachment":[{"href":"https:\/\/www.bibula.com\/index.php?rest_route=%2Fwp%2Fv2%2Fmedia&parent=106230"}],"wp:term":[{"taxonomy":"category","embeddable":true,"href":"https:\/\/www.bibula.com\/index.php?rest_route=%2Fwp%2Fv2%2Fcategories&post=106230"},{"taxonomy":"post_tag","embeddable":true,"href":"https:\/\/www.bibula.com\/index.php?rest_route=%2Fwp%2Fv2%2Ftags&post=106230"}],"curies":[{"name":"wp","href":"https:\/\/api.w.org\/{rel}","templated":true}]}}