{"id":106224,"date":"2019-01-15T10:35:13","date_gmt":"2019-01-15T15:35:13","guid":{"rendered":"http:\/\/www.bibula.com\/?p=106224"},"modified":"2019-01-15T10:35:46","modified_gmt":"2019-01-15T15:35:46","slug":"gdanski-final-wosp-zorganizowano-na-podstawie-prawa-drogowego-z-upowaznienia-prezydenta-adamowicza","status":"publish","type":"post","link":"https:\/\/www.bibula.com\/?p=106224","title":{"rendered":"Gda\u0144ski Fina\u0142 WO\u015aP zorganizowano na podstawie&#8230; Prawa drogowego. Z upowa\u017cnienia&#8230; prezydenta Adamowicza"},"content":{"rendered":"<p><strong>Fina\u0142 Wielkiej Orkiestry \u015awi\u0105tecznej Pomocy w Gda\u0144sku nie mia\u0142 statusu imprezy masowej. Zosta\u0142 zorganizowany na podstawie przepis\u00f3w Prawa o ruchu drogowym; wi\u0105\u017c\u0105 si\u0119 z tym mniej restrykcyjne wymogi bezpiecze\u0144stwa.<\/strong><\/p>\r\n<p>Prezydent Gda\u0144ska Pawe\u0142 Adamowicz nie \u017cyje. Zmar\u0142 po tym, jak zosta\u0142 zaatakowany no\u017cem przez 27-letniego m\u0119\u017cczyzn\u0119 podczas gda\u0144skiego&#8230; <strong>Fina\u0142<\/strong><strong>u <\/strong><strong>WO\u015aP.<\/strong><\/p>\r\n<p>Organizatorem imprezy by\u0142o Regionalne Centrum Wolontariatu w Gda\u0144sku. <br>\r\n11 grudnia zosta\u0142 z\u0142o\u017cony wniosek o zgod\u0119 na tzw. <em><strong>wykorzystanie drogi w spos\u00f3b szczeg\u00f3lny.<\/strong><\/em> Pozytywna decyzja zosta\u0142a wydana 28 grudnia przez Zesp\u00f3\u0142 do spraw Zarz\u0105dzania Ruchem Urz\u0119du Miasta &#8211;<strong> z upowa\u017cnienia prezydenta Gda\u0144ska &#8211;<\/strong> i dotyczy\u0142a Targu W\u0119glowego i ul. Bogus\u0142awskiego.<\/p>\r\n<p>20 grudnia organizatorzy otrzymali tak\u017ce od komendanta wojew\u00f3dzkiego policji w Gda\u0144sku pozytywn\u0105 opini\u0119 dotycz\u0105c\u0105 wniosku o zorganizowanie imprezy na Targu W\u0119glowym. <br>\r\nWymogi wobec imprezy organizowanej na zasadzie wykorzystania drogi w spos\u00f3b szczeg\u00f3lny s\u0105 mniej restrykcyjne ni\u017c wobec imprezy masowej; <strong>nie wymuszaj\u0105 na organizatorze m. in. wyznaczenia kierownika do spraw bezpiecze\u0144stwa. <\/strong><br>\r\n<br>\r\nJak twierdzi organizator, w ten spos\u00f3b imprez\u0119 zakwalifikowa\u0142 urz\u0105d miasta. <br>\r\n<br>\r\nJak jednak wynika z dokument\u00f3w, <strong>wobec organizator\u00f3w postawiono wymagania zbie\u017cne z wymogami ustawy o organizacji imprez masowych. <\/strong><\/p>\r\n<p class=\"podpis_sz\">[\u0179r\u00f3d\u0142o:] http:\/\/www.wykop.pl\/ramka\/4748051\/gdanski-final-wosp-zorganizowano-na-podstawie-prawa-drogowego\/<\/p>\r\n<p class=\"zrodlo\">Za: <a href=\"http:\/\/dakowski.pl\/index.php?option=com_content&amp;task=view&amp;id=24645&amp;Itemid=100\">Strona prof. Miros\u0142awa Dakowskiego (15.01.2019)<\/a> &#8211; [Org. tytu\u0142: \u00abGda\u0144ski Fina\u0142 WO\u015aP zorganizowano na podstawie&#8230; Prawa drogowego.\u00bb]<\/p>","protected":false},"excerpt":{"rendered":"Fina\u0142 Wielkiej Orkiestry \u015awi\u0105tecznej Pomocy w Gda\u0144sku nie mia\u0142 statusu imprezy masowej. Zosta\u0142 zorganizowany na podstawie przepis\u00f3w Prawa o ruchu drogowym; wi\u0105\u017c\u0105 si\u0119 z tym mniej restrykcyjne wymogi bezpiecze\u0144stwa. Prezydent Gda\u0144ska Pawe\u0142 Adamowicz nie \u017cyje. Zmar\u0142 po tym, jak zosta\u0142 zaatakowany no\u017cem przez 27-letniego m\u0119\u017cczyzn\u0119 podczas gda\u0144skiego&#8230; Fina\u0142u WO\u015aP. Organizatorem imprezy by\u0142o Regionalne Centrum Wolontariatu [&hellip;]","protected":false},"author":1,"featured_media":0,"comment_status":"closed","ping_status":"closed","sticky":false,"template":"","format":"standard","meta":{"_acf_changed":false,"_monsterinsights_skip_tracking":false,"_monsterinsights_sitenote_active":false,"_monsterinsights_sitenote_note":"","_monsterinsights_sitenote_category":0,"ngg_post_thumbnail":0,"footnotes":"","_wp_rev_ctl_limit":""},"categories":[8],"tags":[98,226],"acf":[],"_links":{"self":[{"href":"https:\/\/www.bibula.com\/index.php?rest_route=\/wp\/v2\/posts\/106224"}],"collection":[{"href":"https:\/\/www.bibula.com\/index.php?rest_route=\/wp\/v2\/posts"}],"about":[{"href":"https:\/\/www.bibula.com\/index.php?rest_route=\/wp\/v2\/types\/post"}],"author":[{"embeddable":true,"href":"https:\/\/www.bibula.com\/index.php?rest_route=\/wp\/v2\/users\/1"}],"replies":[{"embeddable":true,"href":"https:\/\/www.bibula.com\/index.php?rest_route=%2Fwp%2Fv2%2Fcomments&post=106224"}],"version-history":[{"count":0,"href":"https:\/\/www.bibula.com\/index.php?rest_route=\/wp\/v2\/posts\/106224\/revisions"}],"wp:attachment":[{"href":"https:\/\/www.bibula.com\/index.php?rest_route=%2Fwp%2Fv2%2Fmedia&parent=106224"}],"wp:term":[{"taxonomy":"category","embeddable":true,"href":"https:\/\/www.bibula.com\/index.php?rest_route=%2Fwp%2Fv2%2Fcategories&post=106224"},{"taxonomy":"post_tag","embeddable":true,"href":"https:\/\/www.bibula.com\/index.php?rest_route=%2Fwp%2Fv2%2Ftags&post=106224"}],"curies":[{"name":"wp","href":"https:\/\/api.w.org\/{rel}","templated":true}]}}