{"id":106220,"date":"2019-01-15T10:24:25","date_gmt":"2019-01-15T15:24:25","guid":{"rendered":"http:\/\/www.bibula.com\/?p=106220"},"modified":"2019-01-15T10:30:30","modified_gmt":"2019-01-15T15:30:30","slug":"niemiecki-biskup-zapowiada-zmiany-w-kosciele-negatywna-ocena-homoseksualizmu-wymaga-korekty","status":"publish","type":"post","link":"https:\/\/www.bibula.com\/?p=106220","title":{"rendered":"Niemiecki biskup zapowiada zmiany w Ko\u015bciele: negatywna ocena homoseksualizmu wymaga korekty"},"content":{"rendered":"<p><strong>Biskup Franz-Josef Overbeck z Essen zapowiada, \u017ce w Ko\u015bciele katolickim w Niemczech nadszed\u0142 czas wielkich zmian. Przesz\u0142o\u015b\u0107 odchodzi do lamusa. Chodzi o moralno\u015b\u0107 seksualn\u0105, rol\u0119 kobiet w Ko\u015bciele i celibat.<\/strong><\/p>\r\n<p style=\"text-align: center;\"><img fetchpriority=\"high\" decoding=\"async\" class=\"aligncenter\" src=\"https:\/\/www.pch24.pl\/images\/min_mid_big\/big\/65504.jpg?r=1547564817\" alt=\"Niemiecki biskup zapowiada zmiany w Ko\u015bciele: negatywna ocena homoseksualizmu wymaga korekty\" width=\"597\" height=\"343\"><\/p>\r\n<p style=\"text-align: center;\"><em>Bp Franz-Josef Overbeck. Bistum Essen\/YouTube<\/em><\/p>\r\n<p>Swoje tezy bp Franz-Josef Overbeck og\u0142osi\u0142 w kilkunastostronicowej, programowej broszurze opublikowanej z okazji nowego roku. W minion\u0105 niedziel\u0119 odczytano j\u0105 we wszystkich ko\u015bcio\u0142ach diecezji esse\u0144skiej.<\/p>\r\n<p>\u201eDawny czas mija!\u201d &#8211; zatytu\u0142owa\u0142 hierarcha swoje rozwa\u017cania.<\/p>\r\n<p>Wed\u0142ug biskupa, niezadowolenie i gniew wielu wiernych, ostatnio tak wyraziste w zwi\u0105zku ze skandalem nadu\u017cy\u0107 seksualnych, pokazuj\u0105, \u017ce Ko\u015bci\u00f3\u0142 katolicki stoi u progu wielkich zmian. Nie ma \u017cadnych tabu i pyta\u0144, kt\u00f3rych nie wolno zadawa\u0107 &#8211; przekonuje. Ko\u015bci\u00f3\u0142 musi \u201erozwija\u0107 si\u0119\u201d w takich kwestiach jak obraz kap\u0142a\u0144stwa, hierarcha, r\u00f3wnouprawnienie i moralno\u015b\u0107 seksualna.<\/p>\r\n<p>Bp Overbeck pisze wprost, \u017ce \u201epilnej korekty\u201d wymaga \u201eczysto negatywna ocena homoseksualizmu\u201d. Ko\u015bcielne nauczanie musi si\u0119 \u201erozwin\u0105\u0107\u201d jednak nie tylko w sprawie homoseksualizmu, ale tak\u017ce innych \u201ekwestii etyki seksualnej\u201d.<\/p>\r\n<p>Biskup przekonuje, \u017ce w jego diecezji \u201ez sukcesem eksperymentuje si\u0119 z nowymi sposobami \u017cycia chrze\u015bcija\u0144skiego\u201d, pozwalaj\u0105c \u015bwieckim coraz aktywniej uczestniczy\u0107 w \u017cyciu ko\u015bcielnym. Dotyczy to tak\u017ce wprowadzenia \u201eb\u0142ogos\u0142awie\u0144stwa niemowl\u0105t\u201d, kt\u00f3re kierowane jest mi\u0119dzy innymi do os\u00f3b niechc\u0105cych \u201ejeszcze\u201d decydowa\u0107 si\u0119 na chrzest swojego potomstwa.<\/p>\r\n<p>Hierarcha uwa\u017ca te\u017c, \u017ce nale\u017cy przemy\u015ble\u0107 \u201ewykluczenie kobiet od urz\u0119d\u00f3w\u201d ko\u015bcielnych i odej\u015bcie od Ko\u015bcio\u0142a \u201ezdominowanego przez m\u0119\u017cczyzn\u201d. Jego zdaniem trudno sobie wyobrazi\u0107, jak mia\u0142oby wygl\u0105da\u0107 \u201er\u00f3wnouprawnienie\u201d kobiet pod wzgl\u0119dem pe\u0142nienia kierowniczych stanowisk, je\u017celi \u201esakrament \u015bwi\u0119ce\u0144 mia\u0142by by\u0107 dla nich niemo\u017cliwy\u201d.<\/p>\r\n<p>\u0179r\u00f3d\u0142a: domradio.de \/ bistum-essen.de<br>\r\nPach<\/p>\r\n<p class=\"zrodlo\">Za: <a href=\"https:\/\/www.pch24.pl\/niemiecki-biskup-zapowiada-zmiany-w-kosciele--negatywna-ocena-homoseksualizmu-wymaga-korekty,65504,i.html\">PoloniaChristiana &#8211; pch24.pl (2019-01-15)<\/a><\/p>\r\n<blockquote>\r\n<p>[<strong>Wybrane wypowiedzi internaut\u00f3w pod w\/w tekstem na stronie \u017ar\u00f3d\u0142owej:<\/strong>]<\/p>\r\n<p>Wypowied\u017a wskazuje, \u017ce jest on homoseksualnym feministycznym dzia\u0142aczem, kt\u00f3ry pe\u0142ni urz\u0105d ko\u015bcielny w celu zniszczenia Ko\u015bcio\u0142a od \u015brodka. To nie biskup, a wilk w owczej sk\u00f3rze, pos\u0142aniec Szatana pe\u0142en perwersji zdemoralizowany i wynaturzony biedak, kt\u00f3remu jedynie przys\u0142uguje prawo do nawr\u00f3cenia. obecni g\u0142osi grzech i zgorszenie sieje. Precz z nim.<br>\r\n<em>Przem<\/em><br>\r\n<br>\r\nObowi\u0105zkiem biskupa jest g\u0142oszenie nauki Chrystusa Pana. Osoba g\u0142osz\u0105ca herezje stawia si\u0119 po za Ko\u015bcio\u0142em. Nieszcz\u0119\u015bciem naszych czas\u00f3w jest to, \u017ce ani papie\u017c, ani Kuria Rzymska nie pe\u0142ni\u0105 swoich powinno\u015bci (w tym og\u0142aszania ekskomuniki wobec hierarch\u00f3w-heretyk\u00f3w). Tym wi\u0119ksza jest osobista odpowiedzialno\u015b\u0107 \u015bwieckich za zbawienie siebie i swoich bliskich. +++ &#8222;Pod Twoj\u0105 obron\u0119 uciekamy si\u0119 \u015bwi\u0119ta Bo\u017ca Rodzicielko (Matko i Kr\u00f3lowo nasza)&#8230;&#8221;<br>\r\n<em>Jurek<\/em><br>\r\n<br>\r\nPami\u0119tam dobrze, jak w 2010 roku, kr\u00f3tko po jego nominacji na biskupa Essen, ten sam biskup w debacie telewizyjnej g\u0142o\u015bno, wyra\u017anie i odwa\u017cnie broni\u0142 nauki Ko\u015bcio\u0142a katolickiego w sprawie homoseksualizmu. Kr\u00f3tko po tej debacie rozp\u0119ta\u0142a si\u0119 na niego medialna nagonka, tak \u017ce ju\u017c dwa miesi\u0105ce p\u00f3\u017aniej zaprosi\u0142 organizacje LGBT do wsp\u00f3lnej dyskusji, po kt\u00f3rej przeprosi\u0142 za to \u017ce nazwa\u0142 homoseksualizm grzechem&#8230;<br>\r\n<em>lesi<\/em><br>\r\n<br>\r\nMiecz Panski wisi nad tym biskupem, ktory chce uznania za cos pozytywnego homoseksualizmu!<br>\r\n<em>Slawomir Tomasz Roch<\/em><br>\r\n<br>\r\nje\u017celi biskup Franz-Josef Overbeck nie jest w stanie przestrzega\u0107 praw to musi je zmieni\u0107 tak aby one idealnie pasowa\u0142y do jego zachowania.<br>\r\n<em>Zainteresowany<\/em><br>\r\n<br>\r\nProtestant. Pi\u0105ta kolumna.Homoseksualizm to dewiacja i mo\u017cna z ni\u0105 \u017cy\u0107 i zaakceptowa\u0107. Ale niekoniecznie r\u00f3wnouprawnia\u0107. Tyle w temacie.<br>\r\n<em>John<\/em><br>\r\n<br>\r\nChyba tych heretyk\u00f3w, w episkopacie niemieckim, jest wi\u0119kszo\u015b\u0107!<br>\r\n<em>Karol<\/em><br>\r\n<br>\r\nTacy kap\u0142ani powinni dosta\u0107 zakaz wypowiadania si\u0119. To zaprzeczenie Ewangelii. Niestety przykro o tym pisa\u0107, ale wiele zamieszania w tych kwestiach zawdzieczamy przez niejednoznaczne wypowiedzi Ojca \u015awi\u0119tego.<br>\r\n<em>PRPR<\/em><br>\r\n<br>\r\nNiech biskup przejdzie do protestant\u00f3w. Oni ju\u017c to wszystko maj\u0105. Bo\u017ce zmi\u0142uj si\u0119 nad niemieckimi katolikami<br>\r\n<em>&nbsp;Toni<\/em><br>\r\n<br>\r\nCzy biskup niemiecki jest wladny zniesc sodomicki grzech ?<br>\r\n<em>Opty<\/em><br>\r\n<br>\r\nwykluczcie ich w ko\u0144cu jako heretyk\u00f3w,zanim zara\u017c\u0105 ca\u0142e chcrze\u015bcija\u0144stwo<br>\r\n<em>ddd<\/em><br>\r\n<br>\r\nBo\u017ce, przecie\u017c to Sodoma i Gomora.<br>\r\n<em>katolik<\/em><\/p>\r\n<\/blockquote>\r\n<h4>&nbsp;<\/h4>\r\n<hr style=\"background-color: #000000; border-width: 0; color: #000000; height: 2px; line-height: 0; text-align: center; width: 100%;\">\r\n<h4>&nbsp;<\/h4>","protected":false},"excerpt":{"rendered":"Biskup Franz-Josef Overbeck z Essen zapowiada, \u017ce w Ko\u015bciele katolickim w Niemczech nadszed\u0142 czas wielkich zmian. Przesz\u0142o\u015b\u0107 odchodzi do lamusa. Chodzi o moralno\u015b\u0107 seksualn\u0105, rol\u0119 kobiet w Ko\u015bciele i celibat. Bp Franz-Josef Overbeck. Bistum Essen\/YouTube Swoje tezy bp Franz-Josef Overbeck og\u0142osi\u0142 w kilkunastostronicowej, programowej broszurze opublikowanej z okazji nowego roku. W minion\u0105 niedziel\u0119 odczytano j\u0105 [&hellip;]","protected":false},"author":1,"featured_media":0,"comment_status":"closed","ping_status":"closed","sticky":false,"template":"","format":"standard","meta":{"_acf_changed":false,"_monsterinsights_skip_tracking":false,"_monsterinsights_sitenote_active":false,"_monsterinsights_sitenote_note":"","_monsterinsights_sitenote_category":0,"ngg_post_thumbnail":0,"footnotes":"","_wp_rev_ctl_limit":""},"categories":[3],"tags":[166,238,26,33],"acf":[],"_links":{"self":[{"href":"https:\/\/www.bibula.com\/index.php?rest_route=\/wp\/v2\/posts\/106220"}],"collection":[{"href":"https:\/\/www.bibula.com\/index.php?rest_route=\/wp\/v2\/posts"}],"about":[{"href":"https:\/\/www.bibula.com\/index.php?rest_route=\/wp\/v2\/types\/post"}],"author":[{"embeddable":true,"href":"https:\/\/www.bibula.com\/index.php?rest_route=\/wp\/v2\/users\/1"}],"replies":[{"embeddable":true,"href":"https:\/\/www.bibula.com\/index.php?rest_route=%2Fwp%2Fv2%2Fcomments&post=106220"}],"version-history":[{"count":0,"href":"https:\/\/www.bibula.com\/index.php?rest_route=\/wp\/v2\/posts\/106220\/revisions"}],"wp:attachment":[{"href":"https:\/\/www.bibula.com\/index.php?rest_route=%2Fwp%2Fv2%2Fmedia&parent=106220"}],"wp:term":[{"taxonomy":"category","embeddable":true,"href":"https:\/\/www.bibula.com\/index.php?rest_route=%2Fwp%2Fv2%2Fcategories&post=106220"},{"taxonomy":"post_tag","embeddable":true,"href":"https:\/\/www.bibula.com\/index.php?rest_route=%2Fwp%2Fv2%2Ftags&post=106220"}],"curies":[{"name":"wp","href":"https:\/\/api.w.org\/{rel}","templated":true}]}}