{"id":106217,"date":"2019-01-15T10:24:19","date_gmt":"2019-01-15T15:24:19","guid":{"rendered":"http:\/\/www.bibula.com\/?p=106217"},"modified":"2019-01-15T10:24:19","modified_gmt":"2019-01-15T15:24:19","slug":"izrael-przyznaje-sie-do-ataku-na-iranskie-cele","status":"publish","type":"post","link":"https:\/\/www.bibula.com\/?p=106217","title":{"rendered":"Izrael przyznaje si\u0119 do ataku na ira\u0144skie cele"},"content":{"rendered":"<p><strong>INFO: W\u0142adze Izraela niespodziewanie przyzna\u0142y si\u0119 ju\u017c oficjalnie do zorganizowania ataku na ira\u0144skie cele w Syrii.<\/strong><\/p>\r\n<p>Chocia\u017c o atak na ira\u0144skie obiekty w Syrii i tak podejrzewano Izrael, to jednak dopiero teraz, po deklaracji premiera Izraela p. Benjamina Netanjahu, kt\u00f3ry powiedzia\u0142 o tym wprost, nie ma ju\u017c co do tego \u017cadnych w\u0105tpliwo\u015bci. Izraelski premier przyzna\u0142, \u017ce atak na magazyn broni by\u0142 przeprowadzony z premedytacj\u0105 przez izraelskie s\u0142u\u017cby, aby nie dopu\u015bci\u0107 do dalszego zbrojenia przez Iran swoich sojusznik\u00f3w w Syrii.<\/p>\r\n<p>\u0179r\u00f3d\u0142o:&nbsp;<a href=\"https:\/\/www.nytimes.com\/2019\/01\/13\/world\/middleeast\/israel-iran-strike-syria-tunnels.html\">www.nytimes.com<\/a><\/p>\r\n<p>Opracowa\u0142: MD.<\/p>\r\n<p class=\"zrodlo\">Za: <a href=\"http:\/\/korwin-mikke.pl\/azja_centralna\/zobacz\/izrael_przyznaje_sie_do_ataku_na_iranskie_cele\/176116\">korwin-mikke.pl (15-01-2019)<\/a><\/p>\r\n<h4>&nbsp;<\/h4>\r\n<hr style=\"background-color: #000000; border-width: 0; color: #000000; height: 2px; line-height: 0; text-align: center; width: 100%;\">\r\n<h4>&nbsp;<\/h4>\r\n<h2>Syria przechwyci\u0142a izraelski atak<\/h2>\r\n<p><strong>INFO: Syryjskie s\u0142u\u017cby obrony powietrznej zestrzeli\u0142y pociski izraelskie, poda\u0142a oficjalna syryjska agencja SANA, powo\u0142uj\u0105c si\u0119 na \u017ar\u00f3d\u0142o militarne.<\/strong><\/p>\r\n<p>Wi\u0119kszo\u015b\u0107 pocisk\u00f3w wystrzelonych przez &#8222;izraelskie samoloty wojskowe&#8221; zosta\u0142o przechwyconych noc\u0105, poda\u0142o \u017ar\u00f3d\u0142o.&nbsp;<\/p>\r\n<p>&#8211; Tylko magazyn Ministerstwa Transportu na mi\u0119dzynarodowym lotnisku w Damaszku zosta\u0142 trafiony &#8211; podano.<\/p>\r\n<p>Pa\u0144stwowa agencja informacyjna cytowa\u0142a r\u00f3wnie\u017c rzeczone ministerstwo, dodaj\u0105c, \u017ce lotnisko dzia\u0142a normalnie.<\/p>\r\n<p>\u0179r\u00f3d\u0142o:&nbsp;<a href=\"http:\/\/middle-east-online.com\/en\/syria-says-its-air-defences-shot-down-israeli-missiles\">middle-east-online.com<\/a><\/p>\r\n<p>Opracowa\u0142: BL&nbsp;<\/p>\r\n<p class=\"zrodlo\">Za: <a href=\"http:\/\/korwin-mikke.pl\/bliski_wschod\/zobacz\/syria_przechwycila_izraelski_atak\/176080\">korwin-mikke.pl (15-01-2019)<\/a><\/p>\r\n<h4>&nbsp;<\/h4>\r\n<hr style=\"background-color: #000000; border-width: 0; color: #000000; height: 2px; line-height: 0; text-align: center; width: 100%;\">\r\n<h4>&nbsp;<\/h4>","protected":false},"excerpt":{"rendered":"INFO: W\u0142adze Izraela niespodziewanie przyzna\u0142y si\u0119 ju\u017c oficjalnie do zorganizowania ataku na ira\u0144skie cele w Syrii. Chocia\u017c o atak na ira\u0144skie obiekty w Syrii i tak podejrzewano Izrael, to jednak dopiero teraz, po deklaracji premiera Izraela p. Benjamina Netanjahu, kt\u00f3ry powiedzia\u0142 o tym wprost, nie ma ju\u017c co do tego \u017cadnych w\u0105tpliwo\u015bci. Izraelski premier przyzna\u0142, [&hellip;]","protected":false},"author":1,"featured_media":0,"comment_status":"closed","ping_status":"closed","sticky":false,"template":"","format":"standard","meta":{"_acf_changed":false,"_monsterinsights_skip_tracking":false,"_monsterinsights_sitenote_active":false,"_monsterinsights_sitenote_note":"","_monsterinsights_sitenote_category":0,"ngg_post_thumbnail":0,"footnotes":"","_wp_rev_ctl_limit":""},"categories":[6],"tags":[84,88,61,197,281],"acf":[],"_links":{"self":[{"href":"https:\/\/www.bibula.com\/index.php?rest_route=\/wp\/v2\/posts\/106217"}],"collection":[{"href":"https:\/\/www.bibula.com\/index.php?rest_route=\/wp\/v2\/posts"}],"about":[{"href":"https:\/\/www.bibula.com\/index.php?rest_route=\/wp\/v2\/types\/post"}],"author":[{"embeddable":true,"href":"https:\/\/www.bibula.com\/index.php?rest_route=\/wp\/v2\/users\/1"}],"replies":[{"embeddable":true,"href":"https:\/\/www.bibula.com\/index.php?rest_route=%2Fwp%2Fv2%2Fcomments&post=106217"}],"version-history":[{"count":0,"href":"https:\/\/www.bibula.com\/index.php?rest_route=\/wp\/v2\/posts\/106217\/revisions"}],"wp:attachment":[{"href":"https:\/\/www.bibula.com\/index.php?rest_route=%2Fwp%2Fv2%2Fmedia&parent=106217"}],"wp:term":[{"taxonomy":"category","embeddable":true,"href":"https:\/\/www.bibula.com\/index.php?rest_route=%2Fwp%2Fv2%2Fcategories&post=106217"},{"taxonomy":"post_tag","embeddable":true,"href":"https:\/\/www.bibula.com\/index.php?rest_route=%2Fwp%2Fv2%2Ftags&post=106217"}],"curies":[{"name":"wp","href":"https:\/\/api.w.org\/{rel}","templated":true}]}}