{"id":106201,"date":"2019-01-14T10:27:15","date_gmt":"2019-01-14T15:27:15","guid":{"rendered":"http:\/\/www.bibula.com\/?p=106201"},"modified":"2019-01-14T10:27:15","modified_gmt":"2019-01-14T15:27:15","slug":"sommer-zamiast-maszerowac-przeciwko-nienawisci-trzeba-przywrocic-kare-smierci-stefan-w-na-nia-zasluguje","status":"publish","type":"post","link":"https:\/\/www.bibula.com\/?p=106201","title":{"rendered":"Sommer: zamiast maszerowa\u0107 \u201eprzeciwko nienawi\u015bci&#8221; trzeba przywr\u00f3ci\u0107 kar\u0119 \u015bmierci. Stefan W. na ni\u0105 zas\u0142uguje"},"content":{"rendered":"<p><strong>Natychmiast po \u015bmierci prezydenta Paw\u0142a Adamowicza, kt\u00f3ry zosta\u0142 wczoraj ugodzony no\u017cem przez bandyt\u0119 Stefana W. prokuratura prowadz\u0105ca \u015bledztwo w tej sprawie zmieni\u0142a kwalifikacj\u0119 czynu na zab\u00f3jstwo. Mordercy grozi wi\u0119c 25 lat wi\u0119zienia albo do\u017cywocie. Tymczasem nale\u017cy mu si\u0119 kara \u015bmierci.<\/strong><\/p>\r\n<p><img fetchpriority=\"high\" decoding=\"async\" class=\"entry-thumb aligncenter\" title=\"stefan_w_zamach_adamowicz_atak_wosp_gdansk\" src=\"https:\/\/nczas.com\/wp-content\/uploads\/2019\/01\/stefan_w_zamach_adamowicz_atak_wosp_gdansk.jpg\" alt=\"Stefan W. - to on chcia\u0142 zabi\u0107 prezydenta Gda\u0144ska Paw\u0142a Adamowicza. Foto: yt, fb\" width=\"605\" height=\"403\"><\/p>\r\n<p style=\"text-align: center;\"><em>Stefan W. &#8211; zabi\u0142 prezydenta Gda\u0144ska Paw\u0142a Adamowicza. Foto: yt, fb<\/em><\/p>\r\n<p>Zbrodnia jakiej dopu\u015bci\u0142 si\u0119 Stefan W. jest wyj\u0105tkowo bestialska, w dodatku pope\u0142niono j\u0105 na oczach tysi\u0119cy ludzi. Zab\u00f3jca che\u0142pi\u0142 si\u0119 swoim uczynkiem. Natomiast sam fakt zab\u00f3jstwa spot\u0119gowa\u0142 dziel\u0105ce Polak\u00f3w spory polityczne, wywo\u0142a\u0142 wojn\u0119 w internecie. Wszystkie te aspekty sprawy podkre\u015blaj\u0105 jej wyj\u0105tkowo\u015b\u0107. A wyj\u0105tkowa zbrodnia powinna te\u017c by\u0107 w wyj\u0105tkowy spos\u00f3b traktowana. Tym bardziej, \u017ce spos\u00f3b jej przeprowadzenia wyklucza jakiekolwiek w\u0105tpliwo\u015bci co do sprawstwa.<\/p>\r\n<p>Oczywi\u015bcie mo\u017cemy mie\u0107 w tym przypadku do czynienia z chorob\u0105 psychiczn\u0105. Ale jako\u015b nie przeszkodzi\u0142a ona w drobiazgowym zaplanowaniu i przeprowadzeniu ataku. W dodatku chory psychicznie by\u0142 tak\u017ce Eligiusz Niewiadomski, kt\u00f3ry zamordowa\u0142 prezydenta Gabriela Narutowicza. Nie przeszkodzi\u0142o to w skazaniu na kar\u0119 g\u0142\u00f3wn\u0105, kt\u00f3rej zreszt\u0105 sam si\u0119 domaga\u0142.<\/p>\r\n<p>Czas wi\u0119c przywr\u00f3ci\u0107 w Polsce kar\u0119 \u015bmierci, rezerwuj\u0105c j\u0105 dla tak drastycznych przypadk\u00f3w. By nikt wi\u0119cej nie pozwoli\u0142 sobie na pope\u0142nianie zbrodni na oczach tysi\u0119cy ludzi, a potem na che\u0142pienie si\u0119 ni\u0105.<\/p>\r\n<p class=\"zrodlo\">Za: <a href=\"https:\/\/nczas.com\/2019\/01\/14\/sommer-zamiast-maszerowac-przeciwko-nienawisci-trzeba-przywrocic-kare-smierci-stefan-w-na-nia-zasluguje\/\">Najwy\u017cszy Czas! (<time class=\"entry-date updated td-module-date\" datetime=\"2019-01-14T15:39:16+00:00\">14\/01\/2019)<\/time><\/a><\/p>\r\n<h4>&nbsp;<\/h4>\r\n<hr style=\"background-color: #000000; border-width: 0; color: #000000; height: 2px; line-height: 0; text-align: center; width: 100%;\">\r\n<h4>&nbsp;<\/h4>\r\n<h2>Mocny wpis blogera! Co si\u0119 stanie ze Stefanem W.? \u201eWr\u00f3ci do wi\u0119zienia, zajmie najlepsz\u0105 prycz\u0119 bo b\u0119dzie najwy\u017cej w hierarchii i b\u0119dzie sobie gra\u0142 w Playstation i pakowa\u0142 na si\u0142owni za pieni\u0105dze podatnik\u00f3w\u201d<\/h2>\r\n<p><strong>Obywatel D.C. w mocnych s\u0142owach ukazuje, co stanie si\u0119 z kryminalist\u0105-recydywist\u0105 w socjalistycznym polskim pa\u0144stwie. Stefan W. nie b\u0119dzie cierpia\u0142. Zwraca te\u017c uwag\u0119, \u017ce mimo obecnie rzucanych deklaracji o jedno\u015bci, to obie strony POPiS-u nakr\u0119caj\u0105 przemys\u0142 pogardy, na kt\u00f3ry \u0142api\u0105 si\u0119 miliony obywateli.<\/strong><\/p>\r\n<p style=\"text-align: center;\"><img decoding=\"async\" class=\"aligncenter\" title=\"stefan_wilmont\" src=\"https:\/\/nczas.com\/wp-content\/uploads\/2019\/01\/stefan_wilmont.jpg\" alt=\"Stefan W. - to on chcia\u0142 zabi\u0107 Adamowicza. Foto: policja\" width=\"568\" height=\"382\"><em>Stefan W. &#8211; to on chcia\u0142 zabi\u0107 Adamowicza. Foto: policja<\/em><\/p>\r\n<p>&#8211; <em>Smutek\u2026 \u017cal. Ogromnie mi \u017cal p. Adamowicza i jego rodziny. Nie zamierzam jednak siedzie\u0107 cicho na temat przyczyn. Ta pozorowana wojna mi\u0119dzy PiS i PO i ich nieudolno\u015b\u0107 przynosi niestety realne ofiary<\/em> &#8211; napisa\u0142 Obywatel D.C. i przypomnia\u0142 kilka przyk\u0142ad\u00f3w ofiar spor\u00f3w politycznych: Smole\u0144sk w 2010 roku, zabicie Marka Rosiaka przez Ryszarda Cyb\u0119 w pa\u017adzierniku tego samego roku, samospalenia w 2013 i 2017 roku.<\/p>\r\n<p>&#8211; <em>Po tragedii, kiedy p. Adamowicz wykrwawia\u0142 si\u0119 na stole operacyjnym &#8211; pojawi\u0142 si\u0119 atak ze strony Owsiaka na \u201ePlastusie\u201d (obrzydliwa animacja B. Pieli atakuj\u0105ca WO\u015aP wyemitowana w TVP) ale te\u017c ze strony pisowskich wyrobnik\u00f3w &#8211; P. Wielguckiego (Matka Kurka) czy S. Pereiry. Nawet pos\u0142anka Paw\u0142owicz dorzuci\u0142a swoje 3 grosze. Tak jakby jakie\u015b zaje..ne Plastusie i Owsiak byli najwa\u017cniejszym tematem kiedy cz\u0142owiek walczy o \u017cycie<\/em> &#8211; podkre\u015bli\u0142.<\/p>\r\n<p>&#8211; <em>Wzajemne oskar\u017cenia, szczucie, ataki, bujanie emocjami pomi\u0119dzy \u015brodowiskami dw\u00f3ch partii, kt\u00f3re PROGRAMEM SI\u0118 NIE R\u00d3\u0179NI\u0104 (!) doprowadzi\u0142 do tego, \u017ce \u015bwir w Gda\u0144sku dosta\u0142 trigger i zaatakowa\u0142 niewinnego cz\u0142owieka w \u015bwietle kamer. To jest praprzyczyna tego z\u0142a<\/em> &#8211; oceni\u0142 Obywatel D.C.<\/p>\r\n<p>Odni\u00f3s\u0142 si\u0119 tak\u017ce do przysz\u0142o\u015bci Stefana W., zamachowca, kt\u00f3ry zabi\u0142 prezydenta Gda\u0144ska Paw\u0142a Adamowicza.<\/p>\r\n<p>&#8211; <em>Powiem Wam co si\u0119 stanie z napastnikiem z Gda\u0144ska Stefanem W. &#8211; wr\u00f3ci do wi\u0119zienia, zajmie najlepsz\u0105 prycz\u0119 bo b\u0119dzie najwy\u017cej w hierarchii i b\u0119dzie sobie gra\u0142 w Playstation i pakowa\u0142 na si\u0142owni za pieni\u0105dze podatnik\u00f3w. Darmowa szama, darmowa rozrywka, darmowy nocleg i darmowa si\u0142ka &#8211; taka b\u0119dzie kara w pa\u0144stwie POPiS<\/em> &#8211; zapowiedzia\u0142.<\/p>\r\n<p>&#8211; <em>Po jednej stronie mamy tragedi\u0119 i \u015bmier\u0107 niewinnego cz\u0142owieka, kt\u00f3ry notabene wypisa\u0142 si\u0119 z POPiS! A po drugiej stronie mamy polityczne byd\u0142o, wzajemne ataki, nieudolno\u015b\u0107 i kosmetyk\u0119 w rz\u0105dzeniu<\/em> &#8211; napisa\u0142.<\/p>\r\n<p><iframe src=\"https:\/\/www.facebook.com\/plugins\/post.php?href=https%3A%2F%2Fwww.facebook.com%2FObywatelDCofficial%2Fposts%2F491641931243199&amp;width=500\" scrolling=\"no\" data-mce-fragment=\"1\" width=\"500\" height=\"480\" frameborder=\"0\"><\/iframe><\/p>\r\n<p><em>\u0179r\u00f3d\u0142o: facebook.com<\/em><\/p>\r\n<p class=\"zrodlo\">Za: <a href=\"https:\/\/nczas.com\/2019\/01\/14\/mocny-wpis-blogera-co-sie-stanie-ze-stefanem-w-wroci-do-wiezienia-zajmie-najlepsza-prycze-bo-bedzie-najwyzej-w-hierarchii-i-bedzie-sobie-gral-w-playstation-i-pakowal-na-silowni-za-pieniadze-poda\/\">Najwy\u017cszy Czas! (<time class=\"entry-date updated td-module-date\" datetime=\"2019-01-14T15:39:16+00:00\">14\/01\/2019)<\/time><\/a><\/p>\r\n<h4>&nbsp;<\/h4>\r\n<hr style=\"background-color: #000000; border-width: 0; color: #000000; height: 2px; line-height: 0; text-align: center; width: 100%;\">\r\n<h4>&nbsp;<\/h4>\r\n<h2>Czy b\u0119d\u0105 malowa\u0107 te\u017c kredkami po ulicy? Po zamachu na Adamowicza prezydent Duda organizuje marsz przeciwko przemocy i nienawi\u015bci<\/h2>\r\n<p><strong>&#8211; <em>Prezydent Andrzej Duda zaprosi\u0142 na godz. 16 do Pa\u0142acu Prezydenckiego szef\u00f3w parlamentarnych partii politycznych, by om\u00f3wi\u0107 inicjatyw\u0119 zorganizowania we wtorek w Gda\u0144sku wsp\u00f3lnego marszu przeciwko przemocy i nienawi\u015bci<\/em> &#8211; poinformowa\u0142 rzecznik prezydenta B\u0142a\u017cej Spychalski. Jak doda\u0142, marsz mia\u0142by odby\u0107 si\u0119 wieczorem.<\/strong><\/p>\r\n<p>W spotkaniu u prezydenta Andrzeja Dudy o godz. 16.00 wezm\u0105 udzia\u0142 r\u00f3wnie\u017c premier Mateusz Morawiecki i szef MSWiA Joachim Brudzi\u0144ski<\/p>\r\n<p>W niedziel\u0119 wieczorem Pawe\u0142 Adamowicz zosta\u0142 zaatakowany no\u017cem w Gda\u0144sku przez 27-letniego Stefana W., kt\u00f3ry podczas fina\u0142u WO\u015aP wtargn\u0105\u0142 na scen\u0119. Prezydent Gda\u0144ska trafi\u0142 do Uniwersyteckiego Centrum Klinicznego w Gda\u0144sku. W nocy po pi\u0119ciogodzinnej operacji poinformowano, \u017ce pacjent \u017cyje, ale jest w bardzo ci\u0119\u017ckim stanie.<\/p>\r\n<p>W poniedzia\u0142ek przed godz. 13 lekarze poinformowali, \u017ce stan prezydenta Gda\u0144ska jest nadal bardzo ci\u0119\u017cki, a rokowanie niezwykle niepewne.<\/p>\r\n<p>&#8211; <em>Stan nadal bardzo ci\u0119\u017cki, rokowania niepewne. Potrzebujemy wi\u0119cej czasu, \u017ceby co\u015b Pa\u0144stwu powiedzie\u0107. Walczymy<\/em> &#8211; m\u00f3wi\u0142 na konferencji prasowej Dyrektor Wydzia\u0142u Zdrowia Pomorskiego Urz\u0119du Wojew\u00f3dzkiego w Gda\u0144sku lek. med. Jerzy Karpi\u0144ski.<\/p>\r\n<p>&#8211; <em>Stan pana prezydenta jest nadal bardzo ci\u0119\u017cki, rokowania niepewne. Nadal potrzebujemy czasu, \u017ceby m\u00f3c pa\u0144stwo co\u015b konkretnie powiedzie\u0107. Walczymy. Aktualnie jest to o\u015bmioosobowy zesp\u00f3\u0142 z\u0142o\u017cony z profesor\u00f3w dziedzin, kt\u00f3re s\u0105 kluczowe w tej sytuacji, czyli pocz\u0105wszy od intensywnej terapii, specjali\u015bci chirurgii og\u00f3lnej, kardiochirurgii, kardioanestezjologii, chirurgii klatki piersiowej<\/em> &#8211; ca\u0142y szereg os\u00f3b, kt\u00f3re po\u015bwi\u0119caj\u0105 sw\u00f3j czas, \u017ceby wspom\u00f3c t\u0119 batali\u0119 m\u00f3wi\u0142.<\/p>\r\n<p>Jak doda\u0142, prezydent Adamowicz \u201enie oddycha samodzielnie, jest tak\u017ce wspomagany poprzez aparatur\u0119, kt\u00f3ra zast\u0119puje jego serce i p\u0142uca\u201d.<\/p>\r\n<p>Do podobnej akcji wzywa te\u017c prezydent Warszawy, Rafa\u0142 Trzaskowski. &#8211; <em>O godzinie 18.00 spotkajmy si\u0119 pod Pa\u0142acem Kultury, aby w milczeniu wspiera\u0107 @AdamowiczPawel. B\u0119d\u0119 ja, b\u0119dzie @SchetynadlaPO, b\u0119dzie wielu naszych przyjaci\u00f3\u0142. To, co mo\u017cemy zrobi\u0107, to okazanie solidarno\u015bci i wsparcia. Niech b\u0119dzie nas jak najwi\u0119cej<\/em> &#8211; napisa\u0142 na Twitterze.<\/p>\r\n<p>Na jego zaproszenie pozytywnie odpowiedzia\u0142 warszawski PiS. &#8211; <em>B\u0119dziemy. Jako \u015brodowisko @warszawskipis przyjdziemy wyrazi\u0107 solidarno\u015b\u0107 z prezydentem Adamowiczem i Jego Rodzin\u0105<\/em> &#8211; odpowiedzia\u0142 profil warszawski partii rz\u0105dz\u0105cej.<\/p>\r\n<p class=\"zrodlo\">Za: <a href=\"https:\/\/nczas.com\/2019\/01\/14\/czy-beda-malowac-tez-kredkami-po-ulicy-po-zamachu-na-adamowicza-prezydent-duda-organizuje-marsz-przeciwko-przemocy-i-nienawisci\/\">Najwy\u017cszy Czas! (<time class=\"entry-date updated td-module-date\" datetime=\"2019-01-14T14:31:20+00:00\">14\/01\/2019)<\/time><\/a><\/p>\r\n<h4>&nbsp;<\/h4>\r\n<hr style=\"background-color: #000000; border-width: 0; color: #000000; height: 2px; line-height: 0; text-align: center; width: 100%;\">\r\n<h4>&nbsp;<\/h4>","protected":false},"excerpt":{"rendered":"Natychmiast po \u015bmierci prezydenta Paw\u0142a Adamowicza, kt\u00f3ry zosta\u0142 wczoraj ugodzony no\u017cem przez bandyt\u0119 Stefana W. prokuratura prowadz\u0105ca \u015bledztwo w tej sprawie zmieni\u0142a kwalifikacj\u0119 czynu na zab\u00f3jstwo. Mordercy grozi wi\u0119c 25 lat wi\u0119zienia albo do\u017cywocie. Tymczasem nale\u017cy mu si\u0119 kara \u015bmierci. Stefan W. &#8211; zabi\u0142 prezydenta Gda\u0144ska Paw\u0142a Adamowicza. Foto: yt, fb Zbrodnia jakiej dopu\u015bci\u0142 si\u0119 [&hellip;]","protected":false},"author":1,"featured_media":0,"comment_status":"closed","ping_status":"closed","sticky":false,"template":"","format":"standard","meta":{"_acf_changed":false,"_monsterinsights_skip_tracking":false,"_monsterinsights_sitenote_active":false,"_monsterinsights_sitenote_note":"","_monsterinsights_sitenote_category":0,"ngg_post_thumbnail":0,"footnotes":"","_wp_rev_ctl_limit":""},"categories":[8],"tags":[175,114,98],"acf":[],"_links":{"self":[{"href":"https:\/\/www.bibula.com\/index.php?rest_route=\/wp\/v2\/posts\/106201"}],"collection":[{"href":"https:\/\/www.bibula.com\/index.php?rest_route=\/wp\/v2\/posts"}],"about":[{"href":"https:\/\/www.bibula.com\/index.php?rest_route=\/wp\/v2\/types\/post"}],"author":[{"embeddable":true,"href":"https:\/\/www.bibula.com\/index.php?rest_route=\/wp\/v2\/users\/1"}],"replies":[{"embeddable":true,"href":"https:\/\/www.bibula.com\/index.php?rest_route=%2Fwp%2Fv2%2Fcomments&post=106201"}],"version-history":[{"count":0,"href":"https:\/\/www.bibula.com\/index.php?rest_route=\/wp\/v2\/posts\/106201\/revisions"}],"wp:attachment":[{"href":"https:\/\/www.bibula.com\/index.php?rest_route=%2Fwp%2Fv2%2Fmedia&parent=106201"}],"wp:term":[{"taxonomy":"category","embeddable":true,"href":"https:\/\/www.bibula.com\/index.php?rest_route=%2Fwp%2Fv2%2Fcategories&post=106201"},{"taxonomy":"post_tag","embeddable":true,"href":"https:\/\/www.bibula.com\/index.php?rest_route=%2Fwp%2Fv2%2Ftags&post=106201"}],"curies":[{"name":"wp","href":"https:\/\/api.w.org\/{rel}","templated":true}]}}