{"id":1062,"date":"2007-06-14T00:00:00","date_gmt":"2007-06-14T00:00:00","guid":{"rendered":""},"modified":"-0001-11-30T00:00:00","modified_gmt":"-0001-11-30T04:00:00","slug":"","status":"publish","type":"post","link":"https:\/\/www.bibula.com\/?p=1062","title":{"rendered":"Austria: Dzieci antysyjonistycznego dzia\u0142acza \u017cydowskiego relegowane ze szko\u0142y \u017cydowskiej"},"content":{"rendered":"<p>Przemys\u0142 Holokaustu w swej nienawi\u015bci do ludzi my\u015bl\u0105cych inaczej nie szcz\u0119dzi nawet najbardziej ortodoksyjnych \u017byd\u00f3w. Z najstarszej szko\u0142y \u017cydowskiej w Wiedniu usuni\u0119to pi\u0119cioro dzieci rabina Moishe Aryeh Friedmana, kt\u00f3rego syjonistyczne organizacje pot\u0119pi\u0142y gdy odwa\u017cy\u0142 si\u0119 uczestniczy\u0107 w zorganizowanej w Teheranie Konferencji na temat Holokaustu.<BR \/>\r\nOrganizacje \u017cydowskie maj\u0105 sobie za nic nawet prawo i rabinowi Friedman nie pomog\u0142o  korzystne dla niego orzeczenie  s\u0105du austriackiego. Nie pomog\u0142y r\u00f3wnie\u017c  zas\u0105dzone olbrzymie kary pieni\u0119\u017cne na\u0142o\u017cone na szko\u0142\u0119 &#8211; wynosz\u0105ce przesz\u0142o 600 tysi\u0119cy Euro i powi\u0119kszaj\u0105ce si\u0119  ka\u017cdego dnia &#8211;   ani  gro\u017aba zamkni\u0119cia szko\u0142y. Josef Klein,  dyrektor szkoly <em>Machzikei Hadas<\/em>, przy wsparciu organizacji \u017cydowskich w Austrii, nie zgadza si\u0119 na przyj\u0119cie z powrotem  do szko\u0142y dzieci rabina Friedmana.  <\/p>\r\n<p>Wiede\u0144ski s\u0105d pocz\u0105tkowo wyda\u0142 orzeczenie przychylaj\u0105ce si\u0119 do stanowiska szkoly, lecz s\u0105d federalny oceni\u0142 spraw\u0119 odmiennie twierdz\u0105c, \u017ce czw\u00f3rka starszych dzieci Friedmana, c\u00f3rki w wieku od 8 do 13 lat, musz\u0105 by\u0107 przyj\u0119te z powrotem do szkoly. 35-letni rabin Friedman uwa\u017ca, \u017ce jego dzieci zosta\u0142y niesprawiedliwie potraktowane, jednak  szko\u0142a broni si\u0119 m\u00f3wi\u0105c, i\u017c &#8222;ochrania swoich uczni\u00f3w przed m\u0142odymi, kt\u00f3rych rodzice entyzjastycznie popieraj\u0105 antyizraelskie opinie oraz rewizjonizm Holokaustu.&#8221;<\/p>\r\n<p>Austriackie Ministerstwo Edukacji zaproponowa\u0142o rodzicom pa\u0144stwa Friedman umieszczenie dzieci w szkole publicznej, lecz rabin Friedman twierdzi, \u017ce tego typu szko\u0142y nie s\u0105 odpowiednie dla jego dzieci. Proces odwo\u0142awczy mo\u017ce przeci\u0105ga\u0107 si\u0119 nawet przez wiele lat i nieznane jest na razie rozwi\u0105zanie tego sporu. <\/p>\r\n<p>W wywiadzie dla izraelskiej agencji prasowej <em>JTA<\/em>, rabin Friedman powiedzia\u0142, \u017ce: &#8222;Szko\u0142a u\u017cywa nazistowskich metod wobec swoich w\u0142asnych \u017byd\u00f3w. To s\u0105 \u017cydowscy gangsterzy.  Izraelska ochrona  nie dopuszcza moich dzieci do szko\u0142y.&#8221; <\/p>\r\n<p>Chasydzki rabin Friedman zosta\u0142 pot\u0119piony przez syjonistyczne \u015brodowiska, gdy\u017c podczas konferencji w Teheranie stwierdzi\u0142, \u017ce nie zgadza si\u0119 z syjonistyczn\u0105 ocen\u0105 dotycz\u0105c\u0105 liczby zamordowanych podczas &#8222;Holokaustu&#8221; \u017byd\u00f3w, <strong>kt\u00f3ra wed\u0142ug niego wynosi jeden  milion, a nie 6 milion\u00f3w.<\/strong><\/p>\r\n<p>Wobec dzia\u0142alno\u015bci i pogl\u0105d\u00f3w Moishe Aryeh Friedmana, kieruj\u0105cego dzisiaj organizacj\u0105 &#8222;Austriackie Ortodoksyjne Stowarzyszenie Antysyjonistyczne&#8221;, rabinackie s\u0105dy kwestionuj\u0105 jego tytu\u0142 rabina. <\/p>\r\n<p>&nbsp;<\/p>\r\n<p>ZOB. R&Oacute;WNIE\u017b:<\/p>\r\n<ul>\r\n  <li><a class=\"content_sz\" href =\"http:\/\/www.bibula.com\/?p=00929\">Echa KL Auschwitz: Izraelscy \u017bydzi pobili \u017byda austriackiego<\/a><\/li>\r\n  <li><a class=\"content_sz\" href =\"http:\/\/www.bibula.com\/?p=00933\">\u017bydowscy bandyci na ulicach Krakowa<\/a><\/li>\r\n  <li><a class=\"content_sz\" href =\"http:\/\/www.bibula.com\/?p=00931\">Czy potrzebujemy repliki obozu w D\u0119bicy?<\/a><\/li>\r\n  <li><a class=\"content_sz\" href =\"http:\/\/www.bibula.com\/?p=00937\">Germar Rudolf skazany na 30 miesi\u0119cy wi\u0119zienia za &#8222;negowanie Holokaustu&#8221;<\/a><\/li>\r\n  <li><a class=\"content_sz\" href =\"http:\/\/www.bibula.com\/?p=00873\">David Irving: &#8222;W Auschwitz nie by\u0142o kom\u00f3r gazowych&#8221;<\/a><\/li>\r\n  <li><a class=\"content_sz\" href =\"http:\/\/www.bibula.com\/?p=00886\">Obowi\u0105zkowe &#8222;nauczanie o Holokau\u015bcie&#8221; w szko\u0142ach stanu Indiana<\/a><\/li>\r\n  <li><a class=\"content_sz\" href =\"http:\/\/www.bibula.com\/?p=00877\">W\u0142oski rz\u0105d przyj\u0105\u0142 ustaw\u0119 penalizuj\u0105c\u0105 tzw. negowanie Holokaustu<\/a><\/li>\r\n  <li><a class=\"content_sz\" href =\"http:\/\/www.bibula.com\/?p=00857\">Unia Europejska zamierza wprowadzi\u0107 powszechny zakaz tzw. negowania Holokaustu<\/a> <\/li>\r\n  <li><a class=\"content_sz\" href =\"http:\/\/www.bibula.com\/?p=00726\">Rozpocz\u0105\u0142 si\u0119 proces Germara Rudolfa z okar\u017cenia o &#8222;negowanie Holokaustu&#8221;<\/a><\/li>\r\n  <li><a class=\"content_sz\" href =\"http:\/\/www.bibula.com\/?p=00672\">Szwajcarski minister sprawiedliwo\u015bci rozwa\u017ca depenalizacj\u0119 tzw. k\u0142amstwa o\u015bwi\u0119cimskiego<\/a><\/li>\r\n  <li><a class=\"content_sz\" href =\"http:\/\/www.bibula.com\/?p=00691\">Aresztowanie hiszpa\u0144skiego historyka oskar\u017conego o &#8222;negowanie Holokaustu&#8221;<\/a><\/li>\r\n  <li><a class=\"content_sz\" href =\"http:\/\/www.bibula.com\/?p=00615\">S\u0105d francuski skaza\u0142 R. Faurissona za &#8222;k\u0142amstwo o\u015bwi\u0119cimskie&#8221;<\/a><\/li>\r\n  <li><a class=\"content_sz\" href =\"http:\/\/www.bibula.com\/?p=00437\">Holanda kolejnym krajem \u015bcigaj\u0105cym &#8222;k\u0142amstwo o\u015bwi\u0119cimskie&#8221; ?<\/a><\/li>\r\n  <li><a class=\"content_sz\" href =\"http:\/\/www.bibula.com\/?p=00568\">S\u0105d Najwy\u017cszy odrzuca odwo\u0142anie Davida Irvinga<\/a><\/li>\r\n  <li><a class=\"content_sz\" href =\"http:\/\/www.bibula.com\/?p=00469\">Tomasz Winnicki skazany przez s\u0105d kanadyjski na 9 miesi\u0119cy wi\u0119zienia<\/a><\/li>\r\n  <li><a class=\"content_sz\" href =\"http:\/\/www.bibula.com\/?p=00107\">S\u0105d skaza\u0142 Davida Irvinga na 3 lata wi\u0119zienia<\/a><\/li>\r\n  <li><a class=\"content_sz\" href =\"http:\/\/www.bibula.com\/?p=00059\">Socjalistyczna Unia   Europejska wi\u0119zi niewygodnych dzia\u0142aczy i naukowc\u00f3w<\/a><\/li>\r\n  <li><a class=\"content_sz\" href =\"http:\/\/www.ryszardbender.pl\/publikacje\/2000\/nasz_dziennik_72.html\" target=\"_blank\">List prof. Ryszarda Bendera z 2000 roku, zawieraj\u0105cy opini\u0119 o tzw. k\u0142amstwie o\u015bwi\u0119cimskim &#8211; <em>Nasz Dziennik Nr 72, 25-26.03.2000<\/em><\/a><\/li>\r\n<\/ul>\r\n<p>&nbsp;<\/p>\r\n<p>&nbsp; <\/p>\r\n<p><br \/>\r\n<\/p>\r\n\r\n","protected":false},"excerpt":{"rendered":"Przemys\u0142 Holokaustu w swej nienawi\u015bci do ludzi my\u015bl\u0105cych inaczej nie szcz\u0119dzi nawet najbardziej ortodoksyjnych \u017byd\u00f3w. Z najstarszej szko\u0142y \u017cydowskiej w Wiedniu usuni\u0119to pi\u0119cioro dzieci rabina Moishe Aryeh Friedmana, kt\u00f3rego syjonistyczne organizacje pot\u0119pi\u0142y gdy odwa\u017cy\u0142 si\u0119 uczestniczy\u0107 w zorganizowanej w Teheranie Konferencji na temat Holokaustu. Organizacje \u017cydowskie maj\u0105 sobie za nic nawet prawo i rabinowi Friedman [&hellip;]","protected":false},"author":1,"featured_media":0,"comment_status":"closed","ping_status":"open","sticky":false,"template":"","format":"standard","meta":{"_acf_changed":false,"_monsterinsights_skip_tracking":false,"_monsterinsights_sitenote_active":false,"_monsterinsights_sitenote_note":"","_monsterinsights_sitenote_category":0,"ngg_post_thumbnail":0,"footnotes":"","_wp_rev_ctl_limit":""},"categories":[6],"tags":[],"acf":[],"_links":{"self":[{"href":"https:\/\/www.bibula.com\/index.php?rest_route=\/wp\/v2\/posts\/1062"}],"collection":[{"href":"https:\/\/www.bibula.com\/index.php?rest_route=\/wp\/v2\/posts"}],"about":[{"href":"https:\/\/www.bibula.com\/index.php?rest_route=\/wp\/v2\/types\/post"}],"author":[{"embeddable":true,"href":"https:\/\/www.bibula.com\/index.php?rest_route=\/wp\/v2\/users\/1"}],"replies":[{"embeddable":true,"href":"https:\/\/www.bibula.com\/index.php?rest_route=%2Fwp%2Fv2%2Fcomments&post=1062"}],"version-history":[{"count":0,"href":"https:\/\/www.bibula.com\/index.php?rest_route=\/wp\/v2\/posts\/1062\/revisions"}],"wp:attachment":[{"href":"https:\/\/www.bibula.com\/index.php?rest_route=%2Fwp%2Fv2%2Fmedia&parent=1062"}],"wp:term":[{"taxonomy":"category","embeddable":true,"href":"https:\/\/www.bibula.com\/index.php?rest_route=%2Fwp%2Fv2%2Fcategories&post=1062"},{"taxonomy":"post_tag","embeddable":true,"href":"https:\/\/www.bibula.com\/index.php?rest_route=%2Fwp%2Fv2%2Ftags&post=1062"}],"curies":[{"name":"wp","href":"https:\/\/api.w.org\/{rel}","templated":true}]}}