{"id":106169,"date":"2019-01-12T09:36:08","date_gmt":"2019-01-12T14:36:08","guid":{"rendered":"http:\/\/www.bibula.com\/?p=106169"},"modified":"2019-01-12T09:36:08","modified_gmt":"2019-01-12T14:36:08","slug":"ewa-siemaszko-ukraina-jako-panstwo-akceptuje-zbrodnie-ludobojstwa","status":"publish","type":"post","link":"https:\/\/www.bibula.com\/?p=106169","title":{"rendered":"Ewa Siemaszko: Ukraina jako pa\u0144stwo akceptuje zbrodnie ludob\u00f3jstwa"},"content":{"rendered":"<p><strong>Je\u015bli pa\u0144stwowo rozgrzesza si\u0119 zbrodniarzy, nadaj\u0105c im tytu\u0142 kombatancki, to znaczy, \u017ce Ukraina jako pa\u0144stwo akceptuje zbrodnie ludob\u00f3jstwa, akceptuje zbrodnie przeciwko ludzko\u015bci &#8211; powiedzia\u0142a Ewa Siemaszko, badaczka zbrodni OUN-UPA na Polakach.<\/strong><\/p>\r\n<p class=\"second\" align=\"justify\">W pi\u0105tek na antenie Radia Maryja Ewa Siemaszko, badaczka ludob\u00f3jstwa wo\u0142y\u0144sko-ma\u0142opolskiego odnios\u0142a si\u0119 do ukrai\u0144skiej nowelizacji ustawy, nadaj\u0105cej status weterana i uprawnienia kombatanckie wszystkim cz\u0142onkom zbrodniczej Ukrai\u0144skiej Powsta\u0144czej Armii. <a href=\"https:\/\/kresy.pl\/wydarzenia\/regiony\/ukraina\/poroszenko-podpisal-ustawe-przyznajaca-czlonkom-upa-prawa-weteranow-wojennych\/\">W grudniu podpisa\u0142 j\u0105 prezydent Ukrainy Petro Poroszenko<\/a>. Nale\u017cy zaznaczy\u0107, \u017ce nowa ustawa uwzgl\u0119dnia tak\u017ce osoby, kt\u00f3re bra\u0142y czynny udzia\u0142 w zbrodniach przeciwko ludzko\u015bci i masowych mordach.<\/p>\r\n<p><em>&#8211; Ten fakt ma znaczenie przede wszystkim og\u00f3lnoludzkie &#8211;<\/em> uwa\u017ca Ewa Siemaszko. <strong>&#8211;<\/strong><em><strong> Je\u015bli pa\u0144stwowo rozgrzesza si\u0119 zbrodniarzy, nadaj\u0105c im tytu\u0142 kombatancki, to znaczy, \u017ce Ukraina jako pa\u0144stwo akceptuje zbrodnie ludob\u00f3jstwa, akceptuje zbrodnie przeciwko ludzko\u015bci.<\/strong> To jest przera\u017caj\u0105ce, bo taka oficjalna afirmacja zbrodni stanowi punkt wyj\u015bcia do pope\u0142niania podobnych zbrodni w innych okoliczno\u015bciach i w innym czasie, czyli w przysz\u0142o\u015bci.<\/em><\/p>\r\n<p>Wcze\u015bniejsza wersja ustawy wyklucza\u0142a osoby, kt\u00f3re dopu\u015bci\u0142y si\u0119 zbrodni przeciwko ludzko\u015bci i pokojowi, czyli uczestnik\u00f3w rzezi wo\u0142y\u0144skiej czy holokaustu. Zapis ten zosta\u0142 wykre\u015blony i zast\u0105piony takim, kt\u00f3ry umo\u017cliwia uzyskanie uprawnie\u0144 kombatanckich przez osoby nale\u017c\u0105ce do zbrojnych formacji nacjonalistycznych, w tym r\u00f3wnie\u017c tych skazanych za zab\u00f3jstwa w czasach sowieckich i niezrehabilitowanych po 1991 roku. Odpowiednia poprawka zosta\u0142a przed\u0142o\u017cona przez Jurija Szuchewycza, deputowanego Partii Radykalnej O\u0142eha Laszki i syna g\u0142\u00f3wnodowodz\u0105cego UPA, Romana Szuchewycza, zbrodniarza odpowiedzialnego za mordy na Polakach.<\/p>\r\n<p>Badaczka zauwa\u017cy\u0142a, \u017ce Polska i Ukraina kieruj\u0105 si\u0119 zupe\u0142nie innymi torami my\u015blenia i ocen historycznych, kt\u00f3re nie maj\u0105 z sob\u0105 \u017cadnych punkt\u00f3w stycznych. <em>&#8211; Tym bardziej po tej nowelizacji ustawy, daj\u0105cej kombatanctwo i honory wszystkim cz\u0142onkom UPA, a wi\u0119kszo\u015b\u0107 z nich niestety by\u0142a mordercami. Styku mi\u0119dzy nasz\u0105 a ukrai\u0144sk\u0105 polityk\u0105 zagraniczn\u0105 nie mo\u017ce wi\u0119c by\u0107<\/em>.<\/p>\r\n<p>Siemaszko podkre\u015bla, \u017ce OUN i UPA by\u0142y formacjami totalitarnymi, kt\u00f3re terrorem zmusza\u0142y spo\u0142ecze\u0144stwo ukrai\u0144skie do podporz\u0105dkowania. Zauwa\u017cy\u0142a, \u017ce na Ukrainie si\u0119 o tym nie m\u00f3wi.<\/p>\r\n<p><em>&#8211; Wszyscy, kt\u00f3rzy zgin\u0119li z r\u0105k UPA, s\u0105 uwa\u017cani za zdrajc\u00f3w rangi narodowej, wsp\u00f3\u0142pracownik\u00f3w Moskwy, co [w wi\u0119kszo\u015bci &#8211; RIRM] nie jest prawd\u0105. Bior\u0105c chocia\u017cby pod uwag\u0119, \u017ce nawet je\u015bli tacy byli, to ich rodziny nie powinny by\u0107 maltretowane, niszczone, dlatego \u017ce kto\u015b &#8211; w rozumieniu nacjonalist\u00f3w &#8211; sprzeniewierzy\u0142 si\u0119 sprawie ukrai\u0144skiej.<\/em><\/p>\r\n<p>Badaczka doda\u0142a, \u017ce stosowanie odpowiedzialno\u015bci zbiorowej, do tego \u201ew tak makabryczny spos\u00f3b\u201d, dodatkowo obci\u0105\u017ca UPA z punktu widzenia Ukrai\u0144c\u00f3w. Zwr\u00f3ci\u0142a te\u017c uwag\u0119, \u017ce na Ukrainie s\u0105 rzetelni badacze, historycy czy nawet zwykli ludzie, kt\u00f3rzy znaj\u0105 prawd\u0119 i maj\u0105 zdrowy stosunek do nacjonalizmu ukrai\u0144skiego, nie b\u0119d\u0105 w stanie przeciwstawi\u0107 si\u0119 temu w jakikolwiek spos\u00f3b. St\u0105d, jak uwa\u017ca, na Ukrainie zapewne b\u0119dzie w tej sprawie milczenie. Z kolei \u201eci, kt\u00f3rzy zdob\u0119d\u0105 si\u0119 na odwag\u0119, b\u0119d\u0105 w jaki\u015b spos\u00f3b szykanowani\u201d. Siemaszko uwa\u017ca te\u017c, \u017ce r\u00f3wnie\u017c sytuacja wewn\u0119trzna na Ukrainie nie b\u0119dzie sprzyja\u0142a ujawnianiu prawdy.<\/p>\r\n<p>Obok cz\u0142onk\u00f3w UPA, kt\u00f3ra jest odpowiedzialna za przeprowadzenie ludob\u00f3jstwa Polak\u00f3w na Kresach Po\u0142udniowo-Wschodnich, w poczet weteran\u00f3w walki o niepodleg\u0142\u0105 Ukrain\u0119 zostali zaliczeni tak\u017ce cz\u0142onkowie Ukrai\u0144skiego Organizacji Wojskowej prowadz\u0105cej w latach 20 XX wieku dzia\u0142alno\u015b\u0107 terrorystyczn\u0105 przeciw Polsce i organizuj\u0105c\u0105 dzia\u0142alno\u015b\u0107 szpiegowsk\u0105 na rzecz Niemiec, Karpackiej Siczy &#8211; przedwojennej organizacji separatystycznej dzia\u0142aj\u0105cej na Zakarpaciu w latach 1938-1939, zbrojnych oddzia\u0142\u00f3w ludob\u00f3jczej Organizacji Ukrai\u0144skich Nacjonalist\u00f3w przed powstaniem UPA.<\/p>\r\n<ul>\r\n\t<li>Czytaj tak\u017ce: <a href=\"https:\/\/kresy.pl\/wydarzenia\/ewa-siemaszko-potrzebna-jest-analiza-co-ukraina-daje-polsce\/\">Ewa Siemaszko: potrzebna jest analiza, co Ukraina daje Polsce <\/a><\/li>\r\n\t<li>Przeczytaj wi\u0119cej: <a href=\"https:\/\/kresy.pl\/wydarzenia\/ukrainski-parlament-przyznal-czlonkom-upa-uprawnienia-kombatanckie\/\">Ukrai\u0144ski parlament przyzna\u0142 cz\u0142onkom UPA uprawnienia kombatanckie<\/a><\/li>\r\n<\/ul>\r\n<p>RIRM \/ Kresy.pl<\/p>","protected":false},"excerpt":{"rendered":"Je\u015bli pa\u0144stwowo rozgrzesza si\u0119 zbrodniarzy, nadaj\u0105c im tytu\u0142 kombatancki, to znaczy, \u017ce Ukraina jako pa\u0144stwo akceptuje zbrodnie ludob\u00f3jstwa, akceptuje zbrodnie przeciwko ludzko\u015bci &#8211; powiedzia\u0142a Ewa Siemaszko, badaczka zbrodni OUN-UPA na Polakach. W pi\u0105tek na antenie Radia Maryja Ewa Siemaszko, badaczka ludob\u00f3jstwa wo\u0142y\u0144sko-ma\u0142opolskiego odnios\u0142a si\u0119 do ukrai\u0144skiej nowelizacji ustawy, nadaj\u0105cej status weterana i uprawnienia kombatanckie wszystkim [&hellip;]","protected":false},"author":1,"featured_media":0,"comment_status":"closed","ping_status":"closed","sticky":false,"template":"","format":"standard","meta":{"_acf_changed":false,"_monsterinsights_skip_tracking":false,"_monsterinsights_sitenote_active":false,"_monsterinsights_sitenote_note":"","_monsterinsights_sitenote_category":0,"ngg_post_thumbnail":0,"footnotes":"","_wp_rev_ctl_limit":""},"categories":[9],"tags":[167,17],"acf":[],"_links":{"self":[{"href":"https:\/\/www.bibula.com\/index.php?rest_route=\/wp\/v2\/posts\/106169"}],"collection":[{"href":"https:\/\/www.bibula.com\/index.php?rest_route=\/wp\/v2\/posts"}],"about":[{"href":"https:\/\/www.bibula.com\/index.php?rest_route=\/wp\/v2\/types\/post"}],"author":[{"embeddable":true,"href":"https:\/\/www.bibula.com\/index.php?rest_route=\/wp\/v2\/users\/1"}],"replies":[{"embeddable":true,"href":"https:\/\/www.bibula.com\/index.php?rest_route=%2Fwp%2Fv2%2Fcomments&post=106169"}],"version-history":[{"count":0,"href":"https:\/\/www.bibula.com\/index.php?rest_route=\/wp\/v2\/posts\/106169\/revisions"}],"wp:attachment":[{"href":"https:\/\/www.bibula.com\/index.php?rest_route=%2Fwp%2Fv2%2Fmedia&parent=106169"}],"wp:term":[{"taxonomy":"category","embeddable":true,"href":"https:\/\/www.bibula.com\/index.php?rest_route=%2Fwp%2Fv2%2Fcategories&post=106169"},{"taxonomy":"post_tag","embeddable":true,"href":"https:\/\/www.bibula.com\/index.php?rest_route=%2Fwp%2Fv2%2Ftags&post=106169"}],"curies":[{"name":"wp","href":"https:\/\/api.w.org\/{rel}","templated":true}]}}