{"id":105934,"date":"2018-12-26T18:07:38","date_gmt":"2018-12-26T23:07:38","guid":{"rendered":"http:\/\/www.bibula.com\/?p=105934"},"modified":"2018-12-26T18:07:38","modified_gmt":"2018-12-26T23:07:38","slug":"rozwoj-tradycji-katolickiej-na-sri-lance","status":"publish","type":"post","link":"https:\/\/www.bibula.com\/?p=105934","title":{"rendered":"Rozw\u00f3j Tradycji katolickiej na Sri Lance"},"content":{"rendered":"<p>Wedle tradycji \u015bw. Tomasz Aposto\u0142 ok. 52 r. po Chrystusie nawraca\u0142 po\u0142udniowe Indie; stamt\u0105d 20 lat p\u00f3\u017aniej Ewangelia dotar\u0142a na pobliski Cejlon. Najstarsze znane archeologiczne \u015blady chrze\u015bcija\u0144stwa na wyspie stanowi\u0105 monety i granitowy \u201ekrzy\u017c \u015bw. Tomasza\u201d z V w. Obecno\u015b\u0107 chrze\u015bcijan utrzyma\u0142a si\u0119 tam w ci\u0105gu wiek\u00f3w, jednak w stosunku do pogan pozostawali oni w mniejszo\u015bci. W XIV w. tamtejsi nestorianie dokonali unii z Ko\u015bcio\u0142em rzymskokatolickim, za\u015b w czasie swej podr\u00f3\u017cy do Chin franciszkanin Jan z Marignolli nawiedzi\u0142 kraj jako legat papieski. W 1543 r. \u015bw. Franciszek Ksawery &#8211; b\u0105d\u017a wys\u0142any przez niego kap\u0142an &#8211; przyby\u0142 na Cejlon, katechizuj\u0105c ochrzczonych par\u0119 lat wcze\u015bniej przez portugalskich misjonarzy marynarzy i chrzcz\u0105c nowych. Wielu z nich, ok. 600, ponios\u0142o par\u0119 lat p\u00f3\u017aniej \u015bmier\u0107 m\u0119cze\u0144sk\u0105.<\/p>\r\n<p><img fetchpriority=\"high\" decoding=\"async\" class=\"aligncenter\" src=\"https:\/\/news.fsspx.pl\/wp-content\/uploads\/Negombo-kosciol-300x225.jpg\" width=\"592\" height=\"444\"><\/p>\r\n<p style=\"text-align: center;\"><em>Ko\u015bci\u00f3\u0142 pw. Matki Bo\u017cej z Guadalupe w Negombo<\/em><\/p>\r\n<p>Obecnie katolicy stanowi\u0105 ok. 6,2% w\u015br\u00f3d 21,5 milionowej populacji wyspy, zdominowanej przez buddyst\u00f3w (ok. 70%) i wyznawc\u00f3w hinduizmu (ok. 13%). Kap\u0142ani z Bractwa \u015aw. Piusa X odwiedzili Sri Lank\u0119 po raz pierwszy w 1986 r., a wi\u0119c jeszcze za \u017cycia za\u0142o\u017cyciela Bractwa, abp. Marcelego Lefebvre\u2019a (\u201d\u00a01991). Dziesi\u0119\u0107 lat p\u00f3\u017aniej otwarto przeorat \u015bw. Franciszka Ksawerego, cho\u0107 przez d\u0142u\u017cszy czas apostolat pozostawa\u0142 ograniczony wzgl\u0119dami kadrowymi i materialnymi. Przez wiele lat kaplica mie\u015bci\u0142a si\u0119 w przebudowanym na ten cel gara\u017cu samochodowym, do kt\u00f3rego dodano wiat\u0119 s\u0142u\u017c\u0105c\u0105 wiernym za naw\u0119. Ok. 2010 r. postawiono obok niej dzwonnic\u0119, niemniej z zewn\u0105trz ca\u0142o\u015b\u0107 przypomina\u0142a raczej zb\u00f3r \u015awiadk\u00f3w Jehowy ni\u017c katolickie miejsce kultu.<\/p>\r\n<p>Prze\u0142om nast\u0105pi\u0142 21 kwietnia 2016 r. Tego dnia bp Bernard Fellay, \u00f3wczesny prze\u0142o\u017cony generalny Bractwa, dokona\u0142 po\u015bwi\u0119cenia i wmurowania kamienia w\u0119gielnego (z relikwiami \u015bw. Filomeny) pod maj\u0105cy powsta\u0107 w Negombo ko\u015bci\u00f3\u0142 pw. Matki Bo\u017cej z Guadalupe, 30 km na p\u00f3\u0142noc od stolicy Sri Lanki Kolombo. Z kolei po\u015bwi\u0119cenia ko\u015bcio\u0142a dokona\u0142 19 marca 2017 r. \u00f3wczesny prze\u0142o\u017cony Bractwa w Azji, ks. Karol Stehlin FSSPX.<\/p>\r\n<p>Od wrze\u015bnia 2017 r., dzi\u0119ki sta\u0142ej obecno\u015bci kap\u0142ana, w ko\u015bciele pw. Matki Bo\u017cej z Guadalupe Msza \u015bw. wszech czas\u00f3w jest odprawiana codziennie, co umo\u017cliwi\u0142o podwojenie liczby wiernych (z 30 do 60 os\u00f3b) w ci\u0105gu jednego roku. Z b\u0142ogos\u0142awie\u0144stwem Bo\u017cej Opatrzno\u015bci Tradycja katolicka staje si\u0119 te\u017c coraz bardziej znana w\u015br\u00f3d Lankijczyk\u00f3w: w niedziel\u0119 16 grudnia br. w odpustowej procesji ku czci Matki Bo\u017cej z Guadalupe wzi\u0119\u0142o udzia\u0142 a\u017c 200 os\u00f3b.<\/p>\r\n<p><img decoding=\"async\" class=\"aligncenter\" src=\"https:\/\/news.fsspx.pl\/wp-content\/uploads\/Negombo-procesja-300x225.jpg\" width=\"594\" height=\"445\"><\/p>\r\n<p style=\"text-align: center;\"><em>Procesja ku czci Matki Bo\u017cej z Guadalupe, Negombo, 16 XII 2018<\/em><\/p>\r\n<p>Dzi\u0119ki \u0142askom udzielanym za po\u015brednictwem Naj\u015bwi\u0119tszej Maryi Panny ko\u015bci\u00f3\u0142 Bractwa w Sri Lance stopniowo zaczyna by\u0107 traktowany przez tamtejszych katolik\u00f3w jako sanktuarium maryjne. Przeor, ks. Fabrycjusz Loschi FSSPX, otrzymuje od przypadkowych os\u00f3b coraz wi\u0119cej \u015bwiadectw o wys\u0142uchanych przez Matk\u0119 Bo\u017c\u0105 z Guadalupe pr\u00f3\u015bb. Oby opr\u00f3cz wielu \u0142ask doczesnych Niepokalana obdarzy\u0142a mieszka\u0144c\u00f3w Cejlonu czyst\u0105 wiar\u0105 katolick\u0105 i mi\u0142o\u015bci\u0105 nadprzyrodzon\u0105, bez kt\u00f3rych nie spos\u00f3b podoba\u0107 si\u0119 Bogu!<\/p>\r\n<p><strong>\u0179r\u00f3d\u0142a<\/strong><\/p>\r\n<ul>\r\n\t<li><a href=\"http:\/\/laportelatine.org\/international\/communic\/presse\/asie\/2018\/181216_procession_nd_de_guadalupe_negombo_sri_lanka\/181216_procession_nd_de_guadalupe_negombo_sri_lanka.php\" rel=\"external noopener noreferrer\" data-wpel-link=\"external\" data-slimstat=\"5\">16 d\u00c3\u00a9cembre 2018, Negombo (Sri Lanka) : reportage de la 1\u00c3\u00a8re procession publique en l\u2019honneur de Notre-Dame de Guadalupe<\/a> &#8211; tam\u017ce galeria zdj\u0119\u0107<\/li>\r\n\t<li><a href=\"https:\/\/sspx.org\/en\/news-events\/news\/cornerstone-blessing-sri-lanka-15545\" rel=\"external noopener noreferrer\" data-wpel-link=\"external\" data-slimstat=\"5\">A Cornerstone Blessing in Sri Lanka<\/a><\/li>\r\n\t<li><a href=\"https:\/\/sspx.org\/en\/publications\/letters\/october-1986-superior-generals-letter-31-2248\" rel=\"external noopener noreferrer\" data-wpel-link=\"external\" data-slimstat=\"5\">October 1986 &#8211; Superior General\u2019s Letter # 31<\/a><\/li>\r\n<\/ul>","protected":false},"excerpt":{"rendered":"Wedle tradycji \u015bw. Tomasz Aposto\u0142 ok. 52 r. po Chrystusie nawraca\u0142 po\u0142udniowe Indie; stamt\u0105d 20 lat p\u00f3\u017aniej Ewangelia dotar\u0142a na pobliski Cejlon. Najstarsze znane archeologiczne \u015blady chrze\u015bcija\u0144stwa na wyspie stanowi\u0105 monety i granitowy \u201ekrzy\u017c \u015bw. Tomasza\u201d z V w. Obecno\u015b\u0107 chrze\u015bcijan utrzyma\u0142a si\u0119 tam w ci\u0105gu wiek\u00f3w, jednak w stosunku do pogan pozostawali oni w [&hellip;]","protected":false},"author":1,"featured_media":0,"comment_status":"closed","ping_status":"closed","sticky":false,"template":"","format":"standard","meta":{"_acf_changed":false,"_monsterinsights_skip_tracking":false,"_monsterinsights_sitenote_active":false,"_monsterinsights_sitenote_note":"","_monsterinsights_sitenote_category":0,"ngg_post_thumbnail":0,"footnotes":"","_wp_rev_ctl_limit":""},"categories":[3],"tags":[333,32],"acf":[],"_links":{"self":[{"href":"https:\/\/www.bibula.com\/index.php?rest_route=\/wp\/v2\/posts\/105934"}],"collection":[{"href":"https:\/\/www.bibula.com\/index.php?rest_route=\/wp\/v2\/posts"}],"about":[{"href":"https:\/\/www.bibula.com\/index.php?rest_route=\/wp\/v2\/types\/post"}],"author":[{"embeddable":true,"href":"https:\/\/www.bibula.com\/index.php?rest_route=\/wp\/v2\/users\/1"}],"replies":[{"embeddable":true,"href":"https:\/\/www.bibula.com\/index.php?rest_route=%2Fwp%2Fv2%2Fcomments&post=105934"}],"version-history":[{"count":0,"href":"https:\/\/www.bibula.com\/index.php?rest_route=\/wp\/v2\/posts\/105934\/revisions"}],"wp:attachment":[{"href":"https:\/\/www.bibula.com\/index.php?rest_route=%2Fwp%2Fv2%2Fmedia&parent=105934"}],"wp:term":[{"taxonomy":"category","embeddable":true,"href":"https:\/\/www.bibula.com\/index.php?rest_route=%2Fwp%2Fv2%2Fcategories&post=105934"},{"taxonomy":"post_tag","embeddable":true,"href":"https:\/\/www.bibula.com\/index.php?rest_route=%2Fwp%2Fv2%2Ftags&post=105934"}],"curies":[{"name":"wp","href":"https:\/\/api.w.org\/{rel}","templated":true}]}}